{"id":480,"date":"2018-09-17T11:32:32","date_gmt":"2018-09-17T09:32:32","guid":{"rendered":"http:\/\/yavuzalogan.com\/?p=480"},"modified":"2020-07-21T11:35:11","modified_gmt":"2020-07-21T09:35:11","slug":"yeni-bir-nesil-yetisiyor","status":"publish","type":"post","link":"http:\/\/yavuzalogan.com\/?p=480","title":{"rendered":"YEN\u0130 B\u0130R NES\u0130L YET\u0130\u015e\u0130YOR"},"content":{"rendered":"\n<p>Yavuz Alogan<\/p>\n\n\n\n<p>&nbsp;&nbsp;&nbsp;&nbsp;&nbsp;&nbsp;&nbsp;&nbsp; Benim g\u00f6z\u00fcmde Mustafa Solak laikli\u011fi ve bilimsel e\u011fitimi tek ba\u015f\u0131na&nbsp; savunan bir kahramand\u0131r. Konu\u015farak, kitap ve makale yazarak, hatta ki\u015filere tek tek e-posta g\u00f6ndererek laikli\u011fi savunmaktad\u0131r. G\u00f6zleriyle s\u00fcrekli ufuklar\u0131 tarayan, bu y\u00fczden burnunun ucunda olup bitenleri g\u00f6remeyenler i\u00e7in Mustafa Solak bir uyar\u0131 \u00e7an\u0131, bir yang\u0131n kampanas\u0131d\u0131r. \u0130leride bug\u00fcn\u00fcn tarihini gericiler yazarsa \u201claik\u00e7i\u201d bir hain, bizim gibiler yazarsa b\u00fcy\u00fck bir m\u00fccadele adam\u0131 olarak an\u0131lacakt\u0131r, \u00e7\u00fcnk\u00fc fikirleri bulan\u0131k de\u011fil a\u00e7\u0131kt\u0131r, saf\u0131 bellidir.<\/p>\n\n\n\n<p>&nbsp;&nbsp;&nbsp;&nbsp;&nbsp;&nbsp;&nbsp;&nbsp; Gen\u00e7 arkada\u015f\u0131m\u0131z\u0131n <em>Laikli\u011fi Do\u011fru Anlamak<\/em> adl\u0131 kitab\u0131n\u0131 (KaynakYay\u0131nlar\u0131, Nisan 2017) herkesin okumas\u0131, \u00e7al\u0131\u015fma masas\u0131n\u0131n \u00fczerinde bulundurmas\u0131 gerekir. Bu kitap, sadece Osmanl\u0131\u2019dan Cumhuriyet\u2019e laiklik d\u00fc\u015f\u00fcncesinin evrimini, laikli\u011fin T\u00fcrkiye Cumhuriyeti Anayasas\u0131\u2019na giri\u015f \u00f6yk\u00fcs\u00fcn\u00fc anlatmakla kalm\u0131yor,&nbsp; AKP d\u00f6neminde bu \u201cuygarl\u0131k tasar\u0131m\u0131\u201dn\u0131n nas\u0131l yok edildi\u011fini, e\u011fitim \u00f6\u011fretim alan\u0131n\u0131 laiklikten ar\u0131nd\u0131rmak i\u00e7in nas\u0131l sistematik bir faaliyet y\u00fcr\u00fct\u00fcld\u00fc\u011f\u00fcn\u00fc, siyaset kurumunun&nbsp; laikli\u011fi nas\u0131l anlad\u0131\u011f\u0131n\u0131 da belgelerle&nbsp; ayr\u0131nt\u0131l\u0131 olarak a\u00e7\u0131kl\u0131yor.<\/p>\n\n\n\n<p>&nbsp;&nbsp;&nbsp;&nbsp;&nbsp;&nbsp;&nbsp;&nbsp; Mustafa Solak, \u015fimdi de Mill\u00ee E\u011fitim Bakanl\u0131\u011f\u0131\u2019n\u0131n yeni ders kitaplar\u0131n\u0131, e\u011fitim \u00f6\u011fretim m\u00fcfredat\u0131yla birlikte inceliyor ve vard\u0131\u011f\u0131 sonu\u00e7lar\u0131 anlat\u0131yor. \u0130ki \u00f6nemli saptamas\u0131 var. Birincisi, Atat\u00fcrk ve laikli\u011fin bir konu ba\u015fl\u0131\u011f\u0131 olarak yeni ders kitaplar\u0131ndan \u00e7\u0131kar\u0131lm\u0131\u015f olmas\u0131d\u0131r. \u0130kincisi, Din K\u00fclt\u00fcr\u00fc ve Ahlak Bilgisi kitaplar\u0131nda alenen laiklik kar\u015f\u0131tl\u0131\u011f\u0131 ve kad\u0131n d\u00fc\u015fmanl\u0131\u011f\u0131n\u0131n yer almas\u0131d\u0131r.<\/p>\n\n\n\n<p>&nbsp;&nbsp;&nbsp;&nbsp;&nbsp;&nbsp;&nbsp;&nbsp; Birincisi &nbsp;hi\u00e7 yabanc\u0131 de\u011fil.&nbsp; 2023, 2053, hatta 2071\u2019i kendisi i\u00e7in \u201cbir ufuk \u00e7izgisi, bir k\u0131z\u0131l elma\u201d olarak belirleyen AKP\u2019nin bu yolda \u00f6n\u00fcndeki en b\u00fcy\u00fck engelin Mustafa Kemal &nbsp;ve laiklik oldu\u011funu g\u00f6rmemek i\u00e7in&nbsp; d\u00fcped\u00fcz k\u00f6r ya da \u201cm\u00fctedeyyin\u201d kitleden oy bekleyen ilkesiz&nbsp;&nbsp;&nbsp; politikac\u0131 olmak gerekir.<\/p>\n\n\n\n<p>&nbsp;&nbsp;&nbsp;&nbsp;&nbsp;&nbsp;&nbsp;&nbsp; \u015eimdi ben size AKP\u2019nin e\u011fitim \u00f6\u011fretim alan\u0131ndaki uygulamalar\u0131 Anayasa\u2019n\u0131n 42. ve 58. maddelerine ayk\u0131r\u0131d\u0131r; asl\u0131nda T\u00fcrkiye Cumhuriyeti, Anayasa\u2019da denildi\u011fi gibi \u201cba\u015flang\u0131\u00e7ta belirtilen temel ilkelere dayanan, demokratik, laik ve sosyal bir hukuk Devletidir\u201d desem g\u00fclmez misiniz? &nbsp;<\/p>\n\n\n\n<p>&nbsp;&nbsp;&nbsp;&nbsp;&nbsp;&nbsp;&nbsp;&nbsp; &nbsp;\u0130kincisi \u00e7ok daha vahim. Mustafa Solak\u2019\u0131n ilk\u00f6\u011fretimden lise sonuncu s\u0131n\u0131fa&nbsp; kadar okutulan Din K\u00fclt\u00fcr\u00fc ve Ahlak Bilgisi ders kitaplar\u0131ndan yapt\u0131\u011f\u0131 al\u0131nt\u0131lardan AKP\u2019nin benimsedi\u011fi Meden\u00ee Kanun\u2019un 7. as\u0131rda yaz\u0131ld\u0131\u011f\u0131n\u0131 anl\u0131yoruz. Ders kitaplar\u0131nda \u0130sl\u00e2m hukuku modern hukukun yerine ge\u00e7mi\u015ftir. Mustafa Solak\u2019\u0131n s\u00f6zleriyle, \u201cEvlenmeden bo\u015fanmaya, mirasa, bor\u00e7lanmaya, m\u00fclkiyete sosyal hayat\u0131n t\u00fcm hususlar\u0131n\u0131n \u0130slam hukukuna g\u00f6re d\u00fczenlenmesi isteniyor. Bu durumda modern hukukun devreden \u00e7\u0131kar\u0131lmak istendi\u011fi anla\u015f\u0131lmaktad\u0131r.\u201d<\/p>\n\n\n\n<p>&nbsp;&nbsp;&nbsp;&nbsp;&nbsp;&nbsp;&nbsp;&nbsp; AKP Mill\u00ee E\u011fitim\u2019e el att\u0131\u011f\u0131nda 10 ya\u015f\u0131nda olan \u00e7ocuk bug\u00fcn 26 ya\u015f\u0131nda. Toplumda ideolojik hegemonyaya en a\u00e7\u0131k ve duyarl\u0131&nbsp; kesim orta \u00f6\u011frenim gen\u00e7li\u011fidir. \u0130deolojik hegemonya e\u011fitim alan\u0131nda ba\u015flar ve b\u00fct\u00fcn topluma yay\u0131l\u0131r. Zamanla insanlar toplumda&nbsp; ba\u015far\u0131l\u0131 olmak i\u00e7in h\u00e2kim ideolojiye &nbsp;ayak uydurmak, en az\u0131ndan ona ters d\u00fc\u015fmemek mecburiyetinde kal\u0131rlar. Yeni nesil b\u00f6yle yeti\u015fir.<\/p>\n\n\n\n<p>&nbsp;&nbsp;&nbsp;&nbsp;&nbsp;&nbsp;&nbsp;&nbsp; Hegemonyan\u0131n en \u00f6nemli belirtisi, en muhalif unsurlar\u0131n bile&nbsp; hegemonun hareketlerinde ve&nbsp; referans \u00e7er\u00e7evesinde kendi g\u00f6r\u00fc\u015flerine yer bulma&nbsp; \u00e7abas\u0131d\u0131r. Mesela yeni Mill\u00ee E\u011fitim Bakan\u0131, atand\u0131\u011f\u0131 anda \u201ckabinede herkesi mutlu eden tek isim\u201d olarak; \u201cumut verici,\u201d \u201cs\u00fcrpriz isim\u201d diye selamland\u0131. Say\u0131n Bakan\u2019dan neredeyse \u201claik ve bilimsel e\u011fitim reformu\u201d bekleyenler oldu. S\u00fcrpriz ismin iyice z\u0131vanadan \u00e7\u0131km\u0131\u015f ka\u00e7\u0131k&nbsp; ve AKP\u2019ye rakip tarikatlar\u0131&nbsp; e\u011fitim alan\u0131ndan uzakla\u015ft\u0131rmas\u0131n\u0131 beklemek ger\u00e7ek\u00e7i bir yakla\u015f\u0131md\u0131r fakat iktidar\u0131n ideolojisine ters d\u00fc\u015fece\u011fini sanmak aptall\u0131\u011fa yak\u0131n bir safl\u0131ktan&nbsp; ibarettir. Nitekim&nbsp; Say\u0131n Bakan \u201ckarma e\u011fitim\u201de ili\u015fkin y\u00f6netmelik de\u011fi\u015fikli\u011fine tutarl\u0131 bir a\u00e7\u0131klama getirememi\u015ftir. \u0130deoloji \u00e7ok \u00f6nemlidir. \u0130deolojiye kar\u015f\u0131 ancak ideolojiyle m\u00fccadele edilir. Mustafa Solak\u2019\u0131n \u00e7al\u0131\u015fmalar\u0131n\u0131 izlemeye devam edelim. <em>Ayd\u0131nl\u0131k<\/em>, 17. 09.2018<\/p>\n","protected":false},"excerpt":{"rendered":"<p>Yavuz Alogan &nbsp;&nbsp;&nbsp;&nbsp;&nbsp;&nbsp;&nbsp;&nbsp; Benim g\u00f6z\u00fcmde Mustafa Solak laikli\u011fi ve bilimsel e\u011fitimi tek ba\u015f\u0131na&nbsp; savunan bir kahramand\u0131r. Konu\u015farak, kitap ve makale yazarak, hatta ki\u015filere tek tek e-posta g\u00f6ndererek laikli\u011fi savunmaktad\u0131r. G\u00f6zleriyle s\u00fcrekli ufuklar\u0131 tarayan, bu y\u00fczden burnunun ucunda olup bitenleri g\u00f6remeyenler i\u00e7in Mustafa Solak bir uyar\u0131 \u00e7an\u0131, bir yang\u0131n kampanas\u0131d\u0131r. \u0130leride bug\u00fcn\u00fcn tarihini gericiler yazarsa \u201claik\u00e7i\u201d &hellip; <\/p>\n<p class=\"link-more\"><a href=\"http:\/\/yavuzalogan.com\/?p=480\" class=\"more-link\">Continue reading<span class=\"screen-reader-text\"> &#8220;YEN\u0130 B\u0130R NES\u0130L YET\u0130\u015e\u0130YOR&#8221;<\/span><\/a><\/p>\n","protected":false},"author":1,"featured_media":0,"comment_status":"open","ping_status":"open","sticky":false,"template":"","format":"standard","meta":{"footnotes":""},"categories":[1],"tags":[],"class_list":["post-480","post","type-post","status-publish","format-standard","hentry","category-uncategorized"],"_links":{"self":[{"href":"http:\/\/yavuzalogan.com\/index.php?rest_route=\/wp\/v2\/posts\/480","targetHints":{"allow":["GET"]}}],"collection":[{"href":"http:\/\/yavuzalogan.com\/index.php?rest_route=\/wp\/v2\/posts"}],"about":[{"href":"http:\/\/yavuzalogan.com\/index.php?rest_route=\/wp\/v2\/types\/post"}],"author":[{"embeddable":true,"href":"http:\/\/yavuzalogan.com\/index.php?rest_route=\/wp\/v2\/users\/1"}],"replies":[{"embeddable":true,"href":"http:\/\/yavuzalogan.com\/index.php?rest_route=%2Fwp%2Fv2%2Fcomments&post=480"}],"version-history":[{"count":1,"href":"http:\/\/yavuzalogan.com\/index.php?rest_route=\/wp\/v2\/posts\/480\/revisions"}],"predecessor-version":[{"id":481,"href":"http:\/\/yavuzalogan.com\/index.php?rest_route=\/wp\/v2\/posts\/480\/revisions\/481"}],"wp:attachment":[{"href":"http:\/\/yavuzalogan.com\/index.php?rest_route=%2Fwp%2Fv2%2Fmedia&parent=480"}],"wp:term":[{"taxonomy":"category","embeddable":true,"href":"http:\/\/yavuzalogan.com\/index.php?rest_route=%2Fwp%2Fv2%2Fcategories&post=480"},{"taxonomy":"post_tag","embeddable":true,"href":"http:\/\/yavuzalogan.com\/index.php?rest_route=%2Fwp%2Fv2%2Ftags&post=480"}],"curies":[{"name":"wp","href":"https:\/\/api.w.org\/{rel}","templated":true}]}}