{"id":468,"date":"2018-10-08T11:16:42","date_gmt":"2018-10-08T09:16:42","guid":{"rendered":"http:\/\/yavuzalogan.com\/?p=468"},"modified":"2020-07-21T11:18:42","modified_gmt":"2020-07-21T09:18:42","slug":"siyaset-carki","status":"publish","type":"post","link":"http:\/\/yavuzalogan.com\/?p=468","title":{"rendered":"S\u0130YASET \u00c7ARKI"},"content":{"rendered":"\n<p>Yavuz Alogan<\/p>\n\n\n\n<p>&nbsp;&nbsp;&nbsp;&nbsp;&nbsp;&nbsp;&nbsp;&nbsp; K\u00fcresel sistemin merkezinde yer almayan, ekonomisi d\u0131\u015fa ba\u011f\u0131ml\u0131, kaynaklar\u0131 yetersiz \u00fclkelerde&nbsp; siyaset \u00e7ark\u0131 iktidar kat\u0131nda olanlar\u0131n her t\u00fcrl\u00fc idealizmini \u00f6\u011f\u00fct\u00fcp un ufak ederek d\u00f6ner.<\/p>\n\n\n\n<p>&nbsp;&nbsp;&nbsp;&nbsp;&nbsp;&nbsp;&nbsp;&nbsp; Jean Paul Sartre\u2019\u0131n&nbsp; 1946\u2019da senaryo olarak yazd\u0131\u011f\u0131 <em>Siyaset \u00c7ark\u0131<\/em>&nbsp; (Ata\u00e7 Kitabevi, 1963) bu d\u00f6ng\u00fcy\u00fc anlat\u0131r. Say\u0131n Reis\u2019in AKP\u2019nin K\u0131z\u0131lcahamam toplant\u0131s\u0131nda yapt\u0131\u011f\u0131 konu\u015fmay\u0131 dinlerken&nbsp; senaryonun ba\u015f kahraman\u0131 Jean Aguerra\u2019y\u0131 hat\u0131rlad\u0131m.<\/p>\n\n\n\n<p>&nbsp;&nbsp;&nbsp;&nbsp;&nbsp;&nbsp;&nbsp;&nbsp; Aguerra bir devrimle iktidara gelir. Sartre bunun ne t\u00fcr bir devrim oldu\u011funu s\u00f6ylemez. \u0130ktidar\u0131 ele ge\u00e7iren Aguerra, ifade ve bas\u0131n \u00f6zg\u00fcrl\u00fc\u011f\u00fc kusursuz ger\u00e7ek bir demokrasi,&nbsp; tam ba\u011f\u0131ms\u0131z bir \u00fclke kurmaya kararl\u0131d\u0131r. Fakat kom\u015fu emperyalist \u00fclkenin bask\u0131lar\u0131 y\u00fcz\u00fcnden&nbsp; \u00fclke ekonomisi k\u0131sa s\u00fcrede fel\u00e7 olur. Aguerra d\u0131\u015f g\u00fc\u00e7lerin k\u0131skac\u0131ndan kurtulmak i\u00e7in debelenirken,&nbsp; zalim bir diktat\u00f6re d\u00f6n\u00fc\u015f\u00fcr. Bunun \u00fczerine \u00fclkede,&nbsp; bu kez Aguerra\u2019y\u0131 deviren, yine \u00f6zg\u00fcrl\u00fck ve demokrasi vaat eden bir ba\u015fka devrim&nbsp; olur. Fakat&nbsp; kaynaklar\u0131 k\u0131t olan&nbsp; \u00fclkenin iktisadi altyap\u0131s\u0131 tam ba\u011f\u0131ms\u0131zl\u0131\u011fa uygun de\u011fildir. D\u0131\u015f bask\u0131lar aynen devam eder ve siyaset \u00e7ark\u0131 yeni muktedirleri ezerek bir kez daha d\u00f6nmeye ba\u015flar.<\/p>\n\n\n\n<p>&nbsp;&nbsp;&nbsp;&nbsp;&nbsp;&nbsp;&nbsp;&nbsp; Bizdeki senaryo&nbsp; kronolojik olarak&nbsp; farkl\u0131. Bizim Aguerra &nbsp;da demokrasi vaat ederek fakat emperyalizmin eliyle iktidara yerle\u015ftirildi. G\u00f6revini ba\u015far\u0131yla yerine getirdi. Diyarbak\u0131r\u2019\u0131 BOP projesinin y\u0131ld\u0131z\u0131 h\u00e2line getiremediyse de \u00d6zal\u2019\u0131n ba\u015flatt\u0131\u011f\u0131, Dervi\u015f\u2019in yerle\u015ftirdi\u011fi d\u00fczeni s\u00fcrd\u00fcrd\u00fc; \u00fclkenin b\u00fct\u00fcn varl\u0131klar\u0131n\u0131 k\u00fcresel piyasada sat\u0131\u015fa \u00e7\u0131kard\u0131, s\u0131cak para ve ithalata dayal\u0131&nbsp;&nbsp; serbest piyasa ekonomisi temelinde ba\u015fkanl\u0131k rejimi kurdu. Akran akraba kay\u0131rmac\u0131l\u0131\u011f\u0131n\u0131 yayg\u0131nla\u015ft\u0131rd\u0131, se\u00e7meni m\u00fc\u015fteri h\u00e2line getirdi. Para-sermaye ili\u015fkilerini kullanarak medyay\u0131 denetim alt\u0131na ald\u0131. B\u00fcy\u00fck idealleri vard\u0131. Il\u0131ml\u0131 \u0130slam\u2019\u0131n temsilcisi olarak b\u00f6lgesel&nbsp;&nbsp;&nbsp; n\u00fcfuz alan\u0131 edinmeye&nbsp; \u00e7al\u0131\u015ft\u0131.<\/p>\n\n\n\n<p>&nbsp;&nbsp;&nbsp;&nbsp;&nbsp;&nbsp;&nbsp;&nbsp; Fakat 15 Temmuz\u2019da emperyalizmin&nbsp; darbe giri\u015fimi ona ger\u00e7e\u011fi g\u00f6sterdi. Cumhuriyet\u2019in ideolojik zeminini y\u0131km\u0131\u015f, onun muhaf\u0131z\u0131 olan ordunun&nbsp; g\u00fcc\u00fcn\u00fc k\u0131rm\u0131\u015f, b\u00f6ylece g\u00f6revini tamamlam\u0131\u015ft\u0131. Onu \u00fclkenin ba\u015f\u0131na getirenler bu kez iktidar\u0131&nbsp; terk etmesini, i\u015fgal etti\u011fi yeri bizzat kurdu\u011fu rejimin ger\u00e7ek&nbsp; temsilcilerine b\u0131rakmas\u0131n\u0131 istiyorlard\u0131. Bunu anlad\u0131\u011f\u0131 anda m\u00fccadeleye ba\u015flad\u0131.<\/p>\n\n\n\n<p>&nbsp;&nbsp;&nbsp;&nbsp;&nbsp;&nbsp;&nbsp;&nbsp; Say\u0131n Reis\u2019in McKinsey\u2019i kovma giri\u015fimi sahiciyse, kendi eliyle yaratt\u0131\u011f\u0131 i\u015fbirlik\u00e7i yeni zenginler s\u0131n\u0131f\u0131yla \u00e7at\u0131\u015fmas\u0131 ka\u00e7\u0131n\u0131lmazd\u0131r. \u201cBu can bu tende olduk\u00e7a hi\u00e7 kimse T\u00fcrkiye\u2019yi yeniden uluslararas\u0131 kurulu\u015flar\u0131n denetimine sokamaz!\u201d Etkileyici s\u00f6zler! McKinsey\u2019i ona nas\u0131l kakalad\u0131klar\u0131n\u0131 bilmiyoruz. Yak\u0131n \u00e7evresinden gelen bir bask\u0131 alt\u0131nda oldu\u011funu ve direndi\u011fini anl\u0131yoruz. Sanki Jean Aguerra!<\/p>\n\n\n\n<p>&nbsp;&nbsp;&nbsp;&nbsp;&nbsp;&nbsp;&nbsp;&nbsp; Peki bu direnme tavr\u0131n\u0131n&nbsp; ger\u00e7ek sebebi ne olabilir? En g\u00fc\u00e7l\u00fc ihtimal, Abd\u00fclhamit dizisinin&nbsp; etkisinde kalm\u0131\u015f olmas\u0131d\u0131r (Ferman ola ki bundan b\u00f6yle mem\u00e2lik-i \u015f\u00e2h\u00e2ne\u2019de her kim McKinsey nam&nbsp; ecnebi \u015firketle halvet &nbsp;olup i\u015fret ederse\u2026). \u0130kinci ihtimal, ekonomiyi \u201cm\u00fcstevlinin siyasi emelleriyle tevhit\u201d etmesinin yol a\u00e7t\u0131\u011f\u0131 tepkileri yakla\u015fan yerel se\u00e7imler a\u00e7\u0131s\u0131ndan de\u011ferlendirerek&nbsp; tak\u0131yye yoluna sapm\u0131\u015f olmas\u0131d\u0131r. Devlet y\u00f6netimi cidd\u00ee ve g\u00fcvenilir olmay\u0131nca her \u015fey olabilir.<\/p>\n\n\n\n<p>Belki de&nbsp; ans\u0131z\u0131n&nbsp; antiemperyalist bir bilin\u00e7 s\u0131\u00e7ramas\u0131 ya\u015fad\u0131. Nitekim bazen Fidel Castro gibi konu\u015fuyor (Aora, Adelante! Eschucha, Yankee..!). Ger\u00e7ek buysa,&nbsp; yeni zenginler s\u0131n\u0131f\u0131na ve rant\u00e7\u0131lara sava\u015f a\u00e7acak, dan\u0131\u015fmanlar\u0131na yol verecek, \u00f6zelle\u015ftirilen her \u015feyi kamula\u015ft\u0131racak, tar\u0131m\u0131 canland\u0131rarak ulusal ekonomiyi yeniden kuracak, T\u00fcrk Ordusu\u2019nun kurumlar\u0131n\u0131 ve emir komuta birli\u011fini askerlere iade edecektir. Bu durumda ben gidip AKP\u2019nin \u00c7ankaya il\u00e7e \u00f6rg\u00fct\u00fcne \u00fcye olmazsam e\u011fer -moda t\u00e2birle- namerdim! Hem ateist hem sosyalist birini kabul ederler mi, oras\u0131n\u0131 bilemem\u2026<\/p>\n\n\n\n<p>Yerel se\u00e7imlerden sonra bu McKinsey ve ba\u011f\u0131ml\u0131l\u0131k meselesini daha derinden kavrayacak, etrafl\u0131ca ele alaca\u011f\u0131z. &nbsp;<em>Ayd\u0131nl\u0131k<\/em>, 08. 10. 2018<\/p>\n","protected":false},"excerpt":{"rendered":"<p>Yavuz Alogan &nbsp;&nbsp;&nbsp;&nbsp;&nbsp;&nbsp;&nbsp;&nbsp; K\u00fcresel sistemin merkezinde yer almayan, ekonomisi d\u0131\u015fa ba\u011f\u0131ml\u0131, kaynaklar\u0131 yetersiz \u00fclkelerde&nbsp; siyaset \u00e7ark\u0131 iktidar kat\u0131nda olanlar\u0131n her t\u00fcrl\u00fc idealizmini \u00f6\u011f\u00fct\u00fcp un ufak ederek d\u00f6ner. &nbsp;&nbsp;&nbsp;&nbsp;&nbsp;&nbsp;&nbsp;&nbsp; Jean Paul Sartre\u2019\u0131n&nbsp; 1946\u2019da senaryo olarak yazd\u0131\u011f\u0131 Siyaset \u00c7ark\u0131&nbsp; (Ata\u00e7 Kitabevi, 1963) bu d\u00f6ng\u00fcy\u00fc anlat\u0131r. Say\u0131n Reis\u2019in AKP\u2019nin K\u0131z\u0131lcahamam toplant\u0131s\u0131nda yapt\u0131\u011f\u0131 konu\u015fmay\u0131 dinlerken&nbsp; senaryonun ba\u015f kahraman\u0131 Jean &hellip; <\/p>\n<p class=\"link-more\"><a href=\"http:\/\/yavuzalogan.com\/?p=468\" class=\"more-link\">Continue reading<span class=\"screen-reader-text\"> &#8220;S\u0130YASET \u00c7ARKI&#8221;<\/span><\/a><\/p>\n","protected":false},"author":1,"featured_media":0,"comment_status":"open","ping_status":"open","sticky":false,"template":"","format":"standard","meta":{"footnotes":""},"categories":[1],"tags":[],"class_list":["post-468","post","type-post","status-publish","format-standard","hentry","category-uncategorized"],"_links":{"self":[{"href":"http:\/\/yavuzalogan.com\/index.php?rest_route=\/wp\/v2\/posts\/468","targetHints":{"allow":["GET"]}}],"collection":[{"href":"http:\/\/yavuzalogan.com\/index.php?rest_route=\/wp\/v2\/posts"}],"about":[{"href":"http:\/\/yavuzalogan.com\/index.php?rest_route=\/wp\/v2\/types\/post"}],"author":[{"embeddable":true,"href":"http:\/\/yavuzalogan.com\/index.php?rest_route=\/wp\/v2\/users\/1"}],"replies":[{"embeddable":true,"href":"http:\/\/yavuzalogan.com\/index.php?rest_route=%2Fwp%2Fv2%2Fcomments&post=468"}],"version-history":[{"count":1,"href":"http:\/\/yavuzalogan.com\/index.php?rest_route=\/wp\/v2\/posts\/468\/revisions"}],"predecessor-version":[{"id":469,"href":"http:\/\/yavuzalogan.com\/index.php?rest_route=\/wp\/v2\/posts\/468\/revisions\/469"}],"wp:attachment":[{"href":"http:\/\/yavuzalogan.com\/index.php?rest_route=%2Fwp%2Fv2%2Fmedia&parent=468"}],"wp:term":[{"taxonomy":"category","embeddable":true,"href":"http:\/\/yavuzalogan.com\/index.php?rest_route=%2Fwp%2Fv2%2Fcategories&post=468"},{"taxonomy":"post_tag","embeddable":true,"href":"http:\/\/yavuzalogan.com\/index.php?rest_route=%2Fwp%2Fv2%2Ftags&post=468"}],"curies":[{"name":"wp","href":"https:\/\/api.w.org\/{rel}","templated":true}]}}