{"id":444,"date":"2018-11-18T10:44:21","date_gmt":"2018-11-18T08:44:21","guid":{"rendered":"http:\/\/yavuzalogan.com\/?p=444"},"modified":"2020-07-21T10:46:37","modified_gmt":"2020-07-21T08:46:37","slug":"gezi-olayinin-gercek-faili","status":"publish","type":"post","link":"http:\/\/yavuzalogan.com\/?p=444","title":{"rendered":"GEZ\u0130 OLAYININ GER\u00c7EK FA\u0130L\u0130"},"content":{"rendered":"\n<p>Yavuz Alogan<\/p>\n\n\n\n<p>28 May\u0131s 2013 g\u00fcn\u00fc tatildeydim. Tam y\u00fczmeye haz\u0131rlan\u0131rken bir arkada\u015f\u0131m Taksim Meydan\u0131\u2019ndan telefon etti: \u201cBurada \u00e7ok acayip \u015feyler oluyor. \u015eu anda bozkurt i\u015fareti yapan bir grupla birlikte slogan at\u0131yoruz. Yoldan ge\u00e7en binlerce insan toplan\u0131p slogan atmaya ba\u015flad\u0131.\u201d &nbsp;<\/p>\n\n\n\n<p>Biz b\u00f6yle durumlarda \u201cdevrim oluyor\u201d diye seviniriz. Geride b\u0131rakt\u0131\u011f\u0131m\u0131z yar\u0131m as\u0131r i\u00e7inde devrim oluyor diye sevindi\u011fim olaylar\u0131n say\u0131s\u0131n\u0131 hat\u0131rlam\u0131yorum. K\u00fc\u00e7\u00fck burjuva devrimcisi olmak kolay de\u011fil, hayal k\u0131r\u0131kl\u0131\u011f\u0131na kar\u015f\u0131 diren\u00e7li olmay\u0131 gerektiriyor. Neyse\u2026 Bir saat sonra otob\u00fcsteydim.<\/p>\n\n\n\n<p><strong>Muhalefetin \u015fa\u015fk\u0131nl\u0131\u011f\u0131<\/strong><\/p>\n\n\n\n<p>Milyonlarca insan\u0131n kat\u0131ld\u0131\u011f\u0131 kitle hareketleri suni olarak yarat\u0131lamaz. Gizli ya da a\u00e7\u0131k hi\u00e7bir \u00f6rg\u00fct Anadolu yakas\u0131nda oturan \u00e7oluk \u00e7ocuk sahibi insanlar\u0131n sabah\u0131n ikisinde evlerinden \u00e7\u0131k\u0131p kitle halinde k\u00f6pr\u00fcy\u00fc ge\u00e7erek Be\u015fikta\u015f\u2019ta polisle \u00e7at\u0131\u015fmalar\u0131n\u0131 sa\u011flayamaz. Bu t\u00fcrden hareketler toplumdaki b\u00fct\u00fcn muhalif odaklar\u0131 gafil avlar, pe\u015finden s\u00fcr\u00fckler. Baz\u0131lar\u0131 pani\u011fe kap\u0131l\u0131r, baz\u0131lar\u0131 \u00f6nderlik etmeye \u00e7al\u0131\u015f\u0131r. Ya da CHP y\u00f6netimi gibi, harekete kat\u0131lan milletvekillerine soru\u015fturma a\u00e7ar. Ya da Demirta\u015f gibi, \u201cGezi direni\u015fiyle de\u011fil, bu halk hareketini askeri darbeye kadar g\u00f6t\u00fcrebilir miyiz diyenlerle aram\u0131za mesafe koyduk\u201d gibi kar\u0131\u015f\u0131k laflar eder.<\/p>\n\n\n\n<p><strong>Fark\u0131nda m\u0131y\u0131z?<\/strong><\/p>\n\n\n\n<p>Gezi Park\u0131\u2019ndaki \u00e7ad\u0131rlar\u0131 FET\u00d6\u2019c\u00fc polisler ate\u015fe vermi\u015f olabilir. Soros\u00e7ular kar\u0131\u015f\u0131kl\u0131k \u00e7\u0131kararak \u201ckadife, turuncu, g\u00fcl, papatya\u201d isminde Atlantik\u00e7i bir devrim istemi\u015f de olabilirler.<\/p>\n\n\n\n<p>Fakat ne oldu? T\u00fcrkiye\u2019nin her yerinde soka\u011fa \u00e7\u0131kan milyonlarca insan \u201cMustafa Kemal\u2019in Askerleriyiz!\u201d slogan\u0131n\u0131 ke\u015ffetti, gen\u00e7 Mustafa Kemal posterleriyle y\u00fcr\u00fcd\u00fc.&nbsp; 2007\u2019de \u201cCumhuriyet mitingleri\u201dne kat\u0131lan kitleler bu kez kendili\u011finden sahneye \u00e7\u0131kt\u0131lar. Ergenekon Kumpas\u0131\u2019yla \u00fclkenin nereye g\u00f6t\u00fcr\u00fcld\u00fc\u011f\u00fcn\u00fc anlam\u0131\u015flard\u0131. Haziran olaylar\u0131n\u0131n ard\u0131ndan 700 bin ki\u015finin kat\u0131ld\u0131\u011f\u0131 Gazdan Adam Festivali geldi, daha sonra TGB\u2019nin 19 May\u0131s ve 29 Ekim\u2019de d\u00fczenledi\u011fi, y\u00fcz binlerin kat\u0131ld\u0131\u011f\u0131 kitlesel y\u00fcr\u00fcy\u00fc\u015fler oldu. \u015eimdi An\u0131tkabir\u2019i dolduran kitleler var ya, i\u015fte onlar Cumhuriyet Mitingleri\u2019nin ve Haziran Ayaklanmas\u0131\u2019n\u0131n ger\u00e7ek failleri! Yetkililer bunu bildikleri i\u00e7in her defas\u0131nda Gen\u00e7lik ve Akdeniz caddelerini damperli belediye kamyonlar\u0131yla kapat\u0131yorlar. Peki biz bunun fark\u0131nda m\u0131y\u0131z? &nbsp;<\/p>\n\n\n\n<p>Son tahlilde Haziran, neoliberalizme ve \u201csosyal devlet\u201din s\u00f6n\u00fcmlenmesine ve gericili\u011fe kar\u015f\u0131 orta s\u0131n\u0131flar\u0131n (gelece\u011fi belirsiz meslek sahipleri), e\u011fitim sisteminden bunalan \u00f6\u011frencilerin, \u00f6rg\u00fctlerini ve haklar\u0131n\u0131 kaybeden i\u015f\u00e7ilerin; ve evet, HAYAT TARZLARINI korumak isteyen kitlelerin kendili\u011finden hareketidir.<\/p>\n\n\n\n<p><strong>Orant\u0131s\u0131z Zek\u00e2<\/strong><\/p>\n\n\n\n<p>Medya, olay\u0131 ma\u011fdur gen\u00e7lerin \u201ctabiat\u0131 koruma\u201d hareketine indirgedi.&nbsp;&nbsp; Gezi muhalefetini ehlile\u015ftirmek, kitlelerin tepkisini solcu gibi duran entellerin marifetiyle eritmek i\u00e7in HDP\u2019yi icat ettiler. Her \u015feyle dalga ge\u00e7en k\u00fc\u00e7\u00fck bir \u00f6\u011frenci az\u0131nl\u0131\u011f\u0131n \u201cesprili\u201d sloganlar\u0131na \u201c36 etnik gruba \u00f6zg\u00fcrl\u00fck, demokratik \u00f6zerklik\u201d gibi eklemeler yap\u0131ld\u0131. \u201cGezi k\u00fclt\u00fcr\u00fc\u201d diye bir sululuk icat ettiler. Oysa Haziran olaylar\u0131nda \u201corant\u0131s\u0131z zek\u00e2 i\u00e7eren\u201d iki slogan vard\u0131: \u201cMustafa Kemal\u2019in askerleriyiz\u201d ve \u201cH\u00fck\u00fcmet istifa!\u201d<\/p>\n\n\n\n<p>Siyasi iktidar o zamandan beri bu olay\u0131n faillerini ar\u0131yor. Nihayet buldu: Osman Kavala ve profes\u00f6r arkada\u015flar\u0131! Piyanist getirmi\u015fler, biber gaz\u0131 ithalat\u0131n\u0131 engellemi\u015fler, K\u0131rm\u0131z\u0131l\u0131 Kad\u0131n sahnesini yaratm\u0131\u015flar.&nbsp; FET\u00d6 savc\u0131lar\u0131n\u0131n iddianame haz\u0131rlama tarz\u0131 adli ve hukuki bir gelenek yaratm\u0131\u015f olabilir mi? Bilemiyorum. Yoksa esas fail Ko\u00e7 Grubu y\u00f6neticisi Ali Ko\u00e7 muydu? G\u00f6stericilere Divan Oteli\u2019ni a\u00e7m\u0131\u015ft\u0131. Nitekim Say\u0131n Reis onu kastederek, \u201cOtuz bin kumanyay\u0131 kimin da\u011f\u0131tt\u0131\u011f\u0131n\u0131, eylemcileri otellerinde kimin bar\u0131nd\u0131rd\u0131\u011f\u0131n\u0131 biliyoruz\u201d demi\u015fti. \u0130nsan korkuyor tabi\u00ee, hemen \u201cVallahi ben yapmad\u0131m\u201d diye tepki g\u00f6steriyor.<\/p>\n\n\n\n<p>Sonu\u00e7 olarak koskoca Haziran Ayaklanmas\u0131 Schr\u00f6dinger\u2019in kedisi gibi oldu: \u00f6l\u00fc m\u00fc diri mi, belli de\u011fil. Sihirbaz David Copperfield de bir keresinde \u00d6zg\u00fcrl\u00fck An\u0131t\u0131\u2019n\u0131 milyonlarca insan\u0131n \u00f6n\u00fcnde g\u00f6zden kaybedivermi\u015fti.&nbsp; Fakat toplumsal olaylar farkl\u0131d\u0131r. Bu olaylarda kuru bozk\u0131ra k\u0131v\u0131lc\u0131m ta\u015f\u0131yan fail, tarih\/zaman i\u00e7inde hi\u00e7bir \u00f6nem ta\u015f\u0131maz. Kitlelerin derin haf\u0131zas\u0131na yerle\u015fen toplumsal tepki hareketleri, benzer ko\u015fullar olu\u015ftu\u011funda refleks olarak tekrarlan\u0131r. Olaylar\u0131n ger\u00e7ek faili kitlelerdir. Nitekim Tarih devam ediyor. <em>Ayd\u0131nl\u0131k<\/em>, &nbsp;18. 11. 2018<\/p>\n","protected":false},"excerpt":{"rendered":"<p>Yavuz Alogan 28 May\u0131s 2013 g\u00fcn\u00fc tatildeydim. Tam y\u00fczmeye haz\u0131rlan\u0131rken bir arkada\u015f\u0131m Taksim Meydan\u0131\u2019ndan telefon etti: \u201cBurada \u00e7ok acayip \u015feyler oluyor. \u015eu anda bozkurt i\u015fareti yapan bir grupla birlikte slogan at\u0131yoruz. Yoldan ge\u00e7en binlerce insan toplan\u0131p slogan atmaya ba\u015flad\u0131.\u201d &nbsp; Biz b\u00f6yle durumlarda \u201cdevrim oluyor\u201d diye seviniriz. Geride b\u0131rakt\u0131\u011f\u0131m\u0131z yar\u0131m as\u0131r i\u00e7inde devrim oluyor diye &hellip; <\/p>\n<p class=\"link-more\"><a href=\"http:\/\/yavuzalogan.com\/?p=444\" class=\"more-link\">Continue reading<span class=\"screen-reader-text\"> &#8220;GEZ\u0130 OLAYININ GER\u00c7EK FA\u0130L\u0130&#8221;<\/span><\/a><\/p>\n","protected":false},"author":1,"featured_media":0,"comment_status":"open","ping_status":"open","sticky":false,"template":"","format":"standard","meta":{"footnotes":""},"categories":[1],"tags":[],"class_list":["post-444","post","type-post","status-publish","format-standard","hentry","category-uncategorized"],"_links":{"self":[{"href":"http:\/\/yavuzalogan.com\/index.php?rest_route=\/wp\/v2\/posts\/444","targetHints":{"allow":["GET"]}}],"collection":[{"href":"http:\/\/yavuzalogan.com\/index.php?rest_route=\/wp\/v2\/posts"}],"about":[{"href":"http:\/\/yavuzalogan.com\/index.php?rest_route=\/wp\/v2\/types\/post"}],"author":[{"embeddable":true,"href":"http:\/\/yavuzalogan.com\/index.php?rest_route=\/wp\/v2\/users\/1"}],"replies":[{"embeddable":true,"href":"http:\/\/yavuzalogan.com\/index.php?rest_route=%2Fwp%2Fv2%2Fcomments&post=444"}],"version-history":[{"count":1,"href":"http:\/\/yavuzalogan.com\/index.php?rest_route=\/wp\/v2\/posts\/444\/revisions"}],"predecessor-version":[{"id":445,"href":"http:\/\/yavuzalogan.com\/index.php?rest_route=\/wp\/v2\/posts\/444\/revisions\/445"}],"wp:attachment":[{"href":"http:\/\/yavuzalogan.com\/index.php?rest_route=%2Fwp%2Fv2%2Fmedia&parent=444"}],"wp:term":[{"taxonomy":"category","embeddable":true,"href":"http:\/\/yavuzalogan.com\/index.php?rest_route=%2Fwp%2Fv2%2Fcategories&post=444"},{"taxonomy":"post_tag","embeddable":true,"href":"http:\/\/yavuzalogan.com\/index.php?rest_route=%2Fwp%2Fv2%2Ftags&post=444"}],"curies":[{"name":"wp","href":"https:\/\/api.w.org\/{rel}","templated":true}]}}