{"id":283,"date":"2007-12-13T11:37:00","date_gmt":"2007-12-13T09:37:00","guid":{"rendered":"http:\/\/yavuzalogan.com\/?p=283"},"modified":"2020-07-10T11:41:35","modified_gmt":"2020-07-10T09:41:35","slug":"yesil-sey","status":"publish","type":"post","link":"http:\/\/yavuzalogan.com\/?p=283","title":{"rendered":"YE\u015e\u0130L \u015eEY"},"content":{"rendered":"\n<p>Yavuz Alogan<\/p>\n\n\n\n<p>&nbsp;&nbsp;&nbsp;&nbsp;&nbsp;&nbsp;&nbsp;&nbsp; Gen\u00e7ler belki hat\u0131rlamaz, eskiden \u201cThe Blob\u201d diye bir film vard\u0131. Ba\u015frolde Steve McQueen oynuyordu (art\u0131k onu da pek kimse hat\u0131rlamaz). 1958 yap\u0131m\u0131 filmde, bir Amerikan kasabas\u0131na g\u00f6kten bir cisim d\u00fc\u015f\u00fcyor ve yap\u0131\u015f yap\u0131\u015f \u00e7o\u011fal\u0131p her yere yay\u0131l\u0131yor, insan v\u00fccuduyla beslenerek gittik\u00e7e b\u00fcy\u00fcyor ve her yeri kapl\u0131yordu. Ge\u00e7en Cumartesi g\u00fcn\u00fc Kale\u2019den Samanpazar\u0131\u2019na do\u011fru kalabal\u0131k \u00e7ar\u015f\u0131lar\u0131n i\u00e7inden ge\u00e7ip y\u00fcr\u00fcrken,&nbsp; ans\u0131z\u0131n bu film akl\u0131ma d\u00fc\u015f\u00fcverdi.&nbsp;&nbsp;&nbsp;&nbsp;&nbsp; Ye\u015fil ve yap\u0131\u015fkan bir madde olan \u201cThe Blob\u201dun \u015fehrin sokaklar\u0131na s\u0131zarak her yere bula\u015ft\u0131\u011f\u0131n\u0131, insanlar\u0131 yutarak, sindirerek daha da g\u00fc\u00e7lenip b\u00fcy\u00fcd\u00fc\u011f\u00fcn\u00fc hayal ettim. \u0130\u00e7inden ge\u00e7ti\u011fim \u00e7ar\u015f\u0131larda neredeyse tek bir ba\u015f\u00f6rt\u00fcs\u00fcz&nbsp; kad\u0131n yoktu.<\/p>\n\n\n\n<p><strong>Yetmez!<\/strong><\/p>\n\n\n\n<p>&nbsp;&nbsp;&nbsp;&nbsp;&nbsp;&nbsp;&nbsp;&nbsp; AKP\u2019yi \u201cdemokrasi\u201d getirecek diye \u00f6venler, \u015funu iyi bilmelidirler ki, bu partinin bayra\u011f\u0131nda tek bir slogan yaz\u0131l\u0131d\u0131r. O slogan \u015fudur: \u201cBu kadar\u0131 yetmez!\u201d<\/p>\n\n\n\n<p>Cumhurba\u015fkan\u0131\u2019n\u0131n dindar olmas\u0131 yetmez, Anayasa Mahkemesi Ba\u015fkan\u0131\u2019n\u0131n, Y\u00d6K Ba\u015fkan\u0131\u2019n\u0131n, giderek b\u00fct\u00fcn devlet kurumu ba\u015fkanlar\u0131n\u0131n da dindar olmas\u0131 gerekir. Bu da yetmez; ilk okul m\u00fcd\u00fcrlerinin, gazete patronlar\u0131n\u0131n, sokakta y\u00fcr\u00fcyen insanlar\u0131n da dindar olmas\u0131 gerekir. Bu da yetmez; Genel Kurmay Ba\u015fkan\u0131\u2019n\u0131n cumalar\u0131 ka\u00e7\u0131rmamas\u0131, Askeri \u015eura toplant\u0131lar\u0131n\u0131n&nbsp; ayetlerle a\u00e7\u0131lmas\u0131; h\u00e2kimlerin ve savc\u0131lar\u0131n i\u015fe&nbsp; dualarla ba\u015flamalar\u0131, futbol tak\u0131mlar\u0131n\u0131n ma\u00e7a \u00e7\u0131kmadan \u00f6nce topluca dua etmeleri de gerekir. \u00c7\u00fcnk\u00fc bu bir hegemonya m\u00fccadelesidir.<\/p>\n\n\n\n<p>Her kurulu d\u00fczenin tarihten gelen dengeleri ve kendine \u00f6zg\u00fc bir ideolojisi vard\u0131r. Bu denge bir kez bozuldu\u011funda ve \u201cdevletin temel nitelikleri\u201dne ters d\u00fc\u015fen rakip bir ideolojinin hegemonya kurma imk\u00e2n\u0131 do\u011fdu\u011funda, bir m\u00fccadele ba\u015flar; ve bu m\u00fccadele, \u00e7ember kapan\u0131ncaya, toplum tam bir tahakk\u00fcm alt\u0131na al\u0131n\u0131ncaya, toplumun b\u00fct\u00fcn g\u00f6zeneklerine n\u00fcfuz edilinceye kadar&nbsp; durmaks\u0131z\u0131n devam eder.<\/p>\n\n\n\n<p>Ne diyor, AKP milletvekili Reha \u00c7amuro\u011flu: \u201cBu \u00fclkede hi\u00e7bir arka bah\u00e7e b\u0131rakmayaca\u011f\u0131z, b\u00fct\u00fcn bah\u00e7elerde meyve yiyece\u011fiz, lokma yiyece\u011fiz, t\u00fcrk\u00fc \u00e7\u0131\u011f\u0131raca\u011f\u0131z.&#8221; \u00c7ok g\u00fczel! Hegemonya m\u00fccadelesi i\u015fte budur. B\u00fct\u00fcn bah\u00e7elere girecekler, kimseye soluk alacak bir alan b\u0131rakmayacaklar; Alevi dedelerini maa\u015fa ba\u011flayacaklar; Alevileri b\u00f6lecekler ve onlar\u0131 S\u00fcnni \u0130slam\u2019\u0131n i\u00e7inde ku\u015fatacaklar. Bunu tatl\u0131 dille, para musluklar\u0131n\u0131 a\u00e7\u0131p kapayarak, lokma yedirip t\u00fcrk\u00fc \u00e7\u0131\u011f\u0131rtarak yapacaklar. Kimse kendi bah\u00e7esinde kendisi olamayacak. Ama bu da yetmez.<\/p>\n\n\n\n<p><strong>\u201c\u0130ki Vizyon\u201d<\/strong><\/p>\n\n\n\n<p>Y\u00d6K\u2019\u00fc ele ge\u00e7irdiler ve \u015fimdi \u00fcniversiteleri \u00f6zg\u00fcrle\u015ftirecekler. Bunda \u015fa\u015f\u0131lacak ne var? Bu bir hegemonya m\u00fccadelesidir. Yeni atanan Y\u00d6K Ba\u015fkan\u0131, 12 Eyl\u00fcl generallerinin 1402 say\u0131l\u0131 kararnameyle att\u0131klar\u0131 \u00f6\u011fretim g\u00f6revlilerinin yerine getirilen ve son yirmi alt\u0131 senedir ta\u015fra \u00fcniversitelerinde ye\u015feren \u0130slamc\u0131 profes\u00f6rleri, Y\u00d6K\u2019\u00fcn ba\u015f\u0131na getirecek, onlarla kadrola\u015facakt\u0131r.&nbsp; \u0130slami tarikatlar ve cemaatler kesenin a\u011fz\u0131n\u0131 a\u00e7arak, 12 Eyl\u00fcl generalleri sayesinde ilkokula d\u00f6n\u00fc\u015fen \u00fcniversiteleri, devasa imam hatip liseleri halinde yeniden \u00f6rg\u00fctleyeceklerdir.<\/p>\n\n\n\n<p>AKP\u2019yi alk\u0131\u015flayan akademik personelin aymazl\u0131\u011f\u0131 ve cehaleti, ancak tahsille m\u00fcmk\u00fcn olabilecek niteliktedir. AKP\u2019nin se\u00e7im zaferini bir \u201cdemokrasi devrimi\u201d gibi g\u00f6stermeye \u00e7al\u0131\u015fan tatl\u0131su frengi akademik personele, \u201c\u0130slami demokrasi\u201dnin icaplar\u0131n\u0131 yerine getirmek i\u00e7in, derhal birer seccade, takke, birer \u00e7ift takunya, tespih ve ibrik temin etmelerini tavsiye ederiz. \u00d6n\u00fcm\u00fczdeki d\u00f6nemde \u00f6zel ve&nbsp; devlet \u00fcniversitelerinin kariyer yolu, her zamankinden daha sarp, dolamba\u00e7l\u0131 ve engebeli olacak.<\/p>\n\n\n\n<p>Bilimsel kariyeri i\u015fbirlik\u00e7i bas\u0131nda g\u00f6klere \u00e7\u0131kar\u0131lan yeni Y\u00d6K Ba\u015fkan\u0131, s\u00f6ze \u015f\u00f6yle ba\u015flad\u0131: \u201cBenim iki vizyonum var\u201d. \u0130ki vizyonu varm\u0131\u015f!!&nbsp; Bir adam\u0131n iki vizyonunun olmas\u0131 i\u00e7in, Y\u00d6K ba\u015fkan\u0131 olmas\u0131 gerekmez, \u015fa\u015f\u0131 ya da \u015fizofren olmas\u0131 ya da iki laf\u0131 bir araya getirememesi yeterlidir. Anla\u015f\u0131ld\u0131\u011f\u0131 kadar\u0131yla bu zat\u0131n tek bir vizyonu var: \u00dcniversiteleri \u0130slamile\u015ftirmek.&nbsp; &nbsp;Kendileri, \u0130slami yaz\u0131lar\u0131 ve ODT\u00dc\u2019ye polis sokmas\u0131yla tan\u0131n\u0131yor. Polis Akademisi\u2019nde ders veriyor. Polis Akademisi\u2019nin M\u00fcfredat Programlar\u0131\u2019n\u0131 haz\u0131rlam\u0131\u015f. T\u00fcrkiye\u2019de \u201cter\u00f6rist faaliyetler\u201din 1962 Anayasas\u0131\u2019yla birlikte ba\u015flad\u0131\u011f\u0131n\u0131 savunuyor (nas\u0131l da anlam\u0131\u015f!). Malezya Uluslararas\u0131 \u0130slam \u00dcniversite\u2019sinde hocal\u0131k yaparken, \u201c\u0130slam toplumlar\u0131nda ya\u015fam kalitesi\u201dyle ilgilenmi\u015f. \u201cT\u00fcrkiye\u2019de Polis ve Politika \u0130li\u015fkisi\u201d&nbsp; konusunda \u00e7al\u0131\u015fm\u0131\u015f (herhalde \u00f6zg\u00fcrl\u00fck\u00e7\u00fc bir vizyonla!) . Ter\u00f6rizm ve g\u00fcvenlik alanlar\u0131nda da faaliyet g\u00f6steren USAK\u2019\u0131n (Uluslararas\u0131 Stratejik Ara\u015ft\u0131rmalar Kurumu) Bilim ve Uzmanlar Kurulu Ba\u015fkan\u0131.<\/p>\n\n\n\n<p>Kariyerinde bunca \u201cPolis\u201d, \u201cg\u00fcvenlik\u201d ve \u201c\u0130slam\u201d laf\u0131 ge\u00e7en birinin, Y\u00d6K Ba\u015fkanl\u0131\u011f\u0131\u2019na yak\u0131\u015fmad\u0131\u011f\u0131n\u0131 kim iddia edebilir? &nbsp;Bahri Savc\u0131 ve B\u00fclent Tan\u00f6r gibi profes\u00f6rlerin, 12 Eyl\u00fcl generalleri taraf\u0131ndan \u201ckom\u00fcnist\u201d diye at\u0131ld\u0131klar\u0131&nbsp; \u00fcniversitenin ba\u015f\u0131na&nbsp; yak\u0131\u015fm\u0131yor mu? Bence yak\u0131\u015f\u0131yor ve normaldir, \u00e7\u00fcnk\u00fc bu bir hegemonya m\u00fccadelesidir. B\u00fct\u00fcn filizleri ve \u00e7i\u00e7ekleri yolup kaz\u0131klar\u0131 sivrilttiler. Zaman\u0131nda gidi\u015fat\u0131 g\u00f6r\u00fcp m\u00fccadele etmeyenler (dile kolay, 26 y\u0131l ge\u00e7ti aradan!) \u015fimdi bu kaz\u0131klar\u0131n \u00fczerine&nbsp; oturmaya davet ediliyorlar. Buyursunlar!<\/p>\n\n\n\n<p><strong>Konfederasyon<\/strong><\/p>\n\n\n\n<p>T\u00fcrk-\u0130\u015f\u2019in sab\u0131k&nbsp; Genel Ba\u015fkan\u0131 nedense bana hep tela\u015f i\u00e7inde \u00e7\u0131rp\u0131nan bir ku\u015fu hat\u0131rlatm\u0131\u015ft\u0131r.&nbsp; T\u00fcrk-\u0130\u015f Kongresi s\u0131ras\u0131nda yapt\u0131\u011f\u0131 konu\u015fma bu izlenimimi daha da g\u00fc\u00e7lendirdi. \u0130\u015flerin sarpa sarmakta oldu\u011funu, uzla\u015fma imk\u00e2n\u0131 kalmad\u0131\u011f\u0131n\u0131 anlay\u0131nca hemen k\u00fcrs\u00fcye f\u0131rlayarak, \u201cKumlu, Cumhuriyet mitinglerine kar\u015f\u0131 \u00e7\u0131karak, onlar\u0131n kar\u015f\u0131s\u0131nda bir ba\u015fka platform kurulmas\u0131n\u0131 \u00f6nerdi\u201d \u015feklinde \u015fak\u0131maya ba\u015flad\u0131. Bak sen \u015fu i\u015fe! O ana kadar gayet \u201cdemokratik\u201d bir yar\u0131\u015f halinde devam eden Kongre, ans\u0131z\u0131n bir tuhaf oldu. Genel Ba\u015fkan aday\u0131, Cumhuriyet de\u011ferlerine kar\u015f\u0131; dahas\u0131, Cumhuriyet de\u011ferlerini savunanlar\u0131n kar\u015f\u0131s\u0131nda&nbsp;&nbsp; anti-laik bir i\u015f\u00e7i platformu kurmay\u0131 \u00f6nerecek kadar iktidar yanl\u0131s\u0131. Peki&nbsp; Konfederasyon\u2019un Genel Sekreteri olan Kumlu\u2019yla Genel Ba\u015fkan\u0131 olan Salih K\u0131l\u0131\u00e7 bunca zaman nas\u0131l birlikte olabilmi\u015fler?&nbsp; Kongre ortam\u0131nda kim kime \u201czarf atm\u0131\u015f\u201d, kimin zulas\u0131 patlam\u0131\u015f, nas\u0131l bir \u201cuzla\u015fma\/pazarl\u0131k\u201d varm\u0131\u015f da bozulmu\u015f, belli de\u011fil. \u00d6nemli de de\u011fil. \u00d6nemli olan, AKP\u2019nin kendi burjuvazisini yaratt\u0131ktan sonra, kendi proletaryas\u0131n\u0131 da yaratma konusunda \u00f6nemli bir ad\u0131m atm\u0131\u015f ve T\u00fcrk-\u0130\u015f Y\u00f6netimi\u2019ni ele ge\u00e7irmi\u015f olmas\u0131d\u0131r.<\/p>\n\n\n\n<p>Peki buna \u015fa\u015facak m\u0131y\u0131z? Hay\u0131r, \u00e7\u00fcnk\u00fc bu bir hegemonya m\u00fccadelesidir. Bir kar\u015f\u0131-hegemonya aday\u0131 yoksa, hegemonik g\u00fc\u00e7, \u00e7emberi tamamlamak i\u00e7in elinden geleni yapar, kimsenin g\u00f6z\u00fcn\u00fcn ya\u015f\u0131na bakmaz.&nbsp; Mustafa Kumlu, Tes-\u0130\u015f\u2019in Genel Ba\u015fkan\u0131\u2019yd\u0131. Ge\u00e7en y\u0131l Tes-\u0130\u015f\u2019in Kongresi\u2019nde konu\u015fan&nbsp; R. Tayip Erdo\u011fan&nbsp; ne demi\u015fti? Aynen \u015f\u00f6yle demi\u015fti: \u201cAKP\u2019yi biz Tes-\u0130\u015f salonlar\u0131nda kurduk.\u201d Gelece\u011fi \u00f6nceden bildiren ve niyetleri a\u00e7\u0131k eden s\u00f6zler! \u015eimdi, \u201cBunlar Cumhuriyet kar\u015f\u0131t\u0131!\u201d diye debelenmenin ne anlam\u0131 var?<\/p>\n\n\n\n<p>Tes-\u0130\u015f salonlar\u0131nda kurulan AKP, T\u00fcrk-\u0130\u015f\u2019in ba\u015f\u0131na Tes-\u0130\u015f Ba\u015fkan\u0131\u2019n\u0131 getirdi. Salonda haz\u0131r bulunan \u201claik\u201d sendikac\u0131lar, \u201cKe\u015fke daha \u00f6nce \u00f6rg\u00fctlenseydik,\u201d diye mi d\u00fc\u015f\u00fcnd\u00fcler; yoksa, \u201ctecav\u00fcz \u00f6nlenemiyorsa tad\u0131n\u0131 \u00e7\u0131karmak gerekir,\u201d diye omuz mu silktiler, bilemeyiz. &nbsp;&nbsp;O g\u00fczel insanlar o kongre salonundan ayr\u0131ld\u0131lar, son model l\u00fcks arabalar\u0131na binerek konforlu evlerine d\u00f6nd\u00fcler ve bir milyondan fazla i\u015f\u00e7inin kaderini ve eme\u011fini AKP iktidar\u0131na emanet ettiler. Ne de olsa askeri diktat\u00f6rl\u00fck h\u00fck\u00fcmetine bile&nbsp; bakan vermi\u015f (12 Eyl\u00fcl\u2019den sonra kurulan Ulusu H\u00fck\u00fcmeti\u2019nde \u00c7al\u0131\u015fma Bakan\u0131 olan T\u00fcrk-\u0130\u015f Genel Sekreteri Sad\u0131k \u015eide) bir sendika gelene\u011finden geliyorlar. Cuntac\u0131larla bile i\u015f tutmu\u015flar, AKP\u2019den mi gocunacaklar. Sendikac\u0131lar salonu terk ederlerken, ku\u015f her zamanki gibi \u00e7\u0131rp\u0131narak sendikac\u0131l\u0131\u011f\u0131 b\u0131rakt\u0131\u011f\u0131n\u0131 il\u00e2n etti.&nbsp; Akl\u0131ma hep Bertolt Brecht\u2019in \u201c\u00fcz\u00fcn\u00e7l\u00fc\/g\u00fcl\u00fcn\u00e7l\u00fc\u201d m\u00fczikal tiyatro oyunlar\u0131ndan sahneler geliyor ki, anlatmas\u0131 hem zor olur, hem de uzun s\u00fcrer.<\/p>\n\n\n\n<p><strong>\u0130\u015f\u00e7i \u00c7ocu\u011fu<\/strong><\/p>\n\n\n\n<p>Cumhurba\u015fkan\u0131 G\u00fcl, Kongre\u2019de kendisinin de i\u015f\u00e7i \u00e7ocu\u011fu oldu\u011funu neden s\u00f6yledi\u011fini a\u00e7\u0131klarken, \u015f\u00f6yle dedi: &nbsp;&#8220;Bunu size demokrasinin, Cumhuriyet&#8217;in \u015fimdi hangi noktada oldu\u011funu g\u00f6rmeniz i\u00e7in s\u00f6yl\u00fcyorum. Art\u0131k s\u0131n\u0131f ayr\u0131mlar\u0131n\u0131n olmad\u0131\u011f\u0131n\u0131, demokrasinin ne kadar sa\u011flamla\u015ft\u0131\u011f\u0131n\u0131 bilmenizi istiyorum.&#8221;&nbsp; Kendisinin Cumhurba\u015fkan\u0131 olmas\u0131n\u0131, s\u0131n\u0131f ayr\u0131mlar\u0131n\u0131n ortadan kalkmas\u0131 olarak yorumluyor ve bunun demokrasiyi g\u00fc\u00e7lendirdi\u011fini s\u00f6yl\u00fcyor. Kast ile s\u0131n\u0131f ayr\u0131m\u0131n\u0131 bilmiyor. S\u0131n\u0131f ayr\u0131mlar\u0131n\u0131n ortadan kalkt\u0131\u011f\u0131 kapitalist rejime fa\u015fizm dendi\u011fini de bilmiyor. \u015ea\u015f\u0131rt\u0131c\u0131 m\u0131? Hay\u0131r, \u00e7\u00fcnk\u00fc bu bir hegemonya m\u00fccadelesidir. S\u0131n\u0131flar yok, ideoloji yok, hak arama m\u00fccadelesine sayg\u0131 yok, sendikalar yok, hatta devlet yok, millet yok; &nbsp;AKP\u2019nin \u0130slami bir \u015fefkatle ku\u015fatt\u0131\u011f\u0131 bir \u00fcmmet var. Amerika\u2019n\u0131n&nbsp; deneysel \u201c\u0131l\u0131ml\u0131 \u0130slam\u201d \u00e7iftli\u011fi&#8230; &nbsp;Bat\u0131\u2019n\u0131n vah\u015fi \u0130slam topluluklar\u0131na kar\u015f\u0131 kurdu\u011fu m\u00fclayim g\u00f6r\u00fcn\u00fc\u015fl\u00fc Pentagon barikat\u0131&#8230; Ey i\u015f\u00e7iler, sendika sizin neyinize, yukar\u0131da Allah, a\u015fa\u011f\u0131da Fakir Fukara Garip Guraba fonlar\u0131 var! Ne dedi Kumlu te\u015fekk\u00fcr konu\u015fmas\u0131nda: \u201cGenel kurul kararlar\u0131 do\u011frultusunda T\u00fcrk-\u0130\u015f ve T\u00fcrk i\u015f\u00e7isi laik ve demokratik cumhuriyetin bek\u00e7isi olmaya devam edecektir.\u201d T\u00fcrk i\u015f\u00e7isi rejimin bek\u00e7isi! Sanki alay ediyor, sanki sendika ba\u015fkan\u0131 de\u011fil de \u0130\u00e7i\u015fleri Bakan\u0131 ya da 1960\u2019lardan hortlam\u0131\u015f, grev k\u0131r\u0131c\u0131 bir \u201cKom\u00fcnizmle M\u00fccadele Derne\u011fi\u201d ba\u015fkan\u0131 konu\u015fuyor.<\/p>\n\n\n\n<p><strong>Sendika\/Sanduka<\/strong><\/p>\n\n\n\n<p>T\u00fcrkiye\u2019de sendikalar, hi\u00e7bir zaman \u00f6zelle\u015ftirmelere, karar alarak, ilke koyarak kar\u015f\u0131 \u00e7\u0131kmad\u0131lar; kamu mal\u0131n\u0131n ya\u011fmalanmas\u0131na sessiz kald\u0131lar. Latin Amerika \u00fclkelerinde \u00f6zelle\u015ftirme yapmak i\u00e7in fabrika kap\u0131lar\u0131n\u0131 bazokalarla k\u0131r\u0131p i\u015f\u00e7ilerle sava\u015fmalar\u0131 gerekti. Oysa burada sendikalar, \u00f6zelle\u015ftirme, ta\u015feronla\u015ft\u0131rma konusunda tek bir ilke karar\u0131 al\u0131p m\u00fccadele etmediler. \u0130\u015f\u00e7ileri aldatt\u0131lar. Sendika de\u011fil, sanduka oldular. Eline \u201c\u00d6zelle\u015ftirmeye, IMF\u2019ye Hay\u0131r\u201d pankartlar\u0131 tutu\u015fturup eyleme s\u00fcrd\u00fckleri zaman bile, i\u015f\u00e7inin &nbsp;arkas\u0131nda durmad\u0131lar; i\u015f\u00e7inin m\u00fccadele potansiyelini, i\u00e7i bo\u015f, kof eylemlerde harcad\u0131lar. Kendi tabanlar\u0131n\u0131 yordular ve y\u0131ld\u0131rd\u0131lar. \u015eimdi kendileri \u00f6zelle\u015ftiriliyor. Bunda \u015fa\u015f\u0131lacak ne var?&nbsp; Kendi i\u015flerini yapacak yerde, CHP\u2019ye alternatif olu\u015fturma pe\u015fine d\u00fc\u015ft\u00fcler; Avrupa fonlar\u0131na y\u00f6neldiler; \u201cverimlilik\u201d ve memleketin y\u00fcksek menfaatleri i\u00e7in i\u015fverenle i\u015fbirli\u011fi yapt\u0131lar. Sendikal\u0131 i\u015f\u00e7i say\u0131s\u0131 her ge\u00e7en g\u00fcn azal\u0131rken, Karen Fogg\u2019la&nbsp; Avrupa fonlar\u0131ndan para edinmek i\u00e7in pazarl\u0131k yapt\u0131klar\u0131, buna kar\u015f\u0131 \u00e7\u0131kan sendikalar\u0131 Avrupa Konseyi\u2019ne \u015fik\u00e2yet etmeye kalkt\u0131klar\u0131 &nbsp;yalan m\u0131?<\/p>\n\n\n\n<p>&nbsp;&nbsp;&nbsp;&nbsp;&nbsp;&nbsp;&nbsp;&nbsp; Memleketin havas\u0131ndan m\u0131d\u0131r, suyundan m\u0131d\u0131r bilinmez, ancak bu \u00fclkenin sendikalar\u0131nda plebyen, proleter bir muhalefetin olu\u015famad\u0131\u011f\u0131, bir \u201cEzilenler Manifestosu\u201dnun sendikalar\u0131n kap\u0131s\u0131na kap\u0131s\u0131na \u00e7ak\u0131lamad\u0131\u011f\u0131 kesindir. B\u00fcy\u00fck g\u00fc\u00e7t\u00fcr, i\u015f\u00e7i s\u0131n\u0131f\u0131n\u0131n sendikal \u00f6rg\u00fct\u00fcd\u00fcr diye, bunca zamand\u0131r bu kurumlar\u0131n pe\u015finden ko\u015fan, her t\u00fcrl\u00fc rezilli\u011fi g\u00f6rmezlikten gelen, i\u015f\u00e7i s\u0131n\u0131f\u0131n\u0131n&nbsp; parampar\u00e7a edilmesine seyirci kalan sosyalistlere yaz\u0131klar olsun!<\/p>\n\n\n\n<p>\u00c7e\u015fitli yorumlar getirmek,&nbsp; 1960\u2019l\u0131 y\u0131llardan ba\u015flayarak 12 Eyl\u00fcl yasalar\u0131na kadar gitmek m\u00fcmk\u00fcnd\u00fcr, ancak sonu\u00e7 de\u011fi\u015fmez. Zaten bu sendikac\u0131lar\u0131n babayi\u011fit olanlar\u0131n\u0131, devrimci olanlar\u0131n\u0131 (Necmettin Giritlio\u011flu, 1970) ya da atak olup s\u0131n\u0131r \u00e7izgisini ge\u00e7enlerini (\u015eemsi Denizer, 1990) kamyon \u015fof\u00f6rlerine ya da sarho\u015f lumpenlere tabancayla vurdurup \u00f6ld\u00fcrm\u00fc\u015flerdir. \u00d6ld\u00fcr\u00fclmeyenlerin m\u00fccadelesi zihinlerden silinmi\u015f,&nbsp; belleklerden kaz\u0131nm\u0131\u015f; kendileri cezaevi k\u00f6\u015felerinde ya da yoksulluk i\u00e7inde unutulmaya terk edilmi\u015ftir. &nbsp;1960\u2019lar\u0131n b\u00fcy\u00fck grevleri;&nbsp;&nbsp; gecekondu halk\u0131n\u0131n var g\u00fcc\u00fcyle destekledi\u011fi Pa\u015fabah\u00e7e grevi; Ey\u00fcp halk\u0131n\u0131n kad\u0131n erkek \u00e7oluk \u00e7ocuk destekledi\u011fi Kavel grevi ve direni\u015fi; Kozlu direni\u015fi; 15-16 Haziran eylemleri; hatta 1977\u2019nin b\u00fcy\u00fck MESS grevleri; hatta 1989\u2019un ilkbahar i\u015f\u00e7i eylemleri, bug\u00fcn\u00fcn sendikac\u0131lar\u0131n\u0131n r\u00fcyalar\u0131nda g\u00f6rseler hayra yormayacaklar\u0131&nbsp; b\u00fcy\u00fck s\u0131n\u0131f m\u00fccadelesi olaylar\u0131d\u0131r.<\/p>\n\n\n\n<p>&nbsp;\u015eu anda T\u00fcrkiye\u2019de bir i\u015f\u00e7i m\u00fccadelesi yoktur ve &nbsp;mevcut sendikalar b\u00f6yle bir m\u00fccadele potansiyelinin ba\u015fl\u0131ca engelleyicisi durumundad\u0131rlar ve en b\u00fcy\u00fck i\u015f\u00e7i konfederasyonu iktidar partisinin eline ge\u00e7mi\u015ftir. \u015ea\u015f\u0131rt\u0131c\u0131 m\u0131? Hay\u0131r, \u00e7\u00fcnk\u00fc bu bir hegemonya m\u00fccadelesidir. Hegemonik g\u00fc\u00e7, e\u015fit kuvvette, \u00f6rg\u00fctl\u00fc bir g\u00fc\u00e7le kar\u015f\u0131la\u015fana kadar yoluna devam edecektir.<\/p>\n\n\n\n<p><strong>Neden Olmas\u0131n?<\/strong><\/p>\n\n\n\n<p>Yoksa yan\u0131l\u0131yor muyuz? Belki de bu kadar karamsar olmaya gerek yoktur. Bir de bakm\u0131\u015fs\u0131n\u0131z, salonun \u0131\u015f\u0131klar\u0131 yan\u0131vermi\u015f. The Blob\u2019un bir film, bir Holywood kurgusu oldu\u011funu anlam\u0131\u015fs\u0131n\u0131z. Steve McQuinn onu \u00f6ld\u00fcrm\u00fc\u015f, par\u00e7a pin\u00e7ik etmi\u015f (bu arada filmin sonunu ger\u00e7ekten hat\u0131rlam\u0131yorum).\u00a0 Art\u0131k sokaklarda ye\u015fil ye\u015fil \u00e7o\u011falarak, insanlar\u0131n beynini yutup sindiremiyormu\u015f bu y\u00fczden. Ya da AKP ger\u00e7ekten demokratik bir partiymi\u015f, memlekete demokrasi getirmek i\u00e7in \u00e7\u0131rp\u0131n\u0131yormu\u015f, ama birazc\u0131k da dindarm\u0131\u015f. Bunda ne varm\u0131\u015f? Yani o normal bir partiymi\u015f de, biz paranoyak, demokrasi, \u00f6zg\u00fcrl\u00fck ve insan haklar\u0131 d\u00fc\u015fman\u0131 ve dahi \u00a0milliyet\u00e7i, hatta fa\u015fist ve \u015fa\u015fk\u0131n bir kom\u00fcnist oldu\u011fumuz i\u00e7in \u201cuyuyan k\u00f6pekler\u201d gibi k\u00e2bus g\u00f6r\u00fcp b\u00f6yle hezeyanlar ge\u00e7iriyormu\u015fuz. Bizler Ingmar Bergman\u2019\u0131n 7. M\u00fch\u00fcr\u00a0 filminin son sahnesindeki gibi bir \u00f6l\u00fcm dans\u0131yla alemi terk ederken, halk\u0131m\u0131z Nak\u015fibendi\/G\u00fcm\u00fc\u015fhanevi\u00a0 rehavetinde hidayete ererek \u00a0\u00a07. as\u0131rla 21. as\u0131r aras\u0131ndaki asma k\u00f6pr\u00fcden ge\u00e7ip vaat edilmi\u015f cennet bah\u00e7elerine ula\u015facak ve ebedi huzura kavu\u015facakm\u0131\u015f. Neden olmas\u0131n? <em>RED<\/em>, 13 . 12. 2007 \u00a0<\/p>\n","protected":false},"excerpt":{"rendered":"<p>Yavuz Alogan &nbsp;&nbsp;&nbsp;&nbsp;&nbsp;&nbsp;&nbsp;&nbsp; Gen\u00e7ler belki hat\u0131rlamaz, eskiden \u201cThe Blob\u201d diye bir film vard\u0131. Ba\u015frolde Steve McQueen oynuyordu (art\u0131k onu da pek kimse hat\u0131rlamaz). 1958 yap\u0131m\u0131 filmde, bir Amerikan kasabas\u0131na g\u00f6kten bir cisim d\u00fc\u015f\u00fcyor ve yap\u0131\u015f yap\u0131\u015f \u00e7o\u011fal\u0131p her yere yay\u0131l\u0131yor, insan v\u00fccuduyla beslenerek gittik\u00e7e b\u00fcy\u00fcyor ve her yeri kapl\u0131yordu. Ge\u00e7en Cumartesi g\u00fcn\u00fc Kale\u2019den Samanpazar\u0131\u2019na do\u011fru &hellip; <\/p>\n<p class=\"link-more\"><a href=\"http:\/\/yavuzalogan.com\/?p=283\" class=\"more-link\">Continue reading<span class=\"screen-reader-text\"> &#8220;YE\u015e\u0130L \u015eEY&#8221;<\/span><\/a><\/p>\n","protected":false},"author":1,"featured_media":0,"comment_status":"open","ping_status":"open","sticky":false,"template":"","format":"standard","meta":{"footnotes":""},"categories":[1],"tags":[],"class_list":["post-283","post","type-post","status-publish","format-standard","hentry","category-uncategorized"],"_links":{"self":[{"href":"http:\/\/yavuzalogan.com\/index.php?rest_route=\/wp\/v2\/posts\/283","targetHints":{"allow":["GET"]}}],"collection":[{"href":"http:\/\/yavuzalogan.com\/index.php?rest_route=\/wp\/v2\/posts"}],"about":[{"href":"http:\/\/yavuzalogan.com\/index.php?rest_route=\/wp\/v2\/types\/post"}],"author":[{"embeddable":true,"href":"http:\/\/yavuzalogan.com\/index.php?rest_route=\/wp\/v2\/users\/1"}],"replies":[{"embeddable":true,"href":"http:\/\/yavuzalogan.com\/index.php?rest_route=%2Fwp%2Fv2%2Fcomments&post=283"}],"version-history":[{"count":1,"href":"http:\/\/yavuzalogan.com\/index.php?rest_route=\/wp\/v2\/posts\/283\/revisions"}],"predecessor-version":[{"id":284,"href":"http:\/\/yavuzalogan.com\/index.php?rest_route=\/wp\/v2\/posts\/283\/revisions\/284"}],"wp:attachment":[{"href":"http:\/\/yavuzalogan.com\/index.php?rest_route=%2Fwp%2Fv2%2Fmedia&parent=283"}],"wp:term":[{"taxonomy":"category","embeddable":true,"href":"http:\/\/yavuzalogan.com\/index.php?rest_route=%2Fwp%2Fv2%2Fcategories&post=283"},{"taxonomy":"post_tag","embeddable":true,"href":"http:\/\/yavuzalogan.com\/index.php?rest_route=%2Fwp%2Fv2%2Ftags&post=283"}],"curies":[{"name":"wp","href":"https:\/\/api.w.org\/{rel}","templated":true}]}}