{"id":281,"date":"2006-11-19T11:32:54","date_gmt":"2006-11-19T09:32:54","guid":{"rendered":"http:\/\/yavuzalogan.com\/?p=281"},"modified":"2020-07-10T11:36:56","modified_gmt":"2020-07-10T09:36:56","slug":"yozgat-ile-musulun-kaderini-birlestiren-adam","status":"publish","type":"post","link":"http:\/\/yavuzalogan.com\/?p=281","title":{"rendered":"YOZGAT \u0130LE MUSUL\u2019UN KADER\u0130N\u0130                        B\u0130RLE\u015eT\u0130REN ADAM!"},"content":{"rendered":"\n<p>Yavuz Alogan<\/p>\n\n\n\n<p>&nbsp;&nbsp;&nbsp;&nbsp;&nbsp;&nbsp;&nbsp;&nbsp; Polislik mesle\u011fi baz\u0131 insanlar\u0131n \u00fczerinde do\u011fu\u015ftan edinilmi\u015f bir&nbsp; tak\u0131m elbise gibi durur.&nbsp; Genel m\u00fcd\u00fcrl\u00fck, bakanl\u0131k, siyasi parti liderli\u011fi gibi sonradan edinilmi\u015f kisveler, bu do\u011fal elbisenin&nbsp; duru\u015funu bozmaz, ceketin yakas\u0131na ili\u015ftirilmi\u015f birer rozet gibi kal\u0131r.<\/p>\n\n\n\n<p>\u0130ster Ankara\u2019da ister Paris\u2019te olun, onu ilk g\u00f6r\u00fc\u015fte hemen tan\u0131rs\u0131n\u0131z. Tav\u0131rlar\u0131ndaki rahatl\u0131k, \u00e7evreyi ve insanlar\u0131 tarassut eden k\u00fcl yutmaz bak\u0131\u015flar\u0131na&nbsp; ili\u015fmi\u015f \u201cacaba?\u201dsorusuyla \u00e7eli\u015fir. Normal insanlarda g\u00f6r\u00fclmeyen bir dikkatle bakar \u00e7evresine, durumu tartar, konu\u015furken s\u00f6zlerine de bula\u015fan&nbsp; babayani bir hali vard\u0131r. \u00c7ok vartalar atlatm\u0131\u015f, ger\u00e7ek bir hizmet adam\u0131 olarak elinden geleni yapm\u0131\u015f, devletin suna\u011f\u0131nda kalbini \u00e7\u0131kar\u0131p milletin selametine adam\u0131\u015ft\u0131r.<\/p>\n\n\n\n<p>Mehmet A\u011far b\u00f6yle birisi. Milletvekili dokunulmazl\u0131\u011f\u0131n\u0131n z\u0131rh\u0131, daha derinlerdeki bir ba\u015fka z\u0131rh\u0131n \u00fczerinde s\u00fcs gibi duruyor. Kas\u0131m 1996\u2019da Meclis Genel Kurulu\u2019nda Susurluk Kazas\u0131\u2019yla ilgili&nbsp; ara\u015ft\u0131rma komisyonunun kurulmas\u0131 i\u00e7in&nbsp; yap\u0131lan oylamada \u201ckabul\u201d oyu kullanacak kadar rahat; Mart 1997\u2019de&nbsp;&nbsp; m\u00fclkiye m\u00fcfetti\u015flerine \u201ckay\u0131p silahlar\u201d\u0131n hangi ama\u00e7la kullan\u0131laca\u011f\u0131n\u0131 bildi\u011fini ve bu konuda Korkut Eken\u2019e yaz\u0131l\u0131 emir verdi\u011fini, ancak konu \u201cdevlet s\u0131rr\u0131\u201d kapsam\u0131nda oldu\u011fu i\u00e7in&nbsp; daha fazla a\u00e7\u0131klama yapmayaca\u011f\u0131n\u0131 s\u00f6yleyecek kadar pervas\u0131z.&nbsp; Arkas\u0131nda bir t\u00fcr devletin sars\u0131lmaz bir kaya gibi durmakta oldu\u011funu ima etmekten asla \u00e7ekinmez.<\/p>\n\n\n\n<p>\u201cDerin devlet\u201din asl\u0131nda \u201cmilletin iradesi\u201d oldu\u011funu s\u00f6yleyen adam. \u201cHer \u015fey MGK\u201dn\u0131n bilgisi dahilinde\u201d s\u00f6z\u00fc de ona ait. Kendisini ele\u015ftiren milletin temsilcilerine, \u201cBu hesapla\u015fma s\u00fcrecek,\u201d diye seslenmi\u015ftir.<\/p>\n\n\n\n<p>&nbsp;&nbsp;&nbsp;&nbsp;&nbsp;&nbsp;&nbsp;&nbsp; Bah\u00e7elievler katliam\u0131na bir elbise ask\u0131s\u0131yla insan bo\u011farak katk\u0131da bulunan \u201c\u0130di Amin\u201d lakapl\u0131&nbsp; Haluk K\u0131rc\u0131\u2019n\u0131n d\u00fc\u011f\u00fcn\u00fcnde gelinin nik\u00e2h \u015fahidi! O s\u0131ralarda Erzurum valisi. \u00c7iller\u2019in Emniyet Genel M\u00fcd\u00fcr\u00fc olarak \u201cT\u00fcrkiye\u2019de i\u015fkence yoktur,\u201d demesine daha bir y\u0131l var. \u201c1000 Operasyon\u201d a imza ataca\u011f\u0131 g\u00fcnlerin hen\u00fcz ba\u015f\u0131nda. Ankara Emniyet M\u00fcd\u00fcr\u00fc\u2019yken Semra \u00d6zal\u2019a \u00f6ylesine hizmet eder ki, ad\u0131 \u201cPapatya B\u00fcrokrat\u201da \u00e7\u0131kar.<\/p>\n\n\n\n<p>&nbsp; &nbsp;&nbsp;&nbsp;&nbsp;&nbsp;&nbsp; Susurluk\u2019ta kamyona \u00e7arpan arabadaki silahlar ve ki\u015filer i\u00e7in verdi\u011fi ilk deme\u00e7 nas\u0131l unutulabilir?&nbsp; \u201cSilahlar\u0131 g\u00fcvenlik g\u00fc\u00e7lerine teslim etmeye g\u00f6t\u00fcr\u00fcyorlard\u0131,\u201d demi\u015fti. Tipik polis tavr\u0131; \u00fcst perdeden konu\u015funca herkesi inand\u0131raca\u011f\u0131ndan emin.<\/p>\n\n\n\n<p>Uyu\u015fturucu ka\u00e7ak\u00e7\u0131l\u0131\u011f\u0131yla su\u00e7lanan Ya\u015far \u00d6z ile&nbsp; esrarengiz bi\u00e7imde s\u0131rra kadem basan Tar\u0131k \u00dcmit\u2019e sahte ye\u015fil pasaport vermi\u015f miydi ger\u00e7ekten? \u00c7atl\u0131\u2019n\u0131n silah ta\u015f\u0131ma ruhsat\u0131ndaki imza kime aitti? &nbsp;&nbsp;Peki ya Erol Evcil\u2019in u\u00e7a\u011f\u0131n\u0131 hangi ama\u00e7la kullanm\u0131\u015ft\u0131? Mesut Y\u0131lmaz bu u\u00e7ak kullanma olay\u0131n\u0131 a\u00e7\u0131klay\u0131nca, ink\u00e2r&nbsp; etmedi. Su\u00e7 i\u015flemek i\u00e7in \u00e7ete kurmak, \u201ctaamm\u00fcden adam \u00f6ld\u00fcrmeye azmettirmek\u201d, \u201ctehditle menfaat sa\u011flamak\u201d su\u00e7lar\u0131ndan hakk\u0131nda bir kez idam ve 27 y\u0131ldan 44 y\u0131la kadar hapis cezas\u0131 istenen Erol Evcil\u2019le nas\u0131l bir ili\u015fkisi vard\u0131?<\/p>\n\n\n\n<p>&nbsp;&nbsp;&nbsp;&nbsp;&nbsp;&nbsp;&nbsp;&nbsp; Genel Ba\u015fkan\u0131 Tansu \u00c7iller\u2019in, devlet u\u011fruna kur\u015fun atan\u0131n da yiyenin de \u015ferefli oldu\u011funu \u201ca\u00e7\u0131k se\u00e7ik\u201d ifade etmesine ra\u011fmen, DYP\u2019den neden istifa etmi\u015fti? Yoksa&nbsp; devletin belirledi\u011fi s\u0131n\u0131rlar\u0131, kendi partisinin ba\u015f\u0131n\u0131 derde sokacak \u00f6l\u00e7\u00fcde&nbsp; a\u015fm\u0131\u015f m\u0131yd\u0131? O s\u0131ralarda ba\u015f\u0131n\u0131n derde girmesi an meselesiydi. Nitekim \u0130stanbul DGM Mahkemesi Savc\u0131l\u0131\u011f\u0131 dava a\u00e7makta gecikmedi. \u201cC\u00fcr\u00fcm i\u015flemek i\u00e7in \u00e7ete kurmak, tevkif m\u00fczekkeresi bulunan ki\u015fileri yetkili mercilere haber vermemek vb. su\u00e7lardan \u00f6t\u00fcr\u00fc 6 y\u0131ldan 12 y\u0131la kadar hapis cezas\u0131yla &nbsp;tecziyesine&#8230;\u201d Ama, hay\u0131r!.. Adalet\u2019in \u00e7arklar\u0131na bir \u015fey s\u0131k\u0131\u015fm\u0131\u015ft\u0131! Yarg\u0131tay karar\u0131 bozdu, DGM \u00f6nce \u201cg\u00f6revsizlik\u201d karar\u0131 verdi,&nbsp; sonra \u201cyarg\u0131laman\u0131n durdurulmas\u0131\u201dna h\u00fckmetti ve&nbsp; Meclis Soru\u015fturma Komisyonu \u201c\u015fahs\u0131n\u201d Y\u00fcce Divan\u2019a sevkine gerek olmad\u0131\u011f\u0131 sonucuna vard\u0131. Su\u00e7 i\u015flemek amac\u0131yla te\u015fekk\u00fcl olu\u015fturmam\u0131\u015ft\u0131. Peki ne yapm\u0131\u015ft\u0131? Hi\u00e7bir zaman anla\u015f\u0131lamad\u0131.<\/p>\n\n\n\n<p>&nbsp;&nbsp;&nbsp;&nbsp;&nbsp;&nbsp;&nbsp;&nbsp; U\u011fur Mumcu \u00f6ld\u00fcr\u00fcld\u00fc\u011f\u00fcnde taziyeye gider. Vefak\u00e2rd\u0131r, duyarl\u0131d\u0131r, hatta duygusald\u0131r; cenazeleri, taziye f\u0131rsatlar\u0131n\u0131 asla ka\u00e7\u0131rmaz. O s\u0131rada Emniyet Genel M\u00fcd\u00fcr\u00fc\u2019d\u00fcr. G\u00fcldal Mumcu\u2019ya, \u201cTu\u011flalar \u00fcst \u00fcste y\u0131\u011f\u0131l\u0131yor,\u201d der, \u201cbir duvar olu\u015fuyor kar\u015f\u0131m\u0131zda.\u201d G\u00fcldal Mumcu, \u201c\u00c7ekin tu\u011flay\u0131 duvar y\u0131k\u0131ls\u0131n; \u00e7ekin ve kenara \u00e7ekilin,\u201d diye \u0131srar eder.&nbsp; &nbsp;&nbsp;Mehmet A\u011far, \u00fczg\u00fcnd\u00fcr. \u201cOna kimse cesaret edemez,\u201d diye kar\u015f\u0131l\u0131k verir. \u201c\u00c7ok \u00f6z\u00fcr dilerim, bunu yapamam,\u201d der. &nbsp;Sanki bir Shakespeare trajedisinden replikler! Ya da sanki Hegel\u2019in fail ile kurban\u0131 ayn\u0131 \u00e7ark\u0131n i\u00e7inde \u00f6\u011f\u00fcten&nbsp; metafizik-mutlak devletinin iradesi ya da&nbsp; Hobbes\u2019un Leviethan\u2019\u0131 kar\u015f\u0131s\u0131nda&nbsp; \u00e7aresiz kalan bireyler konu\u015fmaktad\u0131r.<\/p>\n\n\n\n<p>&nbsp;&nbsp;&nbsp;&nbsp;&nbsp;&nbsp;&nbsp;&nbsp; 1996\u2019da Refah-Yol h\u00fck\u00fcmetinin \u0130\u00e7i\u015fleri Bakanl\u0131\u011f\u0131\u2019ndan istifa etti\u011finde teknesi h\u0131zla su almaya ba\u015flam\u0131\u015ft\u0131, fakat Elaz\u0131\u011f halk\u0131 onu \u201cba\u011fr\u0131na bast\u0131.\u201d O zamana kadar hi\u00e7bir ba\u011f\u0131ms\u0131z milletvekili aday\u0131na nasip olmayan say\u0131da oy alarak (68 540)&nbsp; yeniden milletvekili oldu.<\/p>\n\n\n\n<p>2002 se\u00e7imlerinden sonra onu DYP Genel Ba\u015fkanl\u0131\u011f\u0131\u2019na hangi dinamikler ta\u015f\u0131d\u0131? Demirel\u2019in katk\u0131s\u0131 oldu mu, parti kulislerinde neler konu\u015fuldu?&nbsp; \u0130smet Sezgin\u2019in &nbsp;b\u00fcy\u00fck bir tantanayla Demokrat T\u00fcrkiye Partisi\u2019nin ba\u015f\u0131na ge\u00e7irdi\u011fi, daha sonra DYP\u2019ye giren, parlak diplomat Mehmet Ali Bayar\u2019\u0131, Reha \u00c7amuro\u011flu\u2019yla birlikte \u00f6nce Genel Ba\u015fkan Yard\u0131mc\u0131s\u0131 yapt\u0131, daha sonra bir bi\u00e7imde istifa etmelerini sa\u011flad\u0131. DYP\u2019nin iki il ba\u015fkan\u0131 durumu \u015fu s\u00f6zlerle \u00f6zetlediler: \u201cKurulu\u015fu, varl\u0131\u011f\u0131, olu\u015fumu, sivil ve demokrat olan partinin ba\u015f\u0131na &#8230; derin devlet \u015fapkas\u0131 ta\u015f\u0131yan Mehmet A\u011far\u2019\u0131n gelmesiyle DYP\u2019ye misyonuna uymayan bir \u015fapka giydirilmi\u015ftir\u201d (<em>Radikal<\/em>, 12 May\u0131s 2005).<\/p>\n\n\n\n<p>Ac\u0131kl\u0131 s\u00f6zler! Ama il ba\u015fkanlar\u0131 yan\u0131l\u0131yorlard\u0131. Tam tersine, Mehmet A\u011far partinin ba\u015f\u0131nda e\u011freti duran yenilik\u00e7i \u015fapkay\u0131 geleneksel DP-AP-DYP \u015fapkas\u0131yla de\u011fi\u015ftirmi\u015f, bu kez Menderes-Demirel gelene\u011fini omuzlam\u0131\u015ft\u0131. O art\u0131k geleneksel merkez sa\u011f \u00e7izginin temsilcisiydi.<\/p>\n\n\n\n<p>Do\u011frusu medyay\u0131 iyi kullan\u0131yor, her daim g\u00fcndemin bir yerinden dal\u0131\u015f yapabiliyor, ekranlardan eksik olmuyordu. Herkese elini uzat\u0131yordu. \u015eemdinli\u2019de zorlanan polis memuru, silahl\u0131 \u00e7at\u0131\u015fma s\u0131ras\u0131nda onu cepten arayarak, \u201cAmirim bize yard\u0131m g\u00f6nder,\u201d diyebiliyordu mesela. &nbsp;<\/p>\n\n\n\n<p>Siyasal konumunu b\u00fcy\u00fck bir dikkatle olu\u015fturdu. K\u0131br\u0131s, AB, laiklik gibi kritik konularda hep d\u00fc\u015f\u00fck profil verdi; MHP ve ulusalc\u0131 \u00e7izgiyle aras\u0131ndaki uzak mesafeyi koruyarak&nbsp; AKP\u2019nin y\u00f6r\u00fcngesinde yeni bir s\u00f6ylem yaratmaya \u00e7al\u0131\u015ft\u0131. T\u00fcrban \u00fcniversitelerde serbest&nbsp; b\u0131rak\u0131lmal\u0131yd\u0131; memlekette irtica tehlikesi yoktu ve bu konunun s\u0131k s\u0131k g\u00fcndeme getirilmesi yanl\u0131\u015ft\u0131. Halk\u0131n muhafazak\u00e2r de\u011ferleri her \u015feyin \u00fcst\u00fcndeydi.<\/p>\n\n\n\n<p>Onun rakibi muhalefet partileri de\u011fil iktidar partisiydi. Ba\u015fa g\u00fcre\u015fiyordu. Asl\u0131nda ilk se\u00e7imlerde AKP\u2019nin koalisyon orta\u011f\u0131 olmaya haz\u0131rlan\u0131yor gibiydi; CHP\u2019nin s\u00f6ylemi MHP\u2019ninkine yakla\u015ft\u0131k\u00e7a bu y\u00f6ndeki \u00e7\u0131k\u0131\u015flar\u0131n\u0131n frekans\u0131nda bir art\u0131\u015f g\u00f6r\u00fcld\u00fc.<\/p>\n\n\n\n<p>Ama yine de eksik bir \u015feyler vard\u0131. Mesela Demirel\u2019in k\u0131vrak zek\u00e2s\u0131ndan beslenen o muhte\u015fem ve \u015fa\u015f\u0131rt\u0131c\u0131 hamaseti yeterince taklit edemiyordu. Tren kazas\u0131 oldu\u011funda, \u201cRaydan \u00e7\u0131kan tren de\u011fil, h\u00fck\u00fcmettir\u201d; kar ya\u011f\u0131p k\u00f6y yollar\u0131 kapand\u0131\u011f\u0131nda, \u201cKar alt\u0131nda kalan k\u00f6yler de\u011fil, h\u00fck\u00fcmettir\u201d; b\u00fct\u00e7e a\u00e7\u0131k verdi\u011finde, \u201cA\u00e7\u0131k veren b\u00fct\u00e7e de\u011fil, h\u00fck\u00fcmettir\u201d; ekonomi salland\u0131\u011f\u0131nda, \u201cduvara \u00e7arpan ekonomi de\u011fil, h\u00fck\u00fcmettir\u201d &nbsp;gibi s\u00f6zler s\u00f6yl\u00fcyor ve bu renksiz s\u00f6ylemin zamanla kabak tad\u0131 verece\u011fi hissediliyordu.<\/p>\n\n\n\n<p>Ona sadece vatan sath\u0131nda de\u011fil, uluslararas\u0131 alanda da g\u00fc\u00e7 kazand\u0131racak b\u00fcy\u00fck bir siyaset gerekiyordu asl\u0131nda. Bu \u00f6yle bir siyaset olmal\u0131yd\u0131 ki, AKP\u2019nin tek ba\u015f\u0131na \u00e7\u00f6zemeyece\u011fi bir sorunun \u00fcstesinden gelebilecek tek ki\u015finin Mehmet A\u011far oldu\u011funu herkes a\u00e7\u0131k\u00e7a g\u00f6rmeliydi.<\/p>\n\n\n\n<p>Polislik, milletvekilli\u011fi, bakanl\u0131k yapm\u0131\u015f, devletin b\u00fct\u00fcn koridorlar\u0131nda, salonlar\u0131nda ve dehlizlerinde uzun zaman dola\u015fm\u0131\u015f biri olarak T\u00fcrkiye\u2019de iktidara giden yolun Washington\u2019dan ge\u00e7ti\u011fini gayet iyi biliyordu. So\u011fuk Sava\u015f d\u00f6neminde de b\u00f6yleydi. Fakat \u00f6zellikle B\u00fcy\u00fck Ortado\u011fu Projesi\u2019nin harita de\u011fi\u015fikliklerini gerektirdi\u011fi bir d\u00f6nemde ABD\u2019nin deste\u011fi olmadan T\u00fcrkiye\u2019de iktidar olmak kesinlikle imk\u00e2ns\u0131zd\u0131. Bas\u0131n\u0131n deste\u011fini almak bile ABD\u2019nin sempatisini gerektiriyordu. Mehmet A\u011far, en az\u0131ndan AKP\u2019nin seyir defterini bu a\u00e7\u0131dan incelemi\u015f olmal\u0131yd\u0131. \u015eiir okudu\u011fu i\u00e7in cezaevine konulan bir adam\u0131n ABD konsolosu taraf\u0131ndan nas\u0131l ziyaret edildi\u011fini, daha milletvekili olmam\u0131\u015f parti ba\u015fkan\u0131n\u0131n Oval Ofis\u2019te nas\u0131l a\u011f\u0131rland\u0131\u011f\u0131n\u0131&nbsp; g\u00f6rm\u00fc\u015ft\u00fc.<\/p>\n\n\n\n<p>Fakat b\u00fct\u00fcn bunlar, AKP siyasetini biraz yaralam\u0131\u015f ve partiyi fazla Amerikanc\u0131 g\u00f6stermi\u015fti. \u00dcstelik Amerika ald\u0131\u011f\u0131 hizmetten de memnun kalmam\u0131\u015ft\u0131, \u00e7\u00fcnk\u00fc T\u00fcrkiye\u2019deki muhatab\u0131 \u201cat pazarl\u0131\u011f\u0131\u201d yap\u0131yor ve 1 Mart Tezkeresi\u2019nin g\u00f6sterdi\u011fi gibi en kritik anda verdi\u011fi s\u00f6zden cay\u0131veriyordu. Bol keseden vaatlerde bulunmay\u0131 gerektiren ta\u015fra politikac\u0131l\u0131\u011f\u0131 ABD\u2019nin k\u00fcresel siyasetine ve Anglo-Sakson \u201cemperyal etik\u201d anlay\u0131\u015f\u0131na uygun de\u011fildi. Ne var ki T\u00fcrkiye\u2019de AKP\u2019ye alternatif g\u00fcvenilir bir siyasal m\u00fcttefik de g\u00f6r\u00fclm\u00fcyordu. CHP ve MHP ulusalc\u0131 bir \u00e7izgi izliyorlard\u0131. \u00d6teki alternatifler pek g\u00fc\u00e7s\u00fczd\u00fc ve ABD\u2019nin yeni bir alternatif yaratacak zaman\u0131 yoktu.<\/p>\n\n\n\n<p>&nbsp;&nbsp;&nbsp;&nbsp;&nbsp;&nbsp;&nbsp;&nbsp; \u0130\u015fte bu ahval ve \u015ferait i\u00e7inde Mehmet A\u011far en uzak noktadan ve hedef \u015fa\u015f\u0131rtan bir&nbsp; at\u0131\u015f yaparak i\u015fe ba\u015flad\u0131;&nbsp; gazete man\u015fetlerine ge\u00e7en \u015fu s\u00f6zlerle yeni siyasetinin ilk ad\u0131m\u0131n\u0131 att\u0131: \u201cT\u00fcrkiye\u2019de siyasi koz bekleyip ABD\u2019den icazet bekleyen adam\u0131n siyasette bir saniye yeri olamaz; genel se\u00e7imler bitene kadar Amerika\u2019ya gitmeyece\u011fim\u201d (<em>Yeni Asya<\/em>, 21.09.2006)<\/p>\n\n\n\n<p>Buna,&nbsp; askeri literat\u00fcrde \u201cdolayl\u0131 tutum\u201d, sokak dilinde ise \u201csol g\u00f6sterip sa\u011f vurmak\u201d denir. Mehmet A\u011far, bu sis bombas\u0131n\u0131n ard\u0131ndan K\u00fcrt sorununu \u00e7\u00f6zebilecek&nbsp; tek adam olarak ortaya \u00e7\u0131kt\u0131. Asl\u0131nda s\u00f6yledikleri,&nbsp; General&nbsp; Ralston dolay\u0131m\u0131yla ABD\u2019nin, Barzani ve Talabani\u2019nin, hatta PKK\u2019n\u0131n taleplerinin biraz kar\u0131\u015f\u0131k bi\u00e7imde ifade edilmesinden ibaretti. PKK da\u011fda silahla dola\u015faca\u011f\u0131na d\u00fcz ovada siyaset yapmal\u0131yd\u0131. Ovadan da\u011fa adam dev\u015firen mekanizmaya \u00e7omak sokacakt\u0131, Mehmet A\u011far. \u00d6yle bir i\u015f yapacakt\u0131 ki, Yozgat ile Musul\u2019un kaderi birle\u015fecekti. &nbsp;Ortaya yeni haritalar \u00e7\u0131k\u0131yordu. Bunlara kay\u0131ts\u0131z kalmak m\u00fcmk\u00fcn de\u011fildi. <em>Haber T\u00fcrk<\/em>\u2019te yapt\u0131\u011f\u0131 s\u00f6yle\u015fide (13.11.2006), \u201cBu meselenin \u00fcstesinden geliriz,\u201d diyordu. \u201cYeni ac\u0131lar ya\u015fanmas\u0131n. ABD\u2019deki haritalar ac\u0131lar\u0131 art\u0131r\u0131r, ama haritalar\u0131 k\u00fc\u00e7\u00fcltmeye kalkarlarsa biz b\u00fcy\u00fctmesini de biliriz\u201d.<\/p>\n\n\n\n<p>Haritay\u0131 k\u00fc\u00e7\u00fcltmeyi de\u011fil, b\u00fcy\u00fctmeyi d\u00fc\u015f\u00fcn\u00fcyor. Nitekim <em>H\u00fcrriyet<\/em> gazetesine (17.11.2006) verdi\u011fi m\u00fclakatta da, \u201cT\u00fcrk subay\u0131n\u0131n kafas\u0131n\u0131n d\u00f6rtte \u00fc\u00e7\u00fc Atat\u00fcrk, d\u00f6rtte biri Enver Pa\u015fa olmal\u0131d\u0131r,\u201d diyor. En y\u00fckse\u011fe \u00e7\u0131kmay\u0131 ve en fazlas\u0131n\u0131 almak istiyor. O bir maksimalist! Hafiften Te\u015fkilat\u0131 Mahsusa, fakat onlardan farkl\u0131 olarak, arkas\u0131nda bir Gladyo&nbsp; g\u00f6lgesiyle dola\u015f\u0131yor. K\u00fcrt sorununu ancak o \u00e7\u00f6zebilir.<\/p>\n\n\n\n<p>B\u00fcy\u00fck bas\u0131n bu ani hamleyi heyecanla kar\u015f\u0131lad\u0131; zira en radikal ad\u0131mlar\u0131 ancak en \u015fahin olanlar atabilirdi. Ayr\u0131ca o bir kahramand\u0131, \u00e7ete falan kurmam\u0131\u015f sadece kahramanl\u0131k yapm\u0131\u015ft\u0131. \u00dcstelik PKK\u2019yla en fazla m\u00fccadele etmi\u015f adamd\u0131. \u201cKonunun temelinde bizimle hemfikirdir,\u201d diyerek Korkut Eken\u2019i bile, PKK\u2019n\u0131n d\u00fcz ovada siyaset yapma i\u015fine raz\u0131 etti\u011fini s\u00f6yl\u00fcyordu. Onu bile raz\u0131 etti\u011fine g\u00f6re&#8230;<\/p>\n\n\n\n<p>Zamanlamaya bak\u0131n\u0131z: Ba\u015fbakan \u201calt kimlik,\u201d \u201c\u00fcst kimlik,\u201d \u201canayasal yurtta\u015fl\u0131k\u201d falan diyerek ortal\u0131\u011f\u0131 kar\u0131\u015ft\u0131rm\u0131\u015f, bizzat yaratt\u0131\u011f\u0131 batakl\u0131\u011f\u0131n i\u00e7inde debelenmekte. S\u00f6yleyecek laf\u0131 kalmam\u0131\u015f. G\u00fcneydo\u011fu\u2019dan her g\u00fcn tabutlar geliyor, kitleler \u00f6fkeyle dalgalan\u0131yor. H\u00fck\u00fcmet Talabani\u2019yi araya sokup PKK\u2019ya ate\u015fkes il\u00e2n ettiriyor. Derken ABD i\u015fe m\u00fcdahil oluyor, General Ralston\u2019u g\u00f6nderiyor. Askerler, \u201ctek militan kalmayana kadar\u201d diyerek s\u00fcreci kilitliyorlar. \u0130\u015fte tam bu noktada Mehmet A\u011far, hem h\u00fck\u00fcmete el uzat\u0131yor, hem de kilidi a\u00e7acak adam olarak ortaya \u00e7\u0131k\u0131yor. &nbsp;<\/p>\n\n\n\n<p>H\u00fck\u00fcmet kendisine uzat\u0131lan ele \u00e7aresiz yap\u0131\u015f\u0131yor. Abdullah G\u00fcl \u015f\u00f6yle diyor: \u201cSay\u0131n A\u011far &#8230; g\u00fcvenlik konular\u0131nda tecr\u00fcbeli bir isimdir. S\u00f6zlerini dikkatle de\u011ferlendirmek laz\u0131m. Ben dikkatle izliyorum\u201d (<em>Sabah<\/em>, 16.10.2006). PKK da, biraz \u015fa\u015fk\u0131n olmakla birlikte, deste\u011fini esirgemiyor. Duran Kalkan, <em>Yeni \u00d6zg\u00fcr G\u00fcndem<\/em>\u2019de (30.11.2006) \u201cA\u011far\u2019a de\u011fer bi\u00e7iyoruz,\u201d diyor. \u201cPKK\u2019ye kar\u015f\u0131 en \u00e7ok sava\u015fan, T\u00fcrkiye devletini en \u00e7ok cepheden sava\u015farak koruyan bir ki\u015fi\u201d olarak A\u011far\u2019\u0131n ger\u00e7ekleri g\u00f6rd\u00fc\u011f\u00fcn\u00fc s\u00f6yl\u00fcyor ve onu Deniz Baykal\u2019a \u00f6rnek g\u00f6steriyor. &nbsp;&nbsp;<\/p>\n\n\n\n<p>Tek itiraz Genel Kurmay Ba\u015fkan\u0131\u2019ndan geliyor. Acaba neden? &nbsp;Acaba A\u011far, uzun vadeye b\u0131rak\u0131lm\u0131\u015f bir kozu kendisine mal etti\u011fi i\u00e7in mi ona k\u0131z\u0131yorlar; yoksa&nbsp; bu \u00e7\u0131k\u0131\u015f\u0131yla ABD\u2019yle muhtemelen kapal\u0131 bi\u00e7imde s\u00fcrd\u00fcr\u00fclen pazarl\u0131klarda TSK\u2019n\u0131n konumunu mu zay\u0131flatt\u0131? &nbsp;Yoksa TSK ger\u00e7ekten ABD\u2019ye kar\u015f\u0131 konumlanmaya m\u0131 \u00e7al\u0131\u015f\u0131yor? &nbsp;Bilemiyoruz.&nbsp;<\/p>\n\n\n\n<p>A\u011far, askerlerin \u201co zat\u201d diyerek yapt\u0131klar\u0131 \u00e7\u0131k\u0131\u015fa ald\u0131rmad\u0131. O, &nbsp;\u201cpolisin genel kurmay ba\u015fkan\u0131\u201d idi. \u201cYedi\u011fim pekmez, gitti\u011fim Antep\u201d diye kar\u015f\u0131l\u0131k verdi (<em>Milliyet<\/em>, 14. 10.2006) ve&nbsp; sizin gibi pa\u015falar\u0131 cephede g\u00f6rmek isteriz, me\u00e2linde s\u00f6zler sarf etti: \u201cKodu mu oturtan pa\u015fa cephede olur.\u201d<\/p>\n\n\n\n<p>Bu siyaseti Mehmet A\u011far\u2019\u0131n tek ba\u015f\u0131na olu\u015fturdu\u011fu d\u00fc\u015f\u00fcn\u00fclemez. Nitekim kendisi de sa\u011f ve sol radikal\/liberal ayd\u0131nlarla birlikte \u00e7al\u0131\u015ft\u0131\u011f\u0131n\u0131 pek \u00e7ok kez s\u00f6yledi. Bu de\u011ferli ayd\u0131nlar\u0131n isimlerini&nbsp; hen\u00fcz bilmiyoruz, ancak yak\u0131nda birer iki\u015fer ortaya \u00e7\u0131kacaklar\u0131ndan eminiz. Do\u011fal olarak, Fetullah Hoca Efendi Hazretleri\u2019nin de b\u00f6ylesine m\u00fcmtaz bir devlet adam\u0131n\u0131n b\u00f6ylesine Amerikanc\u0131&nbsp; siyasetine destek vermemesi, kendi \u00e7izgisiyle b\u00f6ylesine aleni bir \u00e7ak\u0131\u015fmaya kay\u0131ts\u0131z kalmas\u0131 d\u00fc\u015f\u00fcn\u00fclemez. Acaba ABD, &nbsp;Fetullah\u2019\u0131n nereye yat\u0131raca\u011f\u0131n\u0131 pek bilemedi\u011fi servetini se\u00e7imlerden sonra AKP\u2019yi denetleyecek ve takviye edecek bir payanda i\u00e7in kullanmaya m\u0131 karar verdi? AKP\u2019nin \u00fcrkekli\u011fini erkekli\u011fe \u00e7evirecek yeni bir koalisyon orta\u011f\u0131 m\u0131 haz\u0131rlan\u0131yor? &nbsp;Bilemiyoruz.<\/p>\n\n\n\n<p>Peki neyi biliyoruz?<\/p>\n\n\n\n<p>\u015eunu biliyoruz: ABD, Irak\u2019ta kurulan K\u00fcrdistan\u2019\u0131n yak\u0131n gelecekte s\u0131n\u0131rlar\u0131n\u0131 T\u00fcrkiye\u2019nin G\u00fcneydo\u011fu b\u00f6lgesini de kapsayacak \u015fekilde&nbsp; geni\u015fletmesini ve Irak\u2019la de\u011fil T\u00fcrkiye\u2019yle federatif bir yap\u0131 i\u00e7inde birle\u015fmesini istiyor. T\u00fcrkiye bu &nbsp;yap\u0131y\u0131 di\u011fer b\u00f6lge devletlerine kar\u015f\u0131 korumakla g\u00f6revlendiriliyor.&nbsp; Asl\u0131nda bu, T\u00fcrkiye\u2019yi tarihsel bir&nbsp; merkezi &nbsp;ulus-devlet olmaktan \u00e7\u0131kararak&nbsp; \u00f6zerk eyaletlerden olu\u015fmu\u015f etnik-federatif bir devlete, TSK\u2019y\u0131 da b\u00f6lge odakl\u0131 bir asayi\u015f g\u00fcc\u00fcne d\u00f6n\u00fc\u015ft\u00fcrme projesinin bir par\u00e7as\u0131d\u0131r. AKP\u2019nin utanga\u00e7 bir tutumla, k\u0131y\u0131s\u0131ndan k\u00f6\u015fesinden bula\u015fmaya \u00e7al\u0131\u015ft\u0131\u011f\u0131, Mehmet A\u011far\u2019\u0131n ise bodoslamas\u0131na i\u00e7ine dalarak siyasetini kotarmaya ba\u015flad\u0131\u011f\u0131 bu proje&nbsp; bir Amerikan im\u00e2lat\u0131d\u0131r.&nbsp;<\/p>\n\n\n\n<p>Tabii siyasetin zemini kaygand\u0131r ve ABD asla tek bir ata oynamaz. Amerikan tarihinin \u00e7\u00f6pl\u00fc\u011f\u00fc, Manuel Noriega ya da Pablo Escobar gibi kullan\u0131ld\u0131ktan sonra at\u0131lm\u0131\u015f oyuncak bebeklerin \u00f6l\u00fcs\u00fcyle doludur. Dolay\u0131s\u0131yla ABD\u2019nin bu kez de b\u00fct\u00fcn yumurtalar\u0131 tek bir sepete koymad\u0131\u011f\u0131n\u0131 d\u00fc\u015f\u00fcnmek i\u00e7in pek \u00e7ok sebep vard\u0131r. &nbsp;Ancak Mehmet A\u011far\u2019\u0131n&nbsp; bu riskli \u00e7\u0131k\u0131\u015f\u0131yla b\u00fct\u00fcn yumurtalar\u0131&nbsp; Amerikan sepetine, baz\u0131lar\u0131n\u0131 k\u0131rma pahas\u0131na b\u0131rakt\u0131\u011f\u0131 ku\u015fku g\u00f6t\u00fcrmez. Gene de ABD\u2019nin b\u00f6lge siyasetlerini uygulayabilecek tek aday olarak podyumlara \u00e7\u0131kt\u0131\u011f\u0131 kesindir. &nbsp;<\/p>\n\n\n\n<p>K\u00fcrt meselesinin BOP \u00f6l\u00e7\u00fclerinde \u00e7\u00f6z\u00fclmesini isteyen herkes art\u0131k onun arkas\u0131nda saf tutacak. O bir kahraman! Memleketin da\u011f\u0131n\u0131 ta\u015f\u0131n\u0131 dola\u015f\u0131yor, Yozgat ile Musul\u2019un kaderini birle\u015ftiriyor. <em>RED<\/em>, &nbsp;19. 11. 2006<\/p>\n","protected":false},"excerpt":{"rendered":"<p>Yavuz Alogan &nbsp;&nbsp;&nbsp;&nbsp;&nbsp;&nbsp;&nbsp;&nbsp; Polislik mesle\u011fi baz\u0131 insanlar\u0131n \u00fczerinde do\u011fu\u015ftan edinilmi\u015f bir&nbsp; tak\u0131m elbise gibi durur.&nbsp; Genel m\u00fcd\u00fcrl\u00fck, bakanl\u0131k, siyasi parti liderli\u011fi gibi sonradan edinilmi\u015f kisveler, bu do\u011fal elbisenin&nbsp; duru\u015funu bozmaz, ceketin yakas\u0131na ili\u015ftirilmi\u015f birer rozet gibi kal\u0131r. \u0130ster Ankara\u2019da ister Paris\u2019te olun, onu ilk g\u00f6r\u00fc\u015fte hemen tan\u0131rs\u0131n\u0131z. Tav\u0131rlar\u0131ndaki rahatl\u0131k, \u00e7evreyi ve insanlar\u0131 tarassut eden k\u00fcl &hellip; <\/p>\n<p class=\"link-more\"><a href=\"http:\/\/yavuzalogan.com\/?p=281\" class=\"more-link\">Continue reading<span class=\"screen-reader-text\"> &#8220;YOZGAT \u0130LE MUSUL\u2019UN KADER\u0130N\u0130                        B\u0130RLE\u015eT\u0130REN ADAM!&#8221;<\/span><\/a><\/p>\n","protected":false},"author":1,"featured_media":0,"comment_status":"open","ping_status":"open","sticky":false,"template":"","format":"standard","meta":{"footnotes":""},"categories":[1],"tags":[],"class_list":["post-281","post","type-post","status-publish","format-standard","hentry","category-uncategorized"],"_links":{"self":[{"href":"http:\/\/yavuzalogan.com\/index.php?rest_route=\/wp\/v2\/posts\/281","targetHints":{"allow":["GET"]}}],"collection":[{"href":"http:\/\/yavuzalogan.com\/index.php?rest_route=\/wp\/v2\/posts"}],"about":[{"href":"http:\/\/yavuzalogan.com\/index.php?rest_route=\/wp\/v2\/types\/post"}],"author":[{"embeddable":true,"href":"http:\/\/yavuzalogan.com\/index.php?rest_route=\/wp\/v2\/users\/1"}],"replies":[{"embeddable":true,"href":"http:\/\/yavuzalogan.com\/index.php?rest_route=%2Fwp%2Fv2%2Fcomments&post=281"}],"version-history":[{"count":1,"href":"http:\/\/yavuzalogan.com\/index.php?rest_route=\/wp\/v2\/posts\/281\/revisions"}],"predecessor-version":[{"id":282,"href":"http:\/\/yavuzalogan.com\/index.php?rest_route=\/wp\/v2\/posts\/281\/revisions\/282"}],"wp:attachment":[{"href":"http:\/\/yavuzalogan.com\/index.php?rest_route=%2Fwp%2Fv2%2Fmedia&parent=281"}],"wp:term":[{"taxonomy":"category","embeddable":true,"href":"http:\/\/yavuzalogan.com\/index.php?rest_route=%2Fwp%2Fv2%2Fcategories&post=281"},{"taxonomy":"post_tag","embeddable":true,"href":"http:\/\/yavuzalogan.com\/index.php?rest_route=%2Fwp%2Fv2%2Ftags&post=281"}],"curies":[{"name":"wp","href":"https:\/\/api.w.org\/{rel}","templated":true}]}}