{"id":2036,"date":"2026-08-30T05:42:03","date_gmt":"2026-08-30T03:42:03","guid":{"rendered":"http:\/\/yavuzalogan.com\/?p=2036"},"modified":"2026-08-30T05:58:46","modified_gmt":"2026-08-30T03:58:46","slug":"buyuk-cokus","status":"publish","type":"post","link":"http:\/\/yavuzalogan.com\/?p=2036","title":{"rendered":"B\u00dcY\u00dcK  \u00c7\u00d6K\u00dc\u015e"},"content":{"rendered":"\n<figure class=\"wp-block-image size-large\"><img loading=\"lazy\" decoding=\"async\" width=\"1024\" height=\"576\" src=\"http:\/\/yavuzalogan.com\/wp-content\/uploads\/2026\/08\/Barack-1024x576.webp\" alt=\"\" class=\"wp-image-2037\" srcset=\"http:\/\/yavuzalogan.com\/wp-content\/uploads\/2026\/08\/Barack-1024x576.webp 1024w, http:\/\/yavuzalogan.com\/wp-content\/uploads\/2026\/08\/Barack-500x281.webp 500w, http:\/\/yavuzalogan.com\/wp-content\/uploads\/2026\/08\/Barack-768x432.webp 768w, http:\/\/yavuzalogan.com\/wp-content\/uploads\/2026\/08\/Barack-1536x864.webp 1536w, http:\/\/yavuzalogan.com\/wp-content\/uploads\/2026\/08\/Barack.webp 2048w\" sizes=\"auto, (max-width: 767px) 89vw, (max-width: 1000px) 54vw, (max-width: 1071px) 543px, 580px\" \/><\/figure>\n\n\n\n<p>Yavuz Alogan<\/p>\n\n\n\n<p>Toplumlar\u0131n hayat\u0131 tarihsel d\u00f6nemlere ayr\u0131l\u0131r.&nbsp; Yakla\u015f\u0131k 15-20 y\u0131l i\u00e7inde bir ku\u015fak faal \u00f6mr\u00fcn\u00fc tamamlayarak yerini bir ba\u015fka ku\u015fa\u011fa b\u0131rak\u0131r.&nbsp; Her ku\u015fa\u011f\u0131n ayr\u0131 bir maceras\u0131 vard\u0131r. Maddi ko\u015fullar, siyas\u00ee ve sosyolojik de\u011fi\u015fimler her ku\u015fa\u011f\u0131n d\u00fc\u015f\u00fcnce davran\u0131\u015f kal\u0131plar\u0131n\u0131 bi\u00e7imlendirir.<\/p>\n\n\n\n<p>Ge\u00e7mi\u015ften gelen s\u00fcreklilik devrim ve sava\u015f gibi durumlarda kopu\u015flarla kesintiye u\u011frar, yeni bir d\u00f6nem ba\u015flar, \u00f6ncekilere hi\u00e7 benzemeyen ba\u015fka bir ku\u015fak ortaya \u00e7\u0131kar. &nbsp;Mesela \u0130ttihat ve Terakki ku\u015fa\u011f\u0131 (Balkan Sava\u015f\u0131, D\u00fcnya Sava\u015f\u0131, \u0130mparatorlu\u011fun \u00e7\u00f6k\u00fc\u015f\u00fc) ile erken Cumhuriyet d\u00f6nemi ku\u015fa\u011f\u0131 (Kurulu\u015f, Devrimler, tek parti y\u00f6netimi, emperyal ge\u00e7mi\u015fle hesapla\u015fma); Demokrat Parti ku\u015fa\u011f\u0131 (\u00e7ok partili hayata ge\u00e7i\u015f, se\u00e7imle gelen iktidar\u0131n yetki s\u0131n\u0131rlar\u0131) ile 1960 ku\u015fa\u011f\u0131 (ihtil\u00e2lcilik, toplumsal ve siyas\u00ee m\u00fccadeleler) ama\u00e7, niyet ve k\u00fclt\u00fcr bak\u0131m\u0131ndan \u00e7ok farkl\u0131d\u0131r.<\/p>\n\n\n\n<p>Asl\u0131nda pek \u00e7ok ku\u015fak say\u0131labilir: 68-78 ku\u015faklar\u0131, 12 Eyl\u00fcl ku\u015fa\u011f\u0131, \u00d6zal ku\u015fa\u011f\u0131, X-Y-Z-Alfa denilen ku\u015faklar. &nbsp;Bunlar\u0131n hepsi maddi ko\u015fullara, d\u00f6nemin siyas\u00ee atmosferine g\u00f6re birbirinden k\u00fclt\u00fcrel olarak, ama\u00e7 ve niyet bak\u0131m\u0131ndan farkl\u0131d\u0131r.<\/p>\n\n\n\n<p>Ancak farkl\u0131 olmalar\u0131na ra\u011fmen b\u00fct\u00fcn bu ku\u015faklar\u0131n i\u00e7inden bir k\u0131lavuz ipi gibi ge\u00e7en ve hepsini birbirine ba\u011flayan s\u00fcreklilikler de vard\u0131r. Ayn\u0131 vatan topraklar\u0131nda birlikte ya\u015f\u0131yor olma fark\u0131ndal\u0131\u011f\u0131, her ne olursa olsun ortak kader duygusu ve en \u00f6nemlisi millet bilinci.&nbsp; Her neyi savunurlarsa savunsunlar bu \u00fclkede ya\u015fayan insanlar topluca bir millet olu\u015fturduklar\u0131n\u0131, o millete T\u00fcrk milleti denildi\u011fini, soyuna sopuna, etnik, din\u00ee, mezheb\u00ee aidiyetine bak\u0131lmaks\u0131z\u0131n her yurtta\u015f\u0131n bu milletin bir ferdi oldu\u011funu ku\u015faklar boyunca \u00f6\u011frenmi\u015f ve benimsemi\u015flerdir. &nbsp;AKP\u2019nin yukar\u0131dan ve a\u015fa\u011f\u0131dan e\u011fitim faaliyetiyle yaratmaya \u00e7al\u0131\u015ft\u0131\u011f\u0131 \u201c\u00c2s\u0131m\u2019\u0131n nesli\u201d millet yerine \u00fcmmet k\u00fclt\u00fcr\u00fcn\u00fc benimsedi\u011fi i\u00e7in bu s\u00fcrecin sonuna bir parantez olarak eklenmi\u015ftir.<\/p>\n\n\n\n<p>Devletin me\u015fruiyetinin temeli, ad\u0131 T\u00fcrk olan millettir.&nbsp; O temel par\u00e7alan\u0131rsa, Devlet\u2019e itaat mecburiyeti ortadan kalkar.<\/p>\n\n\n\n<p>Bu temel 1924 Anayasas\u0131\u2019n\u0131n 88. Maddesi\u2019yle at\u0131ld\u0131 (\u201cT\u00fcrkiye ahalisine din ve \u0131rk fark\u0131 olmaks\u0131z\u0131n vatanda\u015fl\u0131k itibariyle \u2018T\u00fcrk\u2019 \u0131tlak olunur\u201d); Mustafa Kemal 10. Y\u0131l Nutku\u2019nda \u201cB\u00fcy\u00fck T\u00fcrk milletinin bir ferdi olarak\u201d konu\u015ftu\u011funu \u00f6zellikle belirtti; mevcut Anayasa\u2019n\u0131n 10. Maddesi\u2019nde &nbsp;herkesin \u201cdil, \u0131rk, renk, cinsiyet, siyas\u00ee d\u00fc\u015f\u00fcnce, felsef\u00ee inan\u00e7, din, mezhep ve benzeri sebeplerle ay\u0131r\u0131m g\u00f6zetilmeksizin kanun \u00f6n\u00fcnde e\u015fit\u201d oldu\u011fu belirtildi.<\/p>\n\n\n\n<p>Bunlar T\u00fcrkiye Cumhuriyeti\u2019nin esas\u0131d\u0131r, temeli olu\u015fturur.<\/p>\n\n\n\n<p>Saray\u2019\u0131n y\u0131kmaya haz\u0131rland\u0131\u011f\u0131 temel budur.<\/p>\n\n\n\n<p>Bu temeli y\u0131kacaklar, Cumhuriyet d\u00f6neminden kesin bir kopu\u015fla yeni bir devlet, emperyalizmin ta\u015feronu olarak yay\u0131lmac\u0131 bir T\u00fcrk-K\u00fcrt-Arap devleti kuracaklar.&nbsp; Bu niyeti asla saklamad\u0131lar, defalarca dile getirdiler, a\u00e7\u0131k\u00e7a s\u00f6yl\u00fcyorlar.<\/p>\n\n\n\n<p>Cumhur \u0130ttifak\u0131, TBMM\u2019deki di\u011fer partileri bu \u00e7izgiye kazanmak, Devlet\u2019in asker\/sivil b\u00fcrokrasisini yat\u0131\u015ft\u0131rmak i\u00e7in elinden geleni yapacak. &nbsp;Bu \u00e7izginin neredeyse ka\u00e7\u0131n\u0131lmaz gibi g\u00f6r\u00fcnen d\u0131\u015f sava\u015f ko\u015fullar\u0131nda ya da bir yol kazas\u0131nda, \u00fclke ahalisini kaderde, tasada ve k\u0131van\u00e7ta birle\u015ftirecek bir \u00e7izgi olmad\u0131\u011f\u0131n\u0131, \u00fclkenin par\u00e7alanmas\u0131na yol a\u00e7abilece\u011fini elbette onlar da biliyor. Fakat iktidarda kalmak i\u00e7in bunu g\u00f6ze ald\u0131lar. \u0130ktidarlar\u0131n\u0131n \u00e7\u00f6kmesini ve ailelerinin bunca y\u0131l biriktirdi\u011fi serveti kaybetmesini, \u00fclkenin \u00e7\u00f6kmesinden \u00e7ok daha b\u00fcy\u00fck bir felaket olarak g\u00f6r\u00fcyorlar. Bu g\u00f6r\u00fc\u015fe sahip olan her \u015feyi g\u00f6ze al\u0131r.<\/p>\n\n\n\n<p>Daha \u015fimdiden Diyarbak\u0131r\u2019da elektrik dire\u011fine t\u0131rmanarak \u201cReber Apo\u201dnun resmini asan K\u00fcrt genci ile TBMM Ba\u015fkan\u0131\u2019n\u0131n a\u011fz\u0131ndan \u015eah \u0130smail\u2019e kar\u015f\u0131 Yavuz Sultan Selim ile \u0130drisi Bitlisi\u2019nin bir kez daha ittifak kurdu\u011funu i\u015fiten Alevi gencini ayn\u0131 kaderde, tasada k\u0131van\u00e7ta birle\u015ftirmek imk\u00e2ns\u0131z olacakt\u0131r.<\/p>\n\n\n\n<p>G\u00fcn\u00fcm\u00fczde etnik ve mezheb\u00ee b\u00f6l\u00fcc\u00fcl\u00fc\u011f\u00fcn, tarihimizde&nbsp; \u201ckavmiyet\u00e7ilik\u201d denilen sapk\u0131nl\u0131\u011f\u0131n bir devlet politikas\u0131na d\u00f6n\u00fc\u015ft\u00fc\u011f\u00fcn\u00fc anl\u0131yoruz. \u00d6mr\u00fcn\u00fc uzataca\u011f\u0131z, uluslararas\u0131 alanda sana me\u015fruiyet kazand\u0131raca\u011f\u0131z vaadiyle siyas\u00ee iktidara tarihimizin en b\u00fcy\u00fck emperyalist zokas\u0131n\u0131 yutturdular.<\/p>\n\n\n\n<p>Ne var ki bu d\u00e2hil\u00ee manzara-i um\u00fbmiye&nbsp;&nbsp; T\u00fcrk milleti taraf\u0131ndan hen\u00fcz tam olarak anla\u015f\u0131lmad\u0131. Bunun i\u00e7in tarihin biraz daha ilerlemesi, somut sonu\u00e7lar\u0131n ortaya \u00e7\u0131kmas\u0131 gerekiyor. &nbsp;AKP d\u00f6neminde yeti\u015fen ku\u015fak bu durumun kendisi ve ailesi i\u00e7in yarataca\u011f\u0131 muhtemel sonu\u00e7lar\u0131n hen\u00fcz fark\u0131nda de\u011fil.<\/p>\n\n\n\n<p>Etraf\u0131n\u0131za bak\u0131n, b\u00f6l\u00fcnme ve i\u00e7 \u00e7at\u0131\u015fma kayg\u0131s\u0131 duyan insanlar\u0131n 50-60 ya\u015f aral\u0131\u011f\u0131nda ya da daha ya\u015fl\u0131 oldu\u011funu g\u00f6r\u00fcrs\u00fcn\u00fcz.&nbsp; AKP\u2019nin neredeyse \u00e7eyrek y\u00fczy\u0131l\u0131 bulan iktidar s\u00fcresinde yeti\u015fen ku\u015fak, \u201c\u00f6rg\u00fctl\u00fc m\u00fccadele\u201d bilincinden uzakla\u015ft\u0131, uzak ge\u00e7mi\u015fin b\u00fcy\u00fck m\u00fccadeleleri \u015f\u00f6yle dursun, 1980 \u00f6ncesi T\u00fcrkiye\u2019yi bile hayal edemiyor.&nbsp; B\u0131\u00e7ak kemi\u011fe dayand\u0131\u011f\u0131nda, madencilerden Bo\u011fazi\u00e7i \u00dcniversitesi \u00f6\u011fretim \u00fcyelerine kadar her bir kesim, kendi kompartman\u0131nda, benzerleriyle dayan\u0131\u015fma imk\u00e2n\u0131 bulamadan tek ba\u015f\u0131na direnmek i\u00e7in debeleniyor. &nbsp;&nbsp;<\/p>\n\n\n\n<p>Bu arada siyas\u00ee iktidar unutulmu\u015f adl\u00ee ve siyas\u00ee cinayetleri ayd\u0131nlatarak, \u015fark\u0131c\u0131lar\u0131, sanat\u00e7\u0131lar\u0131 uyu\u015fturucudan toplay\u0131p g\u00f6t\u00fcrerek, ana muhalefet partisini par\u00e7alayarak, milletvekillerini menfaat mukabilinde kendi partisine dev\u015firerek ve b\u00fct\u00fcn bu olaylar\u0131 avucunun i\u00e7inde tuttu\u011fu merkez medyada sansasyonel haberlere d\u00f6n\u00fc\u015ft\u00fcrerek as\u0131l trajediyi (T\u00fcrk mill\u00ee kimli\u011finin ve \u00fcniter ulus-devlet\u2019in imhas\u0131) g\u00f6zlerden sakl\u0131yor.<\/p>\n\n\n\n<p>En ac\u0131 olay, Amerikal\u0131\u2019n\u0131n T\u00fcrkiye ile Suriye\u2019yi ayn\u0131 arabaya ko\u015fulmu\u015f iki at gibi g\u00f6rmesidir. &nbsp;Amerikan b\u00f6lge valisi Tom Barrack, Ahmet e\u015f-\u015eara ile bizim Cumhurba\u015fkan\u0131m\u0131z\u0131 farks\u0131z g\u00f6r\u00fcyor, ikisini de \u00e7ok seviyor. \u0130kisini de sonuna kadar \u201centegrasyon\u201da zorluyor.&nbsp; Fakat anlayamad\u0131\u011f\u0131 \u015feyler de var. Mesela Mazlum Abdi Suriye\u2019de Cumhurba\u015fkan\u0131 Ba\u015f Dan\u0131\u015fman\u0131 olurken, Abdullah \u00d6calan\u2019a&nbsp;&nbsp; \u00e7\u00f6z\u00fcm s\u00fcrecinin Silahs\u0131zlanma ve Stratejik Koordinasyon Alt Komisyonu\u2019nda k\u0131yt\u0131r\u0131k bir g\u00f6rev verilmesini muhtemelen anlayam\u0131yor. Oysa &nbsp;Bah\u00e7eli\u2019nin Cumhurba\u015fkan\u0131\u2019n\u0131n bir yard\u0131mc\u0131s\u0131 K\u00fcrt, di\u011feri Alevi olmal\u0131 \u00f6nerisiyle &nbsp;heyecanlanm\u0131\u015f olmas\u0131 gerekir. Cahil Amerikan Conisi, ba\u015f\u0131nda her kim olursa olsun T\u00fcrkiye\u2019nin bir Suriye ya da Irak olmad\u0131\u011f\u0131n\u0131 zamanla anlayacak.<\/p>\n\n\n\n<p>Neyse, uzatmayal\u0131m\u2026<\/p>\n\n\n\n<p>G\u00fcn\u00fcm\u00fczde \u00f6\u011frenme imk\u00e2n\u0131 neredeyse s\u0131n\u0131rs\u0131z.&nbsp; Cebinizdeki ak\u0131ll\u0131 \u00e2letten her habere, ayn\u0131 haberin farkl\u0131 yorumlar\u0131na an\u0131nda ula\u015fman\u0131z m\u00fcmk\u00fcn.&nbsp; \u015e\u00f6yle bir g\u00f6z at\u0131\u015fla, s\u00f6z gelimi, T\u00fcrkiye\u2019nin d\u0131\u015f politikada tarafs\u0131zl\u0131\u011f\u0131n\u0131 terk ederek Rusya\u2019yla \u00e7at\u0131\u015fma rotas\u0131na girdi\u011fini, e\u011fitim m\u00fcfredat\u0131ndan Kurtulu\u015f Sava\u015f\u0131&#8217;n\u0131n \u00e7\u0131kar\u0131ld\u0131\u011f\u0131n\u0131, \u00fclkede tipik bir iktisadi krizden \u00e7ok servet transferinin yol a\u00e7t\u0131\u011f\u0131 bir buhran oldu\u011funu; \u00f6zetle, b\u00fct\u00fcn kritik konularla ilgili her \u015feyi \u00f6\u011freniyorsunuz. Her gece hamam sohbeti gibi uzayan tv tart\u0131\u015fma programlar\u0131ndan, saat ba\u015f\u0131 ekrana d\u00fc\u015fen videolardan da \u00e7ok \u015fey \u00f6\u011freniyorsunuz.<\/p>\n\n\n\n<p>\u00d6\u011freniyorsunuz fakat bunun bir etkisi olmuyor. \u00a0\u00a0Etkisiz, yetkisiz ve ayr\u0131cal\u0131kl\u0131 parlamentonun i\u00e7inde rehin al\u0131nm\u0131\u015f milletvekillerinin de konu\u015fmaktan ba\u015fka yapabildikleri bir \u015fey yok. Ne h\u00fck\u00fcmetin icraat\u0131n\u0131 denetleme imk\u00e2n\u0131na sahipler, ne de halkla \u00f6rg\u00fctsel ba\u011flar\u0131 var. Bunlar yeni ku\u015fak politikac\u0131lar. Y\u0131\u011fma \u00fcyeli partileri te\u015fkilattan yoksun. \u00a0Milletvekillerinin \u00e7o\u011fu ta\u015fra ortam\u0131nda zenginle\u015fmi\u015f tipler; paray\u0131 bast\u0131r\u0131p milletvekili olmu\u015flar, oturduklar\u0131 yerden bak\u0131yorlar.\u00a0 \u0130ktisad\u00ee yap\u0131ya itirazlar\u0131 domates patl\u0131can h\u0131yar fiyatlar\u0131yla s\u0131n\u0131rl\u0131. D\u0131\u015f politikada \u00e7ok temkinli konu\u015fuyorlar, ters d\u00fc\u015fmeyelim diye \u00f6zen g\u00f6steriyorlar.\u00a0 Zaten zengin olanlar\u0131n siyaset yoluyla daha da zenginle\u015fme e\u011filimini Saray\u2019\u0131n sonu\u00e7 al\u0131c\u0131 bi\u00e7imde kullanmaya devam edece\u011fi ku\u015fku g\u00f6t\u00fcrmez. Bunlar mevcut Anayasa\u2019ya ettikleri yemini \u201c\u00c7er\u00e7eve Yasa\u201d olay\u0131ndaki gibi \u00e7i\u011fneyerek, t\u00fcrl\u00fc \u00e7e\u015fitli pazarl\u0131klar, al ver ili\u015fkileriyle yeni anayasa da yaparlar.<\/p>\n\n\n\n<p>2010\u2019da yarg\u0131 ba\u011f\u0131ms\u0131zl\u0131\u011f\u0131n\u0131n yok edildi\u011fini, 2017\u2019de rejimin me\u015fruti bile olmayan bir monar\u015fiye d\u00f6n\u00fc\u015ft\u00fc\u011f\u00fcn\u00fc a\u015fa\u011f\u0131 yukar\u0131 on y\u0131ll\u0131k gecikmeyle, d\u00f6n\u00fc\u015f\u00fcm\u00fcn vahim sonu\u00e7lar\u0131yla bizzat kar\u015f\u0131la\u015ft\u0131k\u00e7a anlayan yeni nesil siyaset esnaf\u0131n\u0131n, ac\u0131 ac\u0131 feryat edenler de d\u00e2hil, yak\u0131nmaktan ba\u015fka yapabilece\u011fi bir \u015fey yok.<\/p>\n\n\n\n<p>S\u00fcre\u00e7 y\u00fcr\u00fcyecek.&nbsp; \u0130nsan\u0131m\u0131z kafas\u0131n\u0131 Hakikat\u2019in duvar\u0131na \u00e7arpa \u00e7arpa \u00f6\u011frenecek. \u00d6\u011frendi\u011fi zaman belki \u00e7ok ge\u00e7 olacak, belki de tarihimizin b\u00fct\u00fcn b\u00fcy\u00fck \u00e7\u00f6k\u00fc\u015f d\u00f6nemlerinde g\u00f6r\u00fcld\u00fc\u011f\u00fc gibi yeni imk\u00e2nlar do\u011facak, sahici liderler \u00e7\u0131kacak.&nbsp; Ancak \u015fimdiki Hakikat \u015fudur ki art\u0131k k\u0131sm\u00ee \u00e7\u00f6z\u00fcm yok, topyek\u00fbn \u00e7\u00f6k\u00fc\u015f\u00fcn \u00e7\u00f6z\u00fcm\u00fc ya topyek\u00fbn olacak ya da hi\u00e7 olmayacak. <a href=\"mailto:yalogan@gmail.com\">yalogan@gmail.com<\/a> &nbsp;<\/p>\n","protected":false},"excerpt":{"rendered":"<p>Yavuz Alogan Toplumlar\u0131n hayat\u0131 tarihsel d\u00f6nemlere ayr\u0131l\u0131r.&nbsp; Yakla\u015f\u0131k 15-20 y\u0131l i\u00e7inde bir ku\u015fak faal \u00f6mr\u00fcn\u00fc tamamlayarak yerini bir ba\u015fka ku\u015fa\u011fa b\u0131rak\u0131r.&nbsp; Her ku\u015fa\u011f\u0131n ayr\u0131 bir maceras\u0131 vard\u0131r. Maddi ko\u015fullar, siyas\u00ee ve sosyolojik de\u011fi\u015fimler her ku\u015fa\u011f\u0131n d\u00fc\u015f\u00fcnce davran\u0131\u015f kal\u0131plar\u0131n\u0131 bi\u00e7imlendirir. Ge\u00e7mi\u015ften gelen s\u00fcreklilik devrim ve sava\u015f gibi durumlarda kopu\u015flarla kesintiye u\u011frar, yeni bir d\u00f6nem ba\u015flar, \u00f6ncekilere &hellip; <\/p>\n<p class=\"link-more\"><a href=\"http:\/\/yavuzalogan.com\/?p=2036\" class=\"more-link\">Continue reading<span class=\"screen-reader-text\"> &#8220;B\u00dcY\u00dcK  \u00c7\u00d6K\u00dc\u015e&#8221;<\/span><\/a><\/p>\n","protected":false},"author":1,"featured_media":0,"comment_status":"open","ping_status":"open","sticky":false,"template":"","format":"standard","meta":{"footnotes":""},"categories":[1],"tags":[],"class_list":["post-2036","post","type-post","status-publish","format-standard","hentry","category-uncategorized"],"_links":{"self":[{"href":"http:\/\/yavuzalogan.com\/index.php?rest_route=\/wp\/v2\/posts\/2036","targetHints":{"allow":["GET"]}}],"collection":[{"href":"http:\/\/yavuzalogan.com\/index.php?rest_route=\/wp\/v2\/posts"}],"about":[{"href":"http:\/\/yavuzalogan.com\/index.php?rest_route=\/wp\/v2\/types\/post"}],"author":[{"embeddable":true,"href":"http:\/\/yavuzalogan.com\/index.php?rest_route=\/wp\/v2\/users\/1"}],"replies":[{"embeddable":true,"href":"http:\/\/yavuzalogan.com\/index.php?rest_route=%2Fwp%2Fv2%2Fcomments&post=2036"}],"version-history":[{"count":4,"href":"http:\/\/yavuzalogan.com\/index.php?rest_route=\/wp\/v2\/posts\/2036\/revisions"}],"predecessor-version":[{"id":2041,"href":"http:\/\/yavuzalogan.com\/index.php?rest_route=\/wp\/v2\/posts\/2036\/revisions\/2041"}],"wp:attachment":[{"href":"http:\/\/yavuzalogan.com\/index.php?rest_route=%2Fwp%2Fv2%2Fmedia&parent=2036"}],"wp:term":[{"taxonomy":"category","embeddable":true,"href":"http:\/\/yavuzalogan.com\/index.php?rest_route=%2Fwp%2Fv2%2Fcategories&post=2036"},{"taxonomy":"post_tag","embeddable":true,"href":"http:\/\/yavuzalogan.com\/index.php?rest_route=%2Fwp%2Fv2%2Ftags&post=2036"}],"curies":[{"name":"wp","href":"https:\/\/api.w.org\/{rel}","templated":true}]}}