{"id":1970,"date":"2026-04-26T04:42:48","date_gmt":"2026-04-26T02:42:48","guid":{"rendered":"http:\/\/yavuzalogan.com\/?p=1970"},"modified":"2026-04-26T04:42:48","modified_gmt":"2026-04-26T02:42:48","slug":"varolus-sorunu","status":"publish","type":"post","link":"http:\/\/yavuzalogan.com\/?p=1970","title":{"rendered":"VAROLU\u015e SORUNU"},"content":{"rendered":"\n<figure class=\"wp-block-image size-full\"><img loading=\"lazy\" decoding=\"async\" width=\"680\" height=\"223\" src=\"http:\/\/yavuzalogan.com\/wp-content\/uploads\/2026\/04\/Koridor.jpeg\" alt=\"\" class=\"wp-image-1971\" srcset=\"http:\/\/yavuzalogan.com\/wp-content\/uploads\/2026\/04\/Koridor.jpeg 680w, http:\/\/yavuzalogan.com\/wp-content\/uploads\/2026\/04\/Koridor-500x164.jpeg 500w\" sizes=\"auto, (max-width: 680px) 100vw, 680px\" \/><\/figure>\n\n\n\n<p>Yavuz Alogan<\/p>\n\n\n\n<p>D\u00fcnya iyice tuhafla\u015ft\u0131. Katoliklerin ruhani lideri Papa XIV. Leo bile d\u00fcnyan\u0131n tersine d\u00f6nd\u00fc\u011f\u00fcn\u00fc ilan etti, bir avu\u00e7 zalimin d\u00fcnyay\u0131 harap etti\u011fini s\u00f6yledi. \u00a0Hemen ard\u0131ndan, isyank\u00e2r Ba\u015fpiskopos Carlo Maria Vigano, se\u00e7kinlerden olu\u015fan tehlikeli ve y\u0131k\u0131c\u0131 bir grubun sadece \u015firketleri de\u011fil, Bat\u0131\u2019n\u0131n b\u00fct\u00fcn kurumlar\u0131n\u0131 ve h\u00fck\u00fcmetleri de ele ge\u00e7irdi\u011fini ilan ve insanl\u0131\u011f\u0131n felakete s\u00fcr\u00fcklendi\u011fini ima etti.<\/p>\n\n\n\n<p>Tuhafl\u0131k bundan ibaret de\u011fil. ABD medyas\u0131na g\u00f6re g\u00fcnde ortalama 98 kez yalan konu\u015fan pedofil narsist h\u00f6d\u00fck Trump, K\u00f6rfez Sava\u015f\u0131\u2019n\u0131n ate\u015fi i\u00e7inde her s\u00f6z\u00fcyle petrol fiyatlar\u0131n\u0131 y\u00fckseltip al\u00e7alt\u0131yor, d\u00fcnya borsalar\u0131n\u0131 dalgaland\u0131r\u0131yor.\u00a0 K\u00fcresel mali sermaye, bu tuhaf Amerikan Jokeri\u2019nin a\u011fz\u0131na bak\u0131yor.<\/p>\n\n\n\n<p>Ulusal s\u0131n\u0131rlar\u0131 a\u015farak k\u00fcreselle\u015fen, klasik ve yeni-s\u00f6m\u00fcrgecilikten b\u00fct\u00fcn yery\u00fcz\u00fcn\u00fc s\u00f6m\u00fcrgele\u015ftirme a\u015famas\u0131na ge\u00e7en kapitalizmin a\u015f\u0131r\u0131 derecede k\u0131r\u0131lganla\u015ft\u0131\u011f\u0131n\u0131, anonim \u015firket davran\u0131\u015f\u0131 g\u00f6steren b\u00fct\u00fcn devletlerin pani\u011fe kap\u0131ld\u0131\u011f\u0131n\u0131, acilen ba\u015fka bir sermaye birikim modeli ke\u015ffedemedikleri, k\u00fcresel ticareti d\u00fczenleyen yeni kurumlar olu\u015fturamad\u0131klar\u0131 taktirde d\u00fcnyay\u0131 s\u0131kan bir zincirin halkalar\u0131 gibi da\u011f\u0131lacaklar\u0131n\u0131 ve her birinin kendi \u00fclkesindeki \u00f6fkeli halk kitleleriyle kar\u015f\u0131 kar\u015f\u0131ya kalaca\u011f\u0131n\u0131 anl\u0131yoruz.<\/p>\n\n\n\n<p>Sevgili vatan\u0131m\u0131za gelince, Saray h\u00fck\u00fcmeti bu muazzam k\u00fcresel \u015famatan\u0131n orta yerinde, hatta co\u011frafi merkezinde durmu\u015f, etrafa bak\u0131n\u0131yor. \u00a0Yankee emperyalizmi Suriye\/Irak\u2019ta silahla yapt\u0131\u011f\u0131 \u015feyi burada yumu\u015fak, hatta yumu\u015fac\u0131k bir g\u00fc\u00e7le yapmaya \u00e7al\u0131\u015f\u0131yor. \u00a0Bu yumu\u015fak g\u00fcc\u00fcn cisimle\u015fmi\u015f ifadesi olan b\u00f6lge valisi Tom Barrack, onlarca y\u0131l g\u00f6zlem yapt\u0131\u011f\u0131n\u0131 (ticari i\u015flerinden artakalan zamanda!), sonunda bir karara vard\u0131\u011f\u0131n\u0131, bizim gibi \u00fclkelerin \u201cK\u00f6rfez monar\u015fileri gibi istikrarl\u0131 ve sonu\u00e7 odakl\u0131\u201d bir liderli\u011fe muhta\u00e7 oldu\u011funu s\u00f6yl\u00fcyor.<\/p>\n\n\n\n<p>Bu yakla\u015f\u0131ma kar\u015f\u0131 adam\u0131 <em>persona non grata<\/em> ilan etmenin, Lan\u00a0 ne diyorsun sen, bu Cumhuriyet\u2019i Atat\u00fcrk sava\u015farak, devrimler yaparak kurdu, anayasas\u0131nda \u201cdemokrasiye \u00e2\u015f\u0131k T\u00fcrk evlatlar\u0131\u201d yazan bir\u00a0 \u00fclkede\u2026 gibi \u015feyler s\u00f6ylemek tamamen faydas\u0131z. Barrack ile Reis\u2019imizin T\u00fcrkiye\u2019nin m\u00fcstakbel rejimi konusunda tam bir mutabakat i\u00e7inde oldu\u011funu, Trump\/Barrack ikilisinin AB \u00fclkelerini kayg\u0131land\u0131racak, <em>Wall Street Journal<\/em>\u2019a (WSJ) \u201cAmerikan el\u00e7ileri bulunduklar\u0131 \u00fclkelerde ABD politikalar\u0131n\u0131 savunmal\u0131d\u0131r\u201d dedirtecek \u00f6l\u00e7\u00fcde Saray Rejimi\u2019ni kendi \u00f6zel kullan\u0131m\u0131 (\u00f6zel stratejik kullan\u0131m\u0131!) i\u00e7in ayr\u0131 bir yere koydu\u011funu, bu y\u00fczden Say\u0131n Reis\u2019i iltifatlara bo\u011fdu\u011funu sapt\u0131yoruz.<\/p>\n\n\n\n<p>Bu a\u015f\u0131r\u0131 muhabbetin nedeni, Trump\u2019\u0131n 2024\u2019te s\u00f6yledi\u011fi \u015fu s\u00f6zlerde sakl\u0131: \u201cErdo\u011fan \u00e7ok iyi anla\u015ft\u0131\u011f\u0131m biri, \u00e7ok g\u00fc\u00e7l\u00fc bir ordu kurdu. B\u00fcy\u00fck bir asker\u00ee g\u00fcc\u00fc var ve bu g\u00fc\u00e7 sava\u015flarda y\u0131pranmad\u0131.\u201d<\/p>\n\n\n\n<p>Trump\/Barrack ikilisi T\u00fcrkiye\u2019yi AB\u2019den biraz uzakta, Rusya\u2019ya ve \u015fimdilik \u0130ran\u2019a ve m\u00fcstakbel \u00e7at\u0131\u015fma odaklar\u0131na kar\u015f\u0131 bir g\u00fc\u00e7, \u015eii Hil\u00e2li\u2019ne kar\u015f\u0131 S\u00fcnni bir ideolojik merkez, NATO\u2019lu ya da NATO\u2019suz bir d\u00fcnyada gelece\u011fin sefer-g\u00f6rev emirlerine haz\u0131r bir asker deposu olarak g\u00f6r\u00fcyor ve T\u00fcrk Bo\u011fazlar\u0131 ba\u015fta olmak \u00fczere \u00fclkemizin jeostratejik konumunu \u00dc\u00e7\u00fcnc\u00fc Payla\u015f\u0131m Sava\u015f\u0131\u2019n\u0131n ileriki a\u015famalar\u0131nda fiilen kullanmay\u0131, bizi vek\u00e2leten sava\u015fa s\u00fcrmeyi tasarl\u0131yor.<\/p>\n\n\n\n<p>Saray erk\u00e2n\u0131n\u0131n bu niyetten habersiz oldu\u011funu, emperyalist merkezin iltifatlar\u0131yla kendinden ge\u00e7ti\u011fini s\u00f6ylemek haks\u0131zl\u0131k olur. Emperyalizmin jeostratejik\/asker\u00ee niyetini \u015fimdilik g\u00f6rmezden geliyor, zaman\u0131n ak\u0131\u015f\u0131na b\u0131rak\u0131yor fakat her zamanki gibi selden k\u00fct\u00fck kapmaya, krizi kendi iktidar\u0131n\u0131 peki\u015ftirecek \u015fekilde kullanmaya \u00e7al\u0131\u015f\u0131yor.<\/p>\n\n\n\n<p>Nitekim Say\u0131n Reis, 24 Nisan g\u00fcn\u00fc \u201cT\u00fcrkiye Y\u00fczy\u0131l\u0131 Yat\u0131r\u0131m \u0130\u00e7in G\u00fc\u00e7l\u00fc Merkez Program\u0131\u201dn\u0131 tan\u0131t\u0131rken, sava\u015f\u0131n k\u00fcresel ekonomik d\u00fczeni ve de\u011fer zincirlerini yeniden \u015fekillendirdi\u011fini, T\u00fcrkiye\u2019nin sadece do\u011fu-bat\u0131, kuzey-g\u00fcney aras\u0131nda bir k\u00f6pr\u00fc olmad\u0131\u011f\u0131n\u0131, \u201cb\u00f6lgenin enerji ve ticaret koridorlar\u0131n\u0131n merkez \u00fcss\u00fc\u201d oldu\u011funu s\u00f6yledi.<\/p>\n\n\n\n<p>Asl\u0131nda Say\u0131n Saray\u2019\u0131n \u201cG\u00fc\u00e7l\u00fc Merkez\u201d program\u0131 CHP\u2019nin Haziran 2015 genel se\u00e7imlerinden hemen \u00f6nce tan\u0131tt\u0131\u011f\u0131 \u201cMerkez T\u00fcrkiye\u201d projesiyle ayn\u0131: k\u00fcresel ticaretin dev antreposu, mallar\u0131n toplan\u0131p da\u011f\u0131t\u0131ld\u0131\u011f\u0131 ticari bir da\u011f\u0131t\u0131m deposu, bir t\u00fcr \u201chub\u201d (aktarma merkezi) olarak T\u00fcrkiye!&#8230; Zenginler k\u00fcresel kapitalizmin ticaret acentas\u0131 olarak daha da zenginle\u015firken, orta s\u0131n\u0131f tamamen \u00e7\u00f6kecek ve yoksullar \u00e7okuluslu \u015firketlerin ucuz emek deposu olacak.<\/p>\n\n\n\n<p>T\u00fcrkiye\u2019de hangi siyas\u00ee parti iktidara gelirse ya da iktidara gelecek gibi g\u00f6r\u00fcn\u00fcrse, bu ya da buna benzer bir program\u0131 iktidar masas\u0131n\u0131n \u00fczerinde bulacak. &nbsp;Emperyalizm T\u00fcrkiye Cumhuriyeti Devleti\u2019ni bu programa g\u00f6re dizayn etti.&nbsp;&nbsp; Cumhuriyet\u2019in kuvvetler ayr\u0131l\u0131\u011f\u0131na, kurumlara, denetim mekanizmalar\u0131na sahip bir Devlet olma vasf\u0131 2017 Anayasa de\u011fi\u015fikli\u011fiyle ortadan kald\u0131r\u0131ld\u0131, yerine me\u015fruti bile olmayan d\u00fcped\u00fcz bir monar\u015fi kuruldu. B\u00fct\u00fcn bunlar olurken derin bir aymazl\u0131k i\u00e7inde aval aval bakanlar, \u015fimdi \u201csize monar\u015fi yara\u015f\u0131r\u201d dedi diye Barrack\u2019a neden k\u0131z\u0131yorlar, anlamak m\u00fcmk\u00fcn de\u011fil! Yara\u015fan\u0131 yapm\u0131\u015f zaten, sadece ad\u0131n\u0131 koyuyor.<\/p>\n\n\n\n<p>Fakat her zurnan\u0131n z\u0131rt dedi\u011fi bir yer, her s\u00fcrecin ka\u00e7\u0131n\u0131lmaz bir Hakikat \u00c2n\u0131 vard\u0131r. \u0130stanbul Bo\u011faz\u0131\u2019nda NATO karakolu, Anadolu\u2019da ise \u00e7okuluslu NATO kolordusu kurma gibi al\u0131\u015ft\u0131rmalarla ba\u015flayan s\u00fcre\u00e7, Montr\u00f6\u2019den vazge\u00e7in, evlatlar\u0131n\u0131z\u0131n kan\u0131n\u0131 d\u00f6k\u00fcn noktas\u0131na geldi\u011fi zaman Saray ne yapacak?<\/p>\n\n\n\n<p>\u0130ki ihtimal var.<\/p>\n\n\n\n<p>Birincisi, anahtarlar\u0131 Tom Barrack\u2019a teslim ederek y\u00fckte hafif pahada a\u011f\u0131r her \u015feyi 13 u\u00e7a\u011fa y\u00fckleyip \u00fclkeyi terk etmektir; ikincisi ise direnmektir.<\/p>\n\n\n\n<p>Ben ikincisini daha muhtemel buluyorum. Birincisine i\u00e7im elvermiyor.<\/p>\n\n\n\n<p>\u0130kincisi olursa, Do\u011fu Akdeniz gaz\u0131n\u0131n T\u00fcrkiye\u2019yi devre d\u0131\u015f\u0131 b\u0131rakarak Avrupa\u2019ya ta\u015f\u0131nmas\u0131n\u0131 ama\u00e7layan Do\u011fu Akdeniz Boru Hatt\u0131 Projesi\u2019nin (EastMed Pipeline Project, 2020) arkas\u0131na saklanan Yunanistan-\u0130srail-G\u00fcney K\u0131br\u0131s Rum Y\u00f6netimi \u201cOrtak Eylem Plan\u0131\u201d ve Savunma \u0130\u015fbirli\u011fi Program\u0131 (2026), hi\u00e7 \u015f\u00fcphesiz,&nbsp; ABD\u2019nin Do\u011fu Akdeniz Harek\u00e2t Merkezi olan Girit\u2019ten ve Dedea\u011fa\u00e7\u2019taki ABD asker\u00ee \u00fcss\u00fcnden, hatta d\u00fcn Yunanistan\u2019dan Ege\u2019yi i\u015faret ederek \u201cbiz burada olaca\u011f\u0131z\u201d diyen Macron\u2019un Fransa\u2019s\u0131ndan bile destek alarak T\u00fcrkiye\u2019ye kar\u015f\u0131&nbsp; harekete ge\u00e7ecektir ve ABD\u2019nin bug\u00fcne kadar sessizce g\u00f6zlemledi\u011fi \u201c\u00c7\u00f6z\u00fcm S\u00fcreci\u201d oyunu ans\u0131z\u0131n farkl\u0131 bir renge b\u00fcr\u00fcnecektir.<\/p>\n\n\n\n<p>Bunun anlam\u0131 bir bu\u00e7uk cephede sava\u015ft\u0131r; m\u00fc\u015fterek NATO planlar\u0131ndan ayr\u0131 olarak hayat\u0131n her alan\u0131nda harbe haz\u0131rl\u0131k seviyesinin y\u00fckseltilmesini gerektirir. &nbsp;<\/p>\n\n\n\n<p>Tom Barrack, Say\u0131n Saray\u2019\u0131n Netanyahu\u2019ya y\u00f6nelik s\u00f6zlerinin \u201cretorikten ibaret\u201d oldu\u011funu, yani bo\u015f laf say\u0131lmas\u0131 gerekti\u011fini, iki \u00fclkenin gelecekteki ili\u015fkilerini belirlemedi\u011fini a\u00e7\u0131k\u00e7a s\u00f6yledi. ABD, T\u00fcrkiye\u2019nin \u0130srail\u2019le b\u00f6lgesel d\u00fczeyde ittifak kurmas\u0131n\u0131 istiyor. Bu ittifak\u0131n T\u00fcrkiye i\u00e7in bedeli, Ege ve Do\u011fu Akdeniz\u2019deki haklar\u0131m\u0131zdan vazge\u00e7mek, bu yaz\u0131ya e\u015flik eden ikinci haritay\u0131 benimsemek ve Ortado\u011fu siyasetinden tamamen \u00e7ekilerek ABD\/\u0130srail\u2019in inisiyatifine boyun e\u011fmek olacakt\u0131r.<\/p>\n\n\n\n<p>Bunun anlam\u0131 T\u00fcrkiye\u2019nin Akdeniz d\u00fcnyas\u0131ndan kopmas\u0131, Asya\u2019yla ba\u011flant\u0131s\u0131n\u0131n kesilmesidir; \u0130srail\u2019e kar\u015f\u0131 Rusya ve \u00c7in\u2019i de kapsayan en geni\u015f b\u00f6lgesel ittifaklar\u0131n kurulmas\u0131 i\u00e7in diplomasinin seferber edilmesini gerektirir.<\/p>\n\n\n\n<p>Bunlar\u0131 ancak eli serbest olan, rehin al\u0131nmam\u0131\u015f bir h\u00fck\u00fcmet yapabilir.<\/p>\n\n\n\n<p>D\u00fcnyan\u0131n iyice tuhafla\u015ft\u0131\u011f\u0131, daha da tuhafla\u015faca\u011f\u0131 \u015fu d\u00f6nemde sevgili vatan\u0131m\u0131z\u0131n a\u011f\u0131r bir kimlik bunal\u0131m\u0131na s\u00fcr\u00fcklendi\u011fini ve \u00e7ok y\u00f6nl\u00fc bir varolu\u015f sorunuyla ba\u015fa \u00e7\u0131kmak zorunda kald\u0131\u011f\u0131n\u0131 s\u00f6ylemek, \u00f6ncelikle \u201cBiz kimiz ve buraya nas\u0131l geldik?\u201d sorusuna cevap bulmak zorunday\u0131z. \u00c7ok ge\u00e7 olmadan. yalogan@gmail.com <\/p>\n","protected":false},"excerpt":{"rendered":"<p>Yavuz Alogan D\u00fcnya iyice tuhafla\u015ft\u0131. Katoliklerin ruhani lideri Papa XIV. Leo bile d\u00fcnyan\u0131n tersine d\u00f6nd\u00fc\u011f\u00fcn\u00fc ilan etti, bir avu\u00e7 zalimin d\u00fcnyay\u0131 harap etti\u011fini s\u00f6yledi. \u00a0Hemen ard\u0131ndan, isyank\u00e2r Ba\u015fpiskopos Carlo Maria Vigano, se\u00e7kinlerden olu\u015fan tehlikeli ve y\u0131k\u0131c\u0131 bir grubun sadece \u015firketleri de\u011fil, Bat\u0131\u2019n\u0131n b\u00fct\u00fcn kurumlar\u0131n\u0131 ve h\u00fck\u00fcmetleri de ele ge\u00e7irdi\u011fini ilan ve insanl\u0131\u011f\u0131n felakete s\u00fcr\u00fcklendi\u011fini ima &hellip; <\/p>\n<p class=\"link-more\"><a href=\"http:\/\/yavuzalogan.com\/?p=1970\" class=\"more-link\">Continue reading<span class=\"screen-reader-text\"> &#8220;VAROLU\u015e SORUNU&#8221;<\/span><\/a><\/p>\n","protected":false},"author":1,"featured_media":0,"comment_status":"open","ping_status":"open","sticky":false,"template":"","format":"standard","meta":{"footnotes":""},"categories":[1],"tags":[],"class_list":["post-1970","post","type-post","status-publish","format-standard","hentry","category-uncategorized"],"_links":{"self":[{"href":"http:\/\/yavuzalogan.com\/index.php?rest_route=\/wp\/v2\/posts\/1970","targetHints":{"allow":["GET"]}}],"collection":[{"href":"http:\/\/yavuzalogan.com\/index.php?rest_route=\/wp\/v2\/posts"}],"about":[{"href":"http:\/\/yavuzalogan.com\/index.php?rest_route=\/wp\/v2\/types\/post"}],"author":[{"embeddable":true,"href":"http:\/\/yavuzalogan.com\/index.php?rest_route=\/wp\/v2\/users\/1"}],"replies":[{"embeddable":true,"href":"http:\/\/yavuzalogan.com\/index.php?rest_route=%2Fwp%2Fv2%2Fcomments&post=1970"}],"version-history":[{"count":1,"href":"http:\/\/yavuzalogan.com\/index.php?rest_route=\/wp\/v2\/posts\/1970\/revisions"}],"predecessor-version":[{"id":1972,"href":"http:\/\/yavuzalogan.com\/index.php?rest_route=\/wp\/v2\/posts\/1970\/revisions\/1972"}],"wp:attachment":[{"href":"http:\/\/yavuzalogan.com\/index.php?rest_route=%2Fwp%2Fv2%2Fmedia&parent=1970"}],"wp:term":[{"taxonomy":"category","embeddable":true,"href":"http:\/\/yavuzalogan.com\/index.php?rest_route=%2Fwp%2Fv2%2Fcategories&post=1970"},{"taxonomy":"post_tag","embeddable":true,"href":"http:\/\/yavuzalogan.com\/index.php?rest_route=%2Fwp%2Fv2%2Ftags&post=1970"}],"curies":[{"name":"wp","href":"https:\/\/api.w.org\/{rel}","templated":true}]}}