{"id":1885,"date":"2025-11-23T09:58:38","date_gmt":"2025-11-23T07:58:38","guid":{"rendered":"http:\/\/yavuzalogan.com\/?p=1885"},"modified":"2025-11-23T09:58:38","modified_gmt":"2025-11-23T07:58:38","slug":"chpnin-buyuk-adimi","status":"publish","type":"post","link":"http:\/\/yavuzalogan.com\/?p=1885","title":{"rendered":"CHP&#8217;N\u0130N B\u00dcY\u00dcK ADIMI"},"content":{"rendered":"\n<figure class=\"wp-block-image size-large\"><img loading=\"lazy\" decoding=\"async\" width=\"1024\" height=\"576\" src=\"http:\/\/yavuzalogan.com\/wp-content\/uploads\/2025\/11\/Alti-Ok-1024x576.webp\" alt=\"\" class=\"wp-image-1886\" srcset=\"http:\/\/yavuzalogan.com\/wp-content\/uploads\/2025\/11\/Alti-Ok-1024x576.webp 1024w, http:\/\/yavuzalogan.com\/wp-content\/uploads\/2025\/11\/Alti-Ok-500x281.webp 500w, http:\/\/yavuzalogan.com\/wp-content\/uploads\/2025\/11\/Alti-Ok-768x432.webp 768w, http:\/\/yavuzalogan.com\/wp-content\/uploads\/2025\/11\/Alti-Ok.webp 1280w\" sizes=\"auto, (max-width: 767px) 89vw, (max-width: 1000px) 54vw, (max-width: 1071px) 543px, 580px\" \/><\/figure>\n\n\n\n<p>Yavuz Alogan<\/p>\n\n\n\n<p>&nbsp;&nbsp;&nbsp;&nbsp;&nbsp;&nbsp;&nbsp; CHP T\u00fcrkiye\u2019nin i\u00e7ine d\u00fc\u015ft\u00fc\u011f\u00fc a\u00e7maz bak\u0131m\u0131ndan \u00e7ok k\u00fc\u00e7\u00fck, kendisi i\u00e7in \u00e7ok b\u00fcy\u00fck bir ad\u0131m att\u0131.&nbsp; \u201cY\u00fcce\u201d ve \u201cGazi\u201d denilen TBMM\u2019nin Abdullah \u00d6calan\u2019a me\u015fruiyet kazand\u0131rma sahnesinde yer almay\u0131 reddetti. &nbsp;<\/p>\n\n\n\n<p>&nbsp;&nbsp;&nbsp;&nbsp;&nbsp;&nbsp;&nbsp; CHP Grup Ba\u015fkanvekili Murat Emir\u2019in partisinin \u0130mral\u0131 karar\u0131n\u0131 a\u00e7\u0131klarken yapt\u0131\u011f\u0131 konu\u015fma bir gerek\u00e7eye ve bir tutuma indirgenebilir.<\/p>\n\n\n\n<p>&nbsp;&nbsp;&nbsp;&nbsp;&nbsp;&nbsp;&nbsp; Gerek\u00e7e, \u201c\u2026t\u00fcm meselenin \u0130mral\u0131\u2019ya gidip gitmeme konusuna s\u0131k\u0131\u015ft\u0131r\u0131lmas\u0131na milletimizin r\u0131zas\u0131 yoktur\u201d c\u00fcmlesinde sakl\u0131. Yani diyor ki milletimiz bu \u00e7\u00f6z\u00fcm i\u015fine yabanc\u0131la\u015fm\u0131\u015ft\u0131r, \u0130mral\u0131\u2019ya gidersek bunu partimizin taban\u0131na bile a\u00e7\u0131klayamay\u0131z.<\/p>\n\n\n\n<p>&nbsp;&nbsp;&nbsp;&nbsp;&nbsp;&nbsp;&nbsp; Tutumda ise bir de\u011fi\u015fiklik yok: \u201cK\u00fcrt sorununun ancak (\u2026)&nbsp; anayasal e\u015fit vatanda\u015fl\u0131kla \u00e7\u00f6z\u00fclebilecek bir sorun oldu\u011funu s\u00f6yleyegelen partiyiz.\u201d &nbsp;Buradaki \u201canayasal e\u015fit vatanda\u015fl\u0131k\u201d kavram\u0131 mevcut Anayasa\u2019n\u0131n 66. Maddesi\u2019ndeki tan\u0131ma (T\u00fcrk devletine vatanda\u015fl\u0131k ba\u011f\u0131 ile ba\u011fl\u0131 olan&nbsp; herkes T\u00fcrkt\u00fcr) ters d\u00fc\u015fmekte, yurtta\u015fl\u0131\u011f\u0131 farkl\u0131 etnik k\u00f6kenlere g\u00f6re yeniden tan\u0131mlama talebini i\u00e7ermekte, AKP ile DEM\u2019in benimsedi\u011fi, MHP\u2019nin ise itiraz etmedi\u011fi yeni vatanda\u015fl\u0131k tan\u0131m\u0131na uygun d\u00fc\u015fmektedir.<\/p>\n\n\n\n<p>&nbsp;&nbsp;&nbsp;&nbsp;&nbsp;&nbsp;&nbsp; Dolay\u0131s\u0131yla CHP\u2019nin \u201cK\u00fcrt sorunu\u201d dedi\u011fi konuda g\u00f6r\u00fc\u015flerinin de\u011fi\u015fmedi\u011fini, partinin Kemalist taban\u0131n\u0131n ve yeni \u00e7\u00f6z\u00fcm s\u00fcrecine yabanc\u0131la\u015fan yurtta\u015flar\u0131n tepkisinden \u00e7ekindi\u011fi i\u00e7in, yan\u0131 s\u0131ra &nbsp;Cumhur \u0130ttifak\u0131\u2019n\u0131 \u00d6calan\u2019\u0131n aya\u011f\u0131na yaln\u0131z g\u00f6ndermek gibi taktik bir nedenle \u0130mral\u0131\u2019ya gitmedi\u011fini anl\u0131yoruz.<\/p>\n\n\n\n<p>&nbsp;&nbsp;&nbsp;&nbsp;&nbsp;&nbsp;&nbsp; [Haks\u0131zl\u0131k etmemek i\u00e7in &nbsp;\u0130mral\u0131\u2019ya gidi\u015f tart\u0131\u015fmas\u0131yla e\u015f zamanl\u0131 a\u00e7\u0131klanan, CHP\u2019nin 39. Ola\u011fan Kurultay\u0131\u2019nda onaylanacak 128 sayfal\u0131k program tasla\u011f\u0131nda, \u201ce\u015fit yurtta\u015fl\u0131k\u201d kavram\u0131n\u0131n PKK\/DEM\u2019in bilinen g\u00f6r\u00fc\u015flerinden&nbsp; farkl\u0131 bi\u00e7imde; kimli\u011fi, inanc\u0131, dili ve hayat tarz\u0131 ne olursa olsun herkesin (herkesin!) ayn\u0131 haklara sahip olmas\u0131 \u015feklinde tan\u0131mland\u0131\u011f\u0131n\u0131 (s.14); \u201cK\u00fcrt sorunu\u201d ba\u011flam\u0131nda \u201cHerkesin kendini \u00fclkenin e\u015fit yurtta\u015f\u0131 olarak hissedebilmesi esast\u0131r\u201d (s. 28) gibi yuvarlak bir ifade kullan\u0131ld\u0131\u011f\u0131n\u0131 belirtmek gerekir. Taslak programda CHP ideolojisi \u201cAtat\u00fcrk devrimi ve bu devrimin d\u00fc\u015f\u00fcnsel&nbsp; omurgas\u0131n\u0131 olu\u015fturan Alt\u0131 Ok ilkeleri,\u201d \u201csosyal demokrasinin evrensel ilkeleri\u201d ve \u201cAnadolu Ayd\u0131nlanmas\u0131\u201d olarak tan\u0131mlanmaktad\u0131r (s. 2). Taslak Program\u2019\u0131 okumak ve parti i\u00e7i tart\u0131\u015fmalar\u0131 izlemek, y\u00f6netici kadronun s\u00f6yleminin programa uygunlu\u011funu g\u00f6rmek gerekir.]<\/p>\n\n\n\n<p>Komisyon\u2019un \u00d6calan\u2019la g\u00f6r\u00fc\u015fmesini CHP\u2019nin kategorik olarak reddetmedi\u011fini, g\u00f6r\u00fc\u015fmenin video konferans yoluyla yap\u0131lmas\u0131n\u0131 istedi\u011fini de belirtmek gerekir. Bununla birlikte CHP\u2019nin adaya gitmesi, hem siyas\u00ee iktidar\u0131n hem de ana muhalefetin mahk\u00fbma me\u015fruiyet kazand\u0131rmas\u0131n\u0131 sa\u011flayacak ve ona&nbsp; \u201ckurucu \u00f6nder\u201d s\u0131fat\u0131yla siyaset kap\u0131s\u0131n\u0131 a\u00e7acakt\u0131. CHP bunu yapmad\u0131.<\/p>\n\n\n\n<p>&nbsp;&nbsp;&nbsp;&nbsp;&nbsp;&nbsp;&nbsp; Peki bunun neresi CHP i\u00e7in \u00e7ok b\u00fcy\u00fck bir ad\u0131m?<\/p>\n\n\n\n<p>&nbsp;&nbsp;&nbsp;&nbsp;&nbsp;&nbsp;&nbsp; Ad\u0131m\u0131n b\u00fcy\u00fckl\u00fc\u011f\u00fcn\u00fc PKK\/DEM\u2019in tepkisinden anl\u0131yoruz. Meclis\u2019in Apo\u2019ya me\u015fruiyet kazand\u0131rma oyununu CHP\u2019nin bozdu\u011funu d\u00fc\u015f\u00fcnd\u00fcler. Halk\u0131n hayret ve deh\u015fetle izledi\u011fi \u00e7\u00f6z\u00fcm tiyatrosu ba\u015frol oyuncusundan yoksun kalm\u0131\u015f oldu.<\/p>\n\n\n\n<p>&nbsp;&nbsp;&nbsp;&nbsp;&nbsp;&nbsp;&nbsp; DEM Parti\u2019nin Grup Ba\u015fkanvekili, \u201cSorumluluk alanlar\u0131 da almayanlar\u0131 da tarih yazacak,\u201d dedi ve \u201ctarihi do\u011fru tarafta duranlar yapar\u201d diyerek Cumhur \u0130ttifak\u0131n\u0131, tarikat ve cemaatleri, devletin i\u00e7ine yuvalanm\u0131\u015f mafyas\u0131yla birlikte do\u011fru taraf olarak g\u00f6rd\u00fc\u011f\u00fcn\u00fc ortaya koydu. CHP\u2019li Murat Bakan \u201cBu ele\u015ftiriyi \u00fczerimize alm\u0131yoruz,\u201d diyerek polemi\u011fe girmedi.<\/p>\n\n\n\n<p>&nbsp;&nbsp;&nbsp;&nbsp;&nbsp;&nbsp;&nbsp; Fakat tehditler ba\u015flad\u0131. DEM s\u00f6zc\u00fcs\u00fc \u201cCHP\u2019nin \u0130mral\u0131\u2019ya gitmemesinin kar\u015f\u0131l\u0131\u011f\u0131 olacakt\u0131r,\u201d dedi. DEM E\u015fba\u015fkan\u0131 Bak\u0131rhan, \u201cBu yang\u0131n\u0131 s\u00f6nd\u00fcrmeye ko\u015fmayanlara bu \u00fclke gereken cevab\u0131 oyuyla verecek\u201d diyerek y\u00fcksekten at\u0131\u015f yapt\u0131. \u201cBu \u00fclke\u201d derken neyi kastetti\u011fini anlayamad\u0131k. \u00d6teki E\u015fba\u015fkan Hatimo\u011fullar\u0131 ise&nbsp; \u201c\u00dcz\u00fclerek ifade ediyoruz ki y\u00fcz y\u0131ll\u0131k ink\u00e2rc\u0131 ve imha siyasetinin yaratt\u0131\u011f\u0131 kodlar yeniden ve yeniden dirilmektedir\u201d buyurdu.<\/p>\n\n\n\n<p>&nbsp;&nbsp;&nbsp;&nbsp;&nbsp;&nbsp;&nbsp; DEM\u2019lilerin \u015fok ge\u00e7irdi\u011fini g\u00f6rd\u00fck. \u00c7ok k\u0131zd\u0131lar. Pervin Buldan X hesab\u0131ndan, \u201cAna muhalefet partisi DEM Partidir. Nokta,\u201d diyerek, partinizi kapats\u0131nlar da g\u00f6r\u00fcn g\u00fcn\u00fcn\u00fcz\u00fc, k\u0131l\u0131m\u0131z\u0131 k\u0131p\u0131rdatmayaca\u011f\u0131z, ana muhalefet olarak sizin yerinizi dolduraca\u011f\u0131z anlam\u0131na gelen bir payla\u015f\u0131m yapt\u0131. Hemen sildi ama herkes g\u00f6rd\u00fc.<\/p>\n\n\n\n<p>&nbsp;&nbsp;&nbsp;&nbsp;&nbsp;&nbsp;&nbsp; S\u0131rr\u0131 Sak\u0131k ise &nbsp;CHP \u201c\u00c7ok b\u00fcy\u00fck bir \u00fcz\u00fcnt\u00fc ve hayal k\u0131r\u0131kl\u0131\u011f\u0131 yaratm\u0131\u015ft\u0131r,\u201d dedi. CHP\u2019nin tarihsel sorumluluktan ka\u00e7\u0131nd\u0131\u011f\u0131n\u0131, 1989\u2019un (CHP\u2019nin Do\u011fu ve G\u00fcneydo\u011fu Raporu) bile gerisinde kalmas\u0131n\u0131n \u00fcz\u00fcnt\u00fc verici oldu\u011funu s\u00f6yledi.<\/p>\n\n\n\n<p>&nbsp;&nbsp;&nbsp;&nbsp;&nbsp;&nbsp;&nbsp; Tabak gibi a\u00e7\u0131k, kabak gibi belirgin en anlaml\u0131 s\u00f6z\u00fc CHP PM \u00fcyesi Ali Haydar F\u0131rat s\u00f6yledi: \u201c\u0130ktidara kar\u015f\u0131 negatif pozisyonlanma stratejisi bizi iktidara ta\u015f\u0131maz. Bu \u00fclkede K\u00fcrt Sorununun \u00e7\u00f6z\u00fcm\u00fcnde yer almayan bir partinin iktidar olma \u015fans\u0131 yoktur.\u201d Yani diyor ki Saray\u2019a kar\u015f\u0131 pozitif bir pozisyon almaz, K\u00fcrt Sorunu\u2019nun \u00e7\u00f6z\u00fcm\u00fcne kat\u0131lmazsak emperyalizmin g\u00f6z\u00fcne giremeyiz, iktidar \u015fans\u0131m\u0131z\u0131, s\u0131ram\u0131z\u0131 kaybederiz. Buna kar\u015f\u0131l\u0131k Sezgin Tanr\u0131kulu &nbsp;arabulucu rol\u00fcn\u00fc s\u00fcrd\u00fcrd\u00fc: \u201cCHP, \u0130mral\u0131\u2019ya gidilmesine kar\u015f\u0131 \u00e7\u0131kmad\u0131 ama kendisi heyete \u00fcye vermeyece\u011fini ifade etti; ayr\u0131ca ba\u015fka bir y\u00f6ntem \u00f6nerdi.\u201d<\/p>\n\n\n\n<p>&nbsp;&nbsp;&nbsp;&nbsp;&nbsp;&nbsp;&nbsp; Neyse, uzatmayal\u0131m.<\/p>\n\n\n\n<p>&nbsp;&nbsp;&nbsp;&nbsp;&nbsp;&nbsp;&nbsp; \u00d6zetle k\u0131yamet koptu. \u00d6calan\u2019\u0131 zorla T\u00fcrkiye\u2019deki b\u00fct\u00fcn K\u00fcrt k\u00f6kenli yurtta\u015flar\u0131n tart\u0131\u015f\u0131lmaz kurucu efendisi gibi g\u00f6sterme ve K\u00fcrt etnisitesini T\u00fcrkiye Cumhuriyeti\u2019nin yeni kurucu orta\u011f\u0131 olarak &nbsp;yeniden tan\u0131mlama giri\u015fimi \u00f6nemli bir yara ald\u0131. CHP\u2019nin kent uzla\u015f\u0131s\u0131 da bu arada \u00e7\u00f6kt\u00fc. Demokratik-tik laf\u0131n\u0131 a\u011fz\u0131ndan d\u00fc\u015f\u00fcrmeyen DEM\u2019in f\u0131rsat\u00e7\u0131l\u0131\u011f\u0131 ve as\u0131l maksad\u0131 iyice a\u00e7\u0131\u011fa \u00e7\u0131kt\u0131.<\/p>\n\n\n\n<p>&nbsp;&nbsp;&nbsp;&nbsp;&nbsp;&nbsp;&nbsp; CHP\u2019nin att\u0131\u011f\u0131 ad\u0131m\u0131n sonras\u0131n\u0131 parti i\u00e7indeki g\u00fc\u00e7ler &nbsp;dengesi ve taban\u0131n merkeze bask\u0131 yapma kapasitesi belirleyecek. Siyaseten ger\u00e7ek\u00e7i ve rasyonel olan, CHP i\u00e7indeki K\u00fcrt muhiplerinin, PKK sempatizanlar\u0131n\u0131n, yolsuzlu\u011fu sabit olanlar\u0131n ay\u0131klanmas\u0131; CHP\u2019nin &nbsp;Komisyon\u2019dan ayr\u0131larak tarihsel k\u00f6klerine d\u00f6nmesi; \u201cyi\u011fidim aslan\u0131m burada yat\u0131yor\u201d muhabbetini b\u0131rakarak yeni bir cumhurba\u015fkan\u0131 aday\u0131 belirlemesi; Cumhuriyet Devrimi\u2019nin ilkelerine ve \u00fcniter ulus-devlete ba\u011fl\u0131 b\u00fct\u00fcn siyas\u00ee parti ve gruplarla bir mill\u00ee cephe i\u00e7inde yer almas\u0131d\u0131r. CHP bunu yapabilir mi?<\/p>\n\n\n\n<p>&nbsp;&nbsp;&nbsp;&nbsp;&nbsp;&nbsp;&nbsp; \u0130ddia edildi\u011fi gibi \u00d6calan\u2019\u0131n serbest b\u0131rak\u0131lmas\u0131, Ankara\u2019da bir eve yerle\u015ftirilerek DEM\u2019in yerine kurulacak bir siyas\u00ee partinin ba\u015f\u0131na ge\u00e7irilmesi, bu arada PKK\u2019ye af \u00e7\u0131kar\u0131lmas\u0131, yurt d\u0131\u015f\u0131ndaki 9000 PKK\u2019linin T\u00fcrkiye\u2019ye d\u00f6nmesi (Reuters haberi) ve b\u00fct\u00fcn bu unsurlar\u0131n hep birlikte Saray\u2019\u0131n yeni anayasa yapma te\u015febb\u00fcs\u00fcne fiilen kat\u0131lmas\u0131 i\u00e7 sava\u015f etkenidir.<\/p>\n\n\n\n<p>&nbsp;&nbsp;&nbsp;&nbsp;&nbsp;&nbsp;&nbsp; 1993-1999 d\u00f6neminde asker\u00ee kapasitesi zirveye ula\u015fan PKK, 1999-2012 aras\u0131nda alan h\u00e2kimiyetini tamamen kaybederek Kuzey Irak\u2019a \u00e7ekildi.&nbsp; Yenilmi\u015fti. Birinci \u00e7\u00f6z\u00fcm s\u00fcreciyle Saray \u00f6l\u00fcy\u00fc diriltti, \u00f6rg\u00fct\u00fcn \u015fehir yap\u0131lanmas\u0131n\u0131 g\u00fc\u00e7lendirmesine imk\u00e2n verdi.&nbsp; 2015-2016\u2019da Hendek Sava\u015flar\u0131\u2019yla bu yap\u0131lar imha edildi. PKK&nbsp;&nbsp; yenildi\u011fi i\u00e7in \u00e7ekildi, i\u00e7sel de\u011fil Suriye ve Irak\u2019ta yuvalanm\u0131\u015f d\u0131\u015fsal bir olguya d\u00f6n\u00fc\u015ft\u00fc. &nbsp;DEM ise Kandil, &nbsp;Kuzey Suriye, \u0130mral\u0131, Edirne aras\u0131nda bunalmaya ba\u015flad\u0131.<\/p>\n\n\n\n<p>Ve sonra birdenbire \u00d6calan \u201ckurucu \u00f6nder\u201d ilan edildi, DEM Cumhur \u0130ttifak\u0131\u2019n\u0131n par\u00e7as\u0131 oldu, Anayasa\u2019n\u0131n 66. ve 88. Maddeleri tart\u0131\u015fmaya a\u00e7\u0131ld\u0131. &nbsp;K\u00fcrtler ve Araplarla yeni bir devlet kuruyoruz demeye ba\u015flad\u0131lar.<\/p>\n\n\n\n<p>&nbsp;&nbsp;&nbsp;&nbsp;&nbsp;&nbsp;&nbsp; \u201cK\u00fcrt sorunu\u201d T\u00fcrkiye\u2019nin de\u011fil Amerikan emperyalizminin b\u00f6lgesel sorunudur. Saray \u015fantaj alt\u0131nda \u00e7\u00f6z\u00fcm s\u00fcrecine s\u00fcr\u00fcklenmi\u015ftir.&nbsp; Anayasal kurucu ortakl\u0131k, \u00e7ift resmi dil, \u201cdemokratik konfederalizm,\u201d \u201cdemokratik \u00f6zerlik\u201d gibi talepler ancak T\u00fcrkiye\u2019nin a\u011f\u0131r bir asker\u00ee yenilgiye u\u011frad\u0131\u011f\u0131 \u015fartlarda, hatta i\u015fgal ko\u015fullar\u0131nda -ge\u00e7ici olarak- m\u00fcmk\u00fcn olabilir.<\/p>\n\n\n\n<p>T\u00fcrk milleti d\u00e2hil hi\u00e7bir millet durduk yere ya da emperyalizm istiyor diye sava\u015fla kazand\u0131\u011f\u0131, bir as\u0131r sahip oldu\u011fu egemenlik hakk\u0131ndan feragat etmez. <em>Veryans\u0131n<\/em>, 21. 11. 2025<\/p>\n","protected":false},"excerpt":{"rendered":"<p>Yavuz Alogan &nbsp;&nbsp;&nbsp;&nbsp;&nbsp;&nbsp;&nbsp; CHP T\u00fcrkiye\u2019nin i\u00e7ine d\u00fc\u015ft\u00fc\u011f\u00fc a\u00e7maz bak\u0131m\u0131ndan \u00e7ok k\u00fc\u00e7\u00fck, kendisi i\u00e7in \u00e7ok b\u00fcy\u00fck bir ad\u0131m att\u0131.&nbsp; \u201cY\u00fcce\u201d ve \u201cGazi\u201d denilen TBMM\u2019nin Abdullah \u00d6calan\u2019a me\u015fruiyet kazand\u0131rma sahnesinde yer almay\u0131 reddetti. &nbsp; &nbsp;&nbsp;&nbsp;&nbsp;&nbsp;&nbsp;&nbsp; CHP Grup Ba\u015fkanvekili Murat Emir\u2019in partisinin \u0130mral\u0131 karar\u0131n\u0131 a\u00e7\u0131klarken yapt\u0131\u011f\u0131 konu\u015fma bir gerek\u00e7eye ve bir tutuma indirgenebilir. &nbsp;&nbsp;&nbsp;&nbsp;&nbsp;&nbsp;&nbsp; Gerek\u00e7e, \u201c\u2026t\u00fcm meselenin \u0130mral\u0131\u2019ya &hellip; <\/p>\n<p class=\"link-more\"><a href=\"http:\/\/yavuzalogan.com\/?p=1885\" class=\"more-link\">Continue reading<span class=\"screen-reader-text\"> &#8220;CHP&#8217;N\u0130N B\u00dcY\u00dcK ADIMI&#8221;<\/span><\/a><\/p>\n","protected":false},"author":1,"featured_media":0,"comment_status":"open","ping_status":"open","sticky":false,"template":"","format":"standard","meta":{"footnotes":""},"categories":[1],"tags":[],"class_list":["post-1885","post","type-post","status-publish","format-standard","hentry","category-uncategorized"],"_links":{"self":[{"href":"http:\/\/yavuzalogan.com\/index.php?rest_route=\/wp\/v2\/posts\/1885","targetHints":{"allow":["GET"]}}],"collection":[{"href":"http:\/\/yavuzalogan.com\/index.php?rest_route=\/wp\/v2\/posts"}],"about":[{"href":"http:\/\/yavuzalogan.com\/index.php?rest_route=\/wp\/v2\/types\/post"}],"author":[{"embeddable":true,"href":"http:\/\/yavuzalogan.com\/index.php?rest_route=\/wp\/v2\/users\/1"}],"replies":[{"embeddable":true,"href":"http:\/\/yavuzalogan.com\/index.php?rest_route=%2Fwp%2Fv2%2Fcomments&post=1885"}],"version-history":[{"count":1,"href":"http:\/\/yavuzalogan.com\/index.php?rest_route=\/wp\/v2\/posts\/1885\/revisions"}],"predecessor-version":[{"id":1887,"href":"http:\/\/yavuzalogan.com\/index.php?rest_route=\/wp\/v2\/posts\/1885\/revisions\/1887"}],"wp:attachment":[{"href":"http:\/\/yavuzalogan.com\/index.php?rest_route=%2Fwp%2Fv2%2Fmedia&parent=1885"}],"wp:term":[{"taxonomy":"category","embeddable":true,"href":"http:\/\/yavuzalogan.com\/index.php?rest_route=%2Fwp%2Fv2%2Fcategories&post=1885"},{"taxonomy":"post_tag","embeddable":true,"href":"http:\/\/yavuzalogan.com\/index.php?rest_route=%2Fwp%2Fv2%2Ftags&post=1885"}],"curies":[{"name":"wp","href":"https:\/\/api.w.org\/{rel}","templated":true}]}}