{"id":1865,"date":"2025-10-12T09:55:46","date_gmt":"2025-10-12T07:55:46","guid":{"rendered":"http:\/\/yavuzalogan.com\/?p=1865"},"modified":"2025-10-12T09:55:46","modified_gmt":"2025-10-12T07:55:46","slug":"kulturel-coraklasma","status":"publish","type":"post","link":"http:\/\/yavuzalogan.com\/?p=1865","title":{"rendered":"K\u00dcLT\u00dcREL \u00c7ORAKLA\u015eMA"},"content":{"rendered":"\n<figure class=\"wp-block-image size-full is-resized\"><img loading=\"lazy\" decoding=\"async\" width=\"302\" height=\"167\" src=\"http:\/\/yavuzalogan.com\/wp-content\/uploads\/2025\/10\/images.jpg\" alt=\"\" class=\"wp-image-1866\" style=\"width:616px;height:auto\"\/><\/figure>\n\n\n\n<p>Yavuz Alogan<\/p>\n\n\n\n<p>&nbsp;&nbsp;&nbsp;&nbsp;&nbsp;&nbsp;&nbsp; Saray rejimi yirmi y\u0131ld\u0131r anlamaya \u00e7al\u0131\u015ft\u0131\u011f\u0131 k\u00fclt\u00fcr-sanat alan\u0131n\u0131 d\u00fczenlemek i\u00e7in nihayet kendince sa\u011flam bir y\u00f6ntem buldu: g\u00f6zalt\u0131, tutuklama ve halk\u0131n sevdi\u011fi sanat\u00e7\u0131lar\u0131 adliye koridorlar\u0131nda dola\u015ft\u0131rarak itibars\u0131zla\u015ft\u0131rma.<\/p>\n\n\n\n<p>&nbsp;&nbsp;&nbsp;&nbsp;&nbsp;&nbsp;&nbsp; AKP iktidar\u0131n\u0131n on alt\u0131nc\u0131 y\u0131l\u0131nda, 2018\u2019de, Say\u0131n Reis \u00f6nemli bir itirafta bulunmu\u015ftu: \u201cMaalesef T\u00fcrkiye, e\u011fitim ve k\u00fclt\u00fcr sanat politikalar\u0131nda arzu etti\u011fimiz mesafeyi kat edememi\u015ftir.\u201d<\/p>\n\n\n\n<p>&nbsp;&nbsp;&nbsp;&nbsp;&nbsp;&nbsp;&nbsp; Bunun sebebini Say\u0131n Saray, ayn\u0131 konu\u015fmas\u0131nda,T\u00fcrkiye\u2019nin son y\u00fczy\u0131lda k\u00fclt\u00fcr ve sanat alan\u0131nda ya\u015fad\u0131\u011f\u0131 \u201cb\u00fcy\u00fck k\u0131r\u0131lmalar\u201da ba\u011flam\u0131\u015f ve \u015f\u00f6yle demi\u015fti: \u201cBir grup, k\u00fclt\u00fcr ve sanat d\u00fcnyam\u0131z\u0131 esir alm\u0131\u015ft\u0131. K\u00fclt\u00fcr ve sanat alan\u0131na asalak gibi yap\u0131\u015fan elitler k\u00fclt\u00fcr sanat hayat\u0131m\u0131z\u0131 \u00e7orakla\u015ft\u0131rd\u0131lar.\u201d Ve \u015fimdi \u201cK\u00fclt\u00fcr sanat alan\u0131nda yeni ve b\u00fcy\u00fck ad\u0131mlar\u0131 hep birlikte ataca\u011f\u0131z.\u201d<\/p>\n\n\n\n<p>&nbsp;&nbsp;&nbsp;&nbsp;&nbsp;&nbsp;&nbsp; Hani nerede o b\u00fcy\u00fck ad\u0131mlar? Yok.<\/p>\n\n\n\n<p>&nbsp;&nbsp;&nbsp;&nbsp;&nbsp;&nbsp;&nbsp; Cumhuriyet elitlerine kar\u015f\u0131 kendi elitlerini yaratamad\u0131lar. &nbsp;Esas k\u00fclt\u00fcrel \u00e7orakla\u015fmay\u0131 Saray rejiminde g\u00f6r\u00fcp ya\u015fad\u0131k.<\/p>\n\n\n\n<p>&nbsp;&nbsp;&nbsp;&nbsp;&nbsp;&nbsp;&nbsp; Kendi k\u00fclt\u00fcrlerinden bir Sait Faik, Ya\u015far Kemal, Orhan Kemal, Ulvi Cemal Erkin,&nbsp; Faz\u0131l Say, Bedri Rahmi Ey\u00fcbo\u011flu, Nuri Bilge Ceylan \u00e7\u0131karamad\u0131lar. Ne bir romanc\u0131, ne bir ressam, ne besteci, ne mimar\u2026 &nbsp;\u00c7aml\u0131ca Tepesi\u2019ne diktikleri heyula, Mimar Sinan\u2019\u0131n kemiklerini s\u0131zlatt\u0131.<\/p>\n\n\n\n<p>&nbsp;&nbsp;&nbsp;&nbsp;&nbsp;&nbsp;&nbsp; Kitleleri en kolay etkileyebilecek \u00e2letin televizyon oldu\u011funu, halk\u0131m\u0131z\u0131n ak\u015fam saatlerinde oturup dizi seyretti\u011fini elbette biliyorlard\u0131. Fakat bu alanda \u0130leti\u015fim Bakanl\u0131\u011f\u0131\u2019ndan onayl\u0131 ayn\u0131 y\u00fczleri her gece ekranlara \u00e7\u0131kar\u0131p iktidar\u0131n borazan\u0131 gibi \u00f6tt\u00fcrmekten ba\u015fka bir \u015fey yapamad\u0131lar. &nbsp;&nbsp;\u00d6zenle haz\u0131rlad\u0131klar\u0131 Abd\u00fclhamid, Kurulu\u015f Osman gibi diziler, Muhte\u015fem Y\u00fczy\u0131l gibi g\u00f6rkemli ve b\u00fcy\u00fck has\u0131lat getiren yap\u0131mlar\u0131n g\u00f6lgesinde kald\u0131. Seyirci giderek g\u0131na getiren vurdulu k\u0131rd\u0131l\u0131, ilkel tarih parodileriyle dalga ge\u00e7meye ba\u015flad\u0131.<\/p>\n\n\n\n<p>&nbsp;&nbsp;&nbsp;&nbsp;&nbsp;&nbsp;&nbsp; Ay\u015fe Bar\u0131m ve menacerli\u011fini yapt\u0131\u011f\u0131 oyuncu kadrosuna y\u00f6neldiler. \u201cBizim dizilere oyuncu vermiyorsunuz, halk sizin yapt\u0131klar\u0131n\u0131z\u0131 be\u011feniyor, \u00fcstelik \u00e7ok para kazan\u0131yorsunuz, size \u00e7\u00f6kece\u011fiz,\u201d diyemedikleri i\u00e7in menacerle birlikte b\u00fct\u00fcn oyuncu kadrosunu Haziran Ayaklanmas\u0131\u2019na ba\u011flamaya \u00e7al\u0131\u015ft\u0131lar. Bence oyuncular\u0131 da tutuklamay\u0131 d\u00fc\u015f\u00fcn\u00fcyorlard\u0131 fakat tutacaklar\u0131 bir kulp bulamad\u0131lar.<\/p>\n\n\n\n<p>&nbsp;&nbsp;&nbsp;&nbsp;&nbsp;&nbsp;&nbsp; Halk\u0131n sevdi\u011fi \u015fark\u0131c\u0131lara, dizi oyuncular\u0131na uyu\u015fturucu operasyonu d\u00fczenleyip adliye koridorlar\u0131nda kameralar\u0131n \u00f6n\u00fcnde dola\u015ft\u0131rd\u0131lar. Modern dans grubu&nbsp; Manifest\u2019i ahlaks\u0131zl\u0131kla su\u00e7lad\u0131lar. &nbsp;<\/p>\n\n\n\n<p>Siyas\u00ee iktidarlar\u0131yla birlikte, en b\u00fcy\u00fck etkisi Mill\u00ee E\u011fitim\u2019de hissedilen k\u00fclt\u00fcr kar\u015f\u0131devrimlerinin de b\u00fcy\u00fck bir karga\u015fa i\u00e7inde sona erece\u011fini anl\u0131yoruz.<\/p>\n\n\n\n<p>&nbsp;&nbsp;&nbsp;&nbsp;&nbsp;&nbsp;&nbsp; Bu arada Mill\u00ee E\u011fitim Bakan\u0131 \u201ce\u011fitimde ahlak reformu\u201dnu inatla s\u00fcrd\u00fcr\u00fcyor. &nbsp;K\u0131z \u00e7ocuklar\u0131na \u00f6zel ortaokullar a\u00e7man\u0131n \u201ctoplumsal bir ihtiya\u00e7\u201d oldu\u011funu s\u00f6yledi. Hangi toplum ya da toplumun hangi kesimi, \u00f6\u011frencinin beslenme gibi temel bir sorunu varken, k\u0131z erkek \u00f6\u011frenci ay\u0131r\u0131m\u0131na ihtiya\u00e7 duyar? Bir ara kad\u0131nlara ayr\u0131 otob\u00fcs projesi geli\u015ftirmeye kalkm\u0131\u015flard\u0131. Halk\u0131n sokakta tepki g\u00f6sterece\u011fini anlay\u0131nca vazge\u00e7tiler.<\/p>\n\n\n\n<p>&nbsp;&nbsp;&nbsp;&nbsp;&nbsp;&nbsp;&nbsp; 2021-2022 istatistiklerine g\u00f6re 1 milyon 738 bin 198 \u00f6\u011frenci okulu b\u0131rakm\u0131\u015f. E\u011fitim Reformu Giri\u015fimi\u2019nin (ERG) \u00f6rg\u00fcn e\u011fitim istatistiklerini temel alan ara\u015ft\u0131rmas\u0131na g\u00f6re, okul d\u0131\u015f\u0131nda kalan \u00e7ocuk say\u0131s\u0131 2023-2024 aral\u0131\u011f\u0131nda y\u00fczde 38,4 oran\u0131nda artm\u0131\u015f.<\/p>\n\n\n\n<p>&nbsp;&nbsp;&nbsp;&nbsp;&nbsp;&nbsp;&nbsp; Orta \u00f6\u011fretimin \u00e7\u00f6k\u00fc\u015f\u00fc ergen su\u00e7lulu\u011fundaki art\u0131\u015f\u0131 da a\u00e7\u0131kl\u0131yor. Yeni nesil mafya \u00f6rg\u00fctleri, e\u011fitimsiz, gelece\u011fi olmayan umutsuz gen\u00e7leri sosyal medya \u00fczerinden \u00f6rg\u00fctleyip istihdam ediyor. Bu profile uygun gen\u00e7lerin mafya tetik\u00e7isi olma hevesiyle T\u00fcrkiye\u2019nin neredeyse her ilinden geldikleri anla\u015f\u0131l\u0131yor. E\u011fitim sistemini \u00e7\u00f6kerterek dindar de\u011fil kindar ve kriminal bir gen\u00e7lik kesimi yaratt\u0131lar.<\/p>\n\n\n\n<p>&nbsp;&nbsp;&nbsp;&nbsp;&nbsp;&nbsp;&nbsp; Mafyala\u015fma kartopu etkisiyle b\u00fcy\u00fcyor. Gazeteci Timur Soykan \u015f\u00f6yle diyor: \u201cKolombiya\u2019daki kokain, Afganistan\u2019daki eroin, Avrupa\u2019daki metamfetamin Beyo\u011flu\u2019nun ve Yenibosna\u2019n\u0131n arka sokaklar\u0131n\u0131 finanse ediyor, daha fazla adam, daha fazla silah ve daha b\u00fcy\u00fck \u00e7etelere yol a\u00e7\u0131yor.\u201d Limanlar\u0131m\u0131za gelirken ba\u015fka \u00fclkelerde ya da geldi\u011finde yakalanan uyu\u015fturucu y\u00fck\u00fcn\u00fcn T\u00fcrkiye\u2019deki adresi nedense bulunam\u0131yor.<\/p>\n\n\n\n<p>&nbsp;&nbsp;&nbsp;&nbsp;&nbsp;&nbsp;&nbsp; Sedat Peker, \u201cS\u00fcre\u00e7 hep ayn\u0131,\u201d diyor. \u201c\u00d6nceden aile tarz\u0131 olanlar. Ondan sonra sokakta olu\u015fan gen\u00e7 gruplar. Sonra da devletten ayr\u0131lm\u0131\u015f b\u00fcy\u00fck kartelleri kuran yap\u0131lar. Yani \u015fu an T\u00fcrkiye, benim g\u00f6r\u00fc\u015f\u00fcme g\u00f6re \u00fc\u00e7- be\u015f seneye kadar b\u00f6yle bir yap\u0131ya evrilecek. Bu gen\u00e7 gruplar\u0131 alt\u0131nda toplayan bu karteller olu\u015fursa, o zaman PKK\u2019n\u0131n \u015fehit etti\u011fi g\u00f6revli say\u0131s\u0131ndan fazlas\u0131n\u0131 d\u00fc\u015f\u00fcn\u00fcn, \u00e7\u00fcnk\u00fc Meksika\u2019ya Kolombiya\u2019ya bak\u0131n, bizim PKK\u2019n\u0131n 40 senede \u015fehit etti\u011fi insan orada bir senede kartel sava\u015flar\u0131nda \u00f6l\u00fcyor. T\u00fcrkiye\u2019ye b\u00f6yle bir tehlikenin geldi\u011fini \u00f6ng\u00f6r\u00fcyorum.\u201d&nbsp;<\/p>\n\n\n\n<p>Reis\u2019ten Reis\u2019e \u00e7ok \u00f6nemli bir uyar\u0131. \u0130ktidarda kim olursa olsun T\u00fcrkiye b\u00f6yle bir kartelle\u015fmeyi ne ta\u015f\u0131yabilir ne de \u015fu h\u00e2liyle ba\u015fa \u00e7\u0131kabilir.<\/p>\n\n\n\n<p>Saray rejiminin yaratt\u0131\u011f\u0131 b\u00fct\u00fcn sorunlar birbirine ba\u011fl\u0131. En b\u00fcy\u00fck felaket k\u00fclt\u00fcrel \u00e7orakla\u015fma ve e\u011fitimin \u00fcniversitelerden a\u015fa\u011f\u0131ya do\u011fru b\u00fct\u00fcn seviyelerde \u00e7\u00f6k\u00fc\u015f\u00fc. Uzun vadeli sonu\u00e7lar\u0131 \u00e7ok vahim olacak.<\/p>\n\n\n\n<p>AKP\u2019nin kurucular\u0131ndan, \u00fc\u00e7 d\u00f6nem AKP milletvekili ve Ba\u015fbakanl\u0131k Ba\u015fdan\u0131\u015fman\u0131, Cumhurba\u015fkan\u0131\u2019na hakaretten ge\u00e7enlerde tutuklanan H\u00fcseyin Kocab\u0131y\u0131k\u2019\u0131n siyas\u00ee iktidara hitaben dedi\u011fi gibi, \u201cDevleti devletlikten \u00e7\u0131kard\u0131n\u0131z\u2026 Yapt\u0131\u011f\u0131n\u0131z yanl\u0131\u015f i\u015flerin bu \u00fclkeye neye malolaca\u011f\u0131n\u0131 bilemeyecek kadar da ahmaks\u0131n\u0131z!\u201d <em>Veryans\u0131n<\/em>, 12. 10. 2025<\/p>\n","protected":false},"excerpt":{"rendered":"<p>Yavuz Alogan &nbsp;&nbsp;&nbsp;&nbsp;&nbsp;&nbsp;&nbsp; Saray rejimi yirmi y\u0131ld\u0131r anlamaya \u00e7al\u0131\u015ft\u0131\u011f\u0131 k\u00fclt\u00fcr-sanat alan\u0131n\u0131 d\u00fczenlemek i\u00e7in nihayet kendince sa\u011flam bir y\u00f6ntem buldu: g\u00f6zalt\u0131, tutuklama ve halk\u0131n sevdi\u011fi sanat\u00e7\u0131lar\u0131 adliye koridorlar\u0131nda dola\u015ft\u0131rarak itibars\u0131zla\u015ft\u0131rma. &nbsp;&nbsp;&nbsp;&nbsp;&nbsp;&nbsp;&nbsp; AKP iktidar\u0131n\u0131n on alt\u0131nc\u0131 y\u0131l\u0131nda, 2018\u2019de, Say\u0131n Reis \u00f6nemli bir itirafta bulunmu\u015ftu: \u201cMaalesef T\u00fcrkiye, e\u011fitim ve k\u00fclt\u00fcr sanat politikalar\u0131nda arzu etti\u011fimiz mesafeyi kat edememi\u015ftir.\u201d &nbsp;&nbsp;&nbsp;&nbsp;&nbsp;&nbsp;&nbsp; &hellip; <\/p>\n<p class=\"link-more\"><a href=\"http:\/\/yavuzalogan.com\/?p=1865\" class=\"more-link\">Continue reading<span class=\"screen-reader-text\"> &#8220;K\u00dcLT\u00dcREL \u00c7ORAKLA\u015eMA&#8221;<\/span><\/a><\/p>\n","protected":false},"author":1,"featured_media":0,"comment_status":"open","ping_status":"open","sticky":false,"template":"","format":"standard","meta":{"footnotes":""},"categories":[1],"tags":[],"class_list":["post-1865","post","type-post","status-publish","format-standard","hentry","category-uncategorized"],"_links":{"self":[{"href":"http:\/\/yavuzalogan.com\/index.php?rest_route=\/wp\/v2\/posts\/1865","targetHints":{"allow":["GET"]}}],"collection":[{"href":"http:\/\/yavuzalogan.com\/index.php?rest_route=\/wp\/v2\/posts"}],"about":[{"href":"http:\/\/yavuzalogan.com\/index.php?rest_route=\/wp\/v2\/types\/post"}],"author":[{"embeddable":true,"href":"http:\/\/yavuzalogan.com\/index.php?rest_route=\/wp\/v2\/users\/1"}],"replies":[{"embeddable":true,"href":"http:\/\/yavuzalogan.com\/index.php?rest_route=%2Fwp%2Fv2%2Fcomments&post=1865"}],"version-history":[{"count":1,"href":"http:\/\/yavuzalogan.com\/index.php?rest_route=\/wp\/v2\/posts\/1865\/revisions"}],"predecessor-version":[{"id":1867,"href":"http:\/\/yavuzalogan.com\/index.php?rest_route=\/wp\/v2\/posts\/1865\/revisions\/1867"}],"wp:attachment":[{"href":"http:\/\/yavuzalogan.com\/index.php?rest_route=%2Fwp%2Fv2%2Fmedia&parent=1865"}],"wp:term":[{"taxonomy":"category","embeddable":true,"href":"http:\/\/yavuzalogan.com\/index.php?rest_route=%2Fwp%2Fv2%2Fcategories&post=1865"},{"taxonomy":"post_tag","embeddable":true,"href":"http:\/\/yavuzalogan.com\/index.php?rest_route=%2Fwp%2Fv2%2Ftags&post=1865"}],"curies":[{"name":"wp","href":"https:\/\/api.w.org\/{rel}","templated":true}]}}