{"id":1853,"date":"2025-09-21T10:49:04","date_gmt":"2025-09-21T08:49:04","guid":{"rendered":"http:\/\/yavuzalogan.com\/?p=1853"},"modified":"2025-09-21T10:49:04","modified_gmt":"2025-09-21T08:49:04","slug":"serbest-ucuslar","status":"publish","type":"post","link":"http:\/\/yavuzalogan.com\/?p=1853","title":{"rendered":"SERBEST U\u00c7U\u015eLAR"},"content":{"rendered":"\n<figure class=\"wp-block-image size-full\"><img loading=\"lazy\" decoding=\"async\" width=\"770\" height=\"540\" src=\"http:\/\/yavuzalogan.com\/wp-content\/uploads\/2025\/09\/alogan-kapak-1.jpg\" alt=\"\" class=\"wp-image-1854\" srcset=\"http:\/\/yavuzalogan.com\/wp-content\/uploads\/2025\/09\/alogan-kapak-1.jpg 770w, http:\/\/yavuzalogan.com\/wp-content\/uploads\/2025\/09\/alogan-kapak-1-428x300.jpg 428w, http:\/\/yavuzalogan.com\/wp-content\/uploads\/2025\/09\/alogan-kapak-1-768x539.jpg 768w\" sizes=\"auto, (max-width: 767px) 89vw, (max-width: 1000px) 54vw, (max-width: 1071px) 543px, 580px\" \/><\/figure>\n\n\n\n<p>Yavuz Alogan<\/p>\n\n\n\n<p>Devlet\u2019i y\u00f6netenin her zaman ve her durumda \u00fclkenin b\u00fct\u00fcn\u00fcn\u00fc g\u00f6zeterek belirli bir plan-program \u00e7er\u00e7evesinde mant\u0131kl\u0131 hareket etti\u011fine dair neredeyse evrensel bir yan\u0131lsama vard\u0131r. Bu yan\u0131lsama nedeniyle \u00f6nemli politik \u015fahsiyetlerin davran\u0131\u015flar\u0131 tutarl\u0131 varsay\u0131l\u0131r, s\u00f6zlerine a\u015f\u0131r\u0131 anlam y\u00fcklenir.<\/p>\n\n\n\n<p>Sahici siyas\u00ee partileri, g\u00fc\u00e7l\u00fc sendikalar\u0131, meslek \u00f6rg\u00fctleri, ba\u011f\u0131ms\u0131z medyas\u0131, dolay\u0131s\u0131yla kamuoyu bask\u0131s\u0131 olmayan \u00fclkelerde Devlet mekanizmas\u0131n\u0131 elde tutan iktidar sahipleri, bir s\u00fcre sonra kendilerinde s\u0131n\u0131rs\u0131z bir g\u00fc\u00e7 ve kudret vehmederek halk\u0131 g\u00f6rmezden gelmeye, uzman g\u00f6r\u00fc\u015flerine kulak asmamaya ba\u015flarlar ve ger\u00e7eklerden koparak her konuda serbest u\u00e7u\u015fa ge\u00e7erler. A\u011f\u0131zlar\u0131ndan \u00e7\u0131kan her s\u00f6z\u00fcn b\u00fcy\u00fck bir etki yaratt\u0131\u011f\u0131na inand\u0131klar\u0131 i\u00e7in t\u0131kan\u0131p kalana, iyice sa\u00e7malayana kadar \u00e7ok \u00f6nemli, \u00f6ncekinden daha da \u00f6nemli s\u00f6zler s\u00f6ylemeye \u00e7al\u0131\u015f\u0131rlar. &nbsp;U\u00e7u\u015f ve at\u0131\u015f serbesttir. Kendi partilerinden, \u00e7evrelerinden itiraz gelmeyece\u011fini, d\u0131\u015far\u0131dan itiraz edenlerin ise an\u0131nda sald\u0131r\u0131ya u\u011frayaca\u011f\u0131n\u0131, hatta tutuklanaca\u011f\u0131n\u0131 bilirler. Bu y\u00fczden rahatt\u0131rlar.<\/p>\n\n\n\n<p>Mesela siyas\u00ee iktidar\u0131n orta\u011f\u0131 Devlet Bah\u00e7eli\u2019nin \u015fu s\u00f6zlerini ele alal\u0131m: \u201cD\u00fcnyaya meydan okuyan ABD-\u0130srail \u015fer koalisyonuna kar\u015f\u0131 (\u2026) en uygun se\u00e7enek \u2018TR\u00c7\u2019 ittifak\u0131n\u0131n in\u015fa ve ihya edilmesidir. TR\u00c7 ittifak\u0131n\u0131n da; T\u00fcrkiye, Rusya ve \u00c7in&#8217;den m\u00fcte\u015fekkil olmas\u0131 arzu ve \u00f6nerimizdir. Kud\u00fcs d\u00fc\u015ferse Ankara kaybeder, \u0130stanbul kavrulur. Bunu da hi\u00e7 kimse yapayacakt\u0131r.\u201d<\/p>\n\n\n\n<p>Dolaptan bir iskelet \u00e7\u0131k\u0131p dans etmeye ba\u015flam\u0131\u015f gibi oldu. Herkes \u015fa\u015f\u0131rd\u0131.<\/p>\n\n\n\n<p>Bu s\u00f6zler \u00fczerine oturup ciddi bir analiz yazmaya kalksan\u0131z ne diyeceksiniz? B\u00f6yle bir ittifaka giri\u015fmeden, hatta bunu \u00f6nermeden \u00f6nce yap\u0131lmas\u0131 gerekenleri mi s\u0131ralayacaks\u0131n\u0131z? Rusya ve \u00c7in\u2019in olas\u0131 ittifak\u0131n ger\u00e7ekle\u015fmesi i\u00e7in \u00f6ne s\u00fcrecekleri \u015fartlar\u0131 m\u0131 tart\u0131\u015facaks\u0131n\u0131z? &nbsp;&nbsp;Kud\u00fcs ile Moskova-Pekin ne al\u00e2ka, diye mi soracaks\u0131n\u0131z? &nbsp;Say\u0131n Bah\u00e7eli\u2019yi ciddiyete mi davet edeceksiniz? Yoksa oturup ciddiyetle&nbsp; \u015e\u0130\u00d6\u2019n\u00fcn tarihsel geli\u015fimi i\u00e7inde T\u00fcrkiye\u2019nin tutumunu, farkl\u0131 d\u00f6nemlerdeki s\u00f6ylemlerini mi anlatacaks\u0131n\u0131z?<\/p>\n\n\n\n<p>\u00d6neriyi ciddiye alan tek ki\u015fi Vatansever Doktor Do\u011fu Perin\u00e7ek oldu. \u201cBen demi\u015ftim, T\u00fcrkiye devrime gidiyor,\u201d mealinde konu\u015ftu ve bir kez daha T\u00fcrkiye\u2019nin y\u00fckselen Avrasya uygarl\u0131\u011f\u0131nda \u00f6nc\u00fc konumda yer alaca\u011f\u0131n\u0131 ilan etti. Vatansever Doktor, Bah\u00e7eli\u2019nin&nbsp;&nbsp; bu ani \u00e7\u0131k\u0131\u015f\u0131yla devrime giden yolu a\u00e7t\u0131\u011f\u0131na inan\u0131yor, f\u0131rsattan istifade onun ipine tutunarak biraz daha y\u00fckselmek istiyor gibi g\u00f6r\u00fcnd\u00fc. \u0130nsan hayret ediyor! &nbsp;<\/p>\n\n\n\n<p>Bu TR\u00c7 muhabbeti devam ederken, Say\u0131n Reis\u2019in Trump\u2019\u0131n o\u011fluyla Dolmabah\u00e7e Saray\u2019\u0131nda (gizlice) g\u00f6r\u00fc\u015ft\u00fc\u011f\u00fc, \u00e7ocu\u011fa babas\u0131yla g\u00f6steri\u015fli bir randevu ayarlamas\u0131 h\u00e2linde canl\u0131 yay\u0131nda ABD\u2019den 300 Boeing u\u00e7ak sipari\u015f edece\u011fini s\u00f6yledi\u011fi iddia edildi. \u0130nsan\u0131n akl\u0131na 300 Boeing yolcu u\u00e7a\u011f\u0131 ka\u00e7 para eder (100 milyar dolar m\u0131?), T\u00fcrkiye\u2019deki emekliler, asgari \u00fccretliler, \u00e7ocuklar\u0131 okula a\u00e7 giden aileler bu i\u015fe ne der gibi sorular geliyor ister istemez.<\/p>\n\n\n\n<p>&nbsp;\u201cYok daha neler!\u201d dedik \u00f6nce, inanmad\u0131k. Fakat Trump sosyal medya hesab\u0131ndan iddiay\u0131 do\u011frulad\u0131. 25 Eyl\u00fcl\u2019de Say\u0131n Reis\u2019i sab\u0131rs\u0131zl\u0131kla bekledi\u011fini, g\u00f6r\u00fc\u015fmenin Boeing u\u00e7aklar\u0131n\u0131n (large scale\/b\u00fcy\u00fck \u00f6l\u00e7ekli) sat\u0131\u015f\u0131yla ilgili oldu\u011funu duyurdu. &nbsp;Say\u0131n Reis ise sosyal medya hesab\u0131ndan ABD\u2019yi \u201ckapsaml\u0131 stratejik ili\u015fkilere sahip oldu\u011fumuz m\u00fcttefikimiz\u201d diye tan\u0131mlad\u0131.<\/p>\n\n\n\n<p>Bah\u00e7eli\u2019nin Say\u0131n Saray\u2019\u0131 vazge\u00e7ilmez g\u00f6rd\u00fc\u011f\u00fcn\u00fc, onu bir kez daha Cumhurba\u015fkanl\u0131\u011f\u0131 makam\u0131nda g\u00f6rmek istedi\u011fini de ekleyelim.<\/p>\n\n\n\n<p>Acaba Say\u0131n Bah\u00e7eli, Say\u0131n Reis\u2019in ABD\u2019ye yapaca\u011f\u0131 kader ziyareti \u00f6ncesinde Atlantik cephesi kar\u015f\u0131s\u0131nda pazarl\u0131k pay\u0131n\u0131 art\u0131rmak i\u00e7in \u201cBizi \u00fczerseniz biz de d\u00fc\u015fmanlar\u0131n\u0131z\u0131n saf\u0131na ge\u00e7iveririz\u201d gibi a\u015f\u0131r\u0131 cilveli bir taktiksel at\u0131l\u0131m m\u0131 yapm\u0131\u015f oldu? Bilemeyiz. &nbsp;TR\u00c7 \u00e7\u0131k\u0131\u015f\u0131 havada as\u0131l\u0131 duruyor, nereye konaca\u011f\u0131 belli de\u011fil.<\/p>\n\n\n\n<p>Asl\u0131nda bu yaz\u0131y\u0131 \u201cfazla s\u00f6ze gerek yok\u201d diyerek burada b\u0131rakmak gerekirdi fakat devam edelim.<\/p>\n\n\n\n<p>Bak\u0131n\u0131z, \u0130srail\u2019in K\u0131br\u0131s Rum kesimini hava savunma sistemleri d\u00e2hil silahland\u0131rd\u0131\u011f\u0131na, son bir y\u0131lda 20 bin \u0130sraillinin&nbsp; g\u00fcneye yerle\u015ftirildi\u011fine, Ege\u2019de T\u00fcrkiye\u2019yi hedef alan \u00e7ok uluslu tatbikatlar\u0131n ve&nbsp; Rum y\u00f6netimi ile \u0130srail\u2019in ortak asker\u00ee tatbikatlar\u0131n\u0131n artt\u0131\u011f\u0131na, ABD\u2019nin adadaki kara ve deniz \u00fcslerini geni\u015fletti\u011fine,&nbsp; &nbsp;&nbsp;100 000 ki\u015filik haz\u0131r kuvvete ek olarak 10 000 ki\u015filik&nbsp;&nbsp; Yunan komando birli\u011fi olan Rum y\u00f6netiminin asker alma kampanyas\u0131 a\u00e7t\u0131\u011f\u0131na &nbsp;&nbsp;dair ciddiye al\u0131nmas\u0131 gereken haberler var.<\/p>\n\n\n\n<p>Ayr\u0131ca \u0130srail\u2019in adan\u0131n kuzeyini \u201ckurtarmak\u201d i\u00e7in \u201cPoseidon\u2019un Gazab\u0131\u201d gibi mitolojik isim ta\u015f\u0131yan bir sava\u015f\/sald\u0131r\u0131 plan\u0131 oldu\u011funu, bu plan\u0131n nihai amac\u0131 bak\u0131m\u0131ndan ABD-AB\u2019nin resmi K\u0131br\u0131s teziyle uyumlu oldu\u011funu biliyoruz. Asker\u00ee uzmanlar \u0130srail ile Yunanistan\u2019\u0131n Ege ve Akdeniz\u2019de ortak hedeflerde birle\u015fmesinin T\u00fcrkiye i\u00e7in ciddi bir tehlike oldu\u011funu, Saray\u2019\u0131n bu konuda sessiz kalmas\u0131n\u0131n tehlikeyi art\u0131rd\u0131\u011f\u0131n\u0131 defalarca dile getirdiler.<\/p>\n\n\n\n<p>\u00d6te yanda, Meclis \u00e7at\u0131s\u0131 alt\u0131nda kurulan Komisyon, \u00d6calan\u2019\u0131n diplomatik zek\u00e2s\u0131ndan, \u00fcst\u00fcn birikim ve kabiliyetlerinden yararlanmak i\u00e7in \u0130mral\u0131\u2019ya gitmeyi ya da \u0130mral\u0131\u2019y\u0131 Meclis\u2019e davet etmeyi tart\u0131\u015f\u0131rken, PKK\/YPG\u2019nin Haseke civar\u0131nda T\u00fcrkiye\u2019nin ilk savunma hatt\u0131na may\u0131n d\u00f6\u015femekte oldu\u011funa, Irak\u2019\u0131n kuzeyindeki Gara\u2019da ise asker\u00ee y\u0131\u011f\u0131nak yapt\u0131\u011f\u0131na dair haberler geliyor.<\/p>\n\n\n\n<p>Saray iktidar\u0131, \u00f6mr\u00fcn\u00fc uzatmak i\u00e7in Trump\u2019la Boeing pazarl\u0131\u011f\u0131 yaparken, emperyalizmin T\u00fcrkiye\u2019yi iki cephede (Ege-Akdeniz ve g\u00fcney s\u0131n\u0131r\u0131m\u0131z) sava\u015fla \u00e7\u00f6kertme plan\u0131n\u0131 geli\u015ftirmekte oldu\u011funu anl\u0131yoruz. &nbsp;\u00d6zetle \u015f\u00f6yle diyorlar: \u201cK\u00fcrt sorunu\u201dnu kendiniz \u00e7\u00f6zmezseniz, K\u0131br\u0131s\u2019tan kendi iste\u011finizle \u00e7ekilmezseniz, \u0130srail\u2019le (\u201cABD-\u0130srail \u015fer ekseni\u201d) b\u00f6lgesel d\u00fczeyde tam bir stratejik ittifak kurmazsan\u0131z, s\u0131cak \u00e7at\u0131\u015fmayla kar\u015f\u0131l\u0131k verece\u011fiz. &nbsp;&nbsp;Trump \u00f6nceki ba\u015fkanl\u0131k d\u00f6neminde Say\u0131n Saray\u2019a \u201cAk\u0131ll\u0131 ol, aptal olma, yoksa senin ekonomini mahvederim,\u201d demi\u015fti.&nbsp; Boeingleri satt\u0131ktan sonra ne diyecek acaba? <em>Veryans\u0131n<\/em>, 21. 09. 2025<\/p>\n","protected":false},"excerpt":{"rendered":"<p>Yavuz Alogan Devlet\u2019i y\u00f6netenin her zaman ve her durumda \u00fclkenin b\u00fct\u00fcn\u00fcn\u00fc g\u00f6zeterek belirli bir plan-program \u00e7er\u00e7evesinde mant\u0131kl\u0131 hareket etti\u011fine dair neredeyse evrensel bir yan\u0131lsama vard\u0131r. Bu yan\u0131lsama nedeniyle \u00f6nemli politik \u015fahsiyetlerin davran\u0131\u015flar\u0131 tutarl\u0131 varsay\u0131l\u0131r, s\u00f6zlerine a\u015f\u0131r\u0131 anlam y\u00fcklenir. Sahici siyas\u00ee partileri, g\u00fc\u00e7l\u00fc sendikalar\u0131, meslek \u00f6rg\u00fctleri, ba\u011f\u0131ms\u0131z medyas\u0131, dolay\u0131s\u0131yla kamuoyu bask\u0131s\u0131 olmayan \u00fclkelerde Devlet mekanizmas\u0131n\u0131 elde &hellip; <\/p>\n<p class=\"link-more\"><a href=\"http:\/\/yavuzalogan.com\/?p=1853\" class=\"more-link\">Continue reading<span class=\"screen-reader-text\"> &#8220;SERBEST U\u00c7U\u015eLAR&#8221;<\/span><\/a><\/p>\n","protected":false},"author":1,"featured_media":0,"comment_status":"open","ping_status":"open","sticky":false,"template":"","format":"standard","meta":{"footnotes":""},"categories":[1],"tags":[],"class_list":["post-1853","post","type-post","status-publish","format-standard","hentry","category-uncategorized"],"_links":{"self":[{"href":"http:\/\/yavuzalogan.com\/index.php?rest_route=\/wp\/v2\/posts\/1853","targetHints":{"allow":["GET"]}}],"collection":[{"href":"http:\/\/yavuzalogan.com\/index.php?rest_route=\/wp\/v2\/posts"}],"about":[{"href":"http:\/\/yavuzalogan.com\/index.php?rest_route=\/wp\/v2\/types\/post"}],"author":[{"embeddable":true,"href":"http:\/\/yavuzalogan.com\/index.php?rest_route=\/wp\/v2\/users\/1"}],"replies":[{"embeddable":true,"href":"http:\/\/yavuzalogan.com\/index.php?rest_route=%2Fwp%2Fv2%2Fcomments&post=1853"}],"version-history":[{"count":1,"href":"http:\/\/yavuzalogan.com\/index.php?rest_route=\/wp\/v2\/posts\/1853\/revisions"}],"predecessor-version":[{"id":1855,"href":"http:\/\/yavuzalogan.com\/index.php?rest_route=\/wp\/v2\/posts\/1853\/revisions\/1855"}],"wp:attachment":[{"href":"http:\/\/yavuzalogan.com\/index.php?rest_route=%2Fwp%2Fv2%2Fmedia&parent=1853"}],"wp:term":[{"taxonomy":"category","embeddable":true,"href":"http:\/\/yavuzalogan.com\/index.php?rest_route=%2Fwp%2Fv2%2Fcategories&post=1853"},{"taxonomy":"post_tag","embeddable":true,"href":"http:\/\/yavuzalogan.com\/index.php?rest_route=%2Fwp%2Fv2%2Ftags&post=1853"}],"curies":[{"name":"wp","href":"https:\/\/api.w.org\/{rel}","templated":true}]}}