{"id":1752,"date":"2025-02-02T10:33:50","date_gmt":"2025-02-02T08:33:50","guid":{"rendered":"http:\/\/yavuzalogan.com\/?p=1752"},"modified":"2025-02-02T10:33:50","modified_gmt":"2025-02-02T08:33:50","slug":"cumhuriyetin-olmez-nigahbani","status":"publish","type":"post","link":"http:\/\/yavuzalogan.com\/?p=1752","title":{"rendered":"CUMHUR\u0130YET\u0130N \u00d6LMEZ N\u0130G\u00c2HBANI"},"content":{"rendered":"\n<figure class=\"wp-block-image size-full is-resized\"><img loading=\"lazy\" decoding=\"async\" width=\"500\" height=\"261\" src=\"http:\/\/yavuzalogan.com\/wp-content\/uploads\/2025\/02\/10498519477661641613.jpeg\" alt=\"\" class=\"wp-image-1753\" style=\"width:674px;height:auto\"\/><\/figure>\n\n\n\n<p>Yavuz Alogan<\/p>\n\n\n\n<p>&nbsp;&nbsp;&nbsp;&nbsp;&nbsp;&nbsp;&nbsp;&nbsp; \u201cMustafa Kemal\u2019in askerleriyiz\u201d slogan\u0131yla demokratik ve laik cumhuriyete ba\u011fl\u0131l\u0131k yemini eden be\u015f te\u011fmenin albay, yarbay ve binba\u015f\u0131 r\u00fctbesinde \u00fc\u00e7 disiplin amiriyle birlikte&nbsp;&nbsp; ordudan ihra\u00e7 edilmesi, T\u00fcrkiye i\u00e7in bir d\u00f6n\u00fcm noktas\u0131 ve tarihsel bir k\u0131r\u0131lma \u00e2n\u0131d\u0131r.<\/p>\n\n\n\n<p>&nbsp;&nbsp;&nbsp;&nbsp;&nbsp;&nbsp;&nbsp;&nbsp; Bu insafs\u0131z kararla TSK\u2019nin y\u00fcksek komuta kademesi Kemalizm\u2019den ve Devrim Kanunlar\u0131\u2019ndan ayr\u0131ld\u0131\u011f\u0131n\u0131 ilan etmi\u015f oldu. Rekt\u00f6r s\u0131fatl\u0131 sivil bir ba\u015f\u0131bozuk pa\u015fas\u0131n\u0131n emrine verilen \u015eanl\u0131 Harbiye, Mustafa Kemal\u2019in askerlerine sahip \u00e7\u0131kamad\u0131. Cumhuriyetin \u00f6lmez nig\u00e2hban\u0131 a\u011f\u0131r bir yara ald\u0131.<\/p>\n\n\n\n<p>&nbsp;&nbsp;&nbsp;&nbsp;&nbsp;&nbsp;&nbsp;&nbsp; \u0130hra\u00e7 karar\u0131, Atat\u00fcrk ilke ve devrimlerinin k\u0131ymetini bilen halk\u0131n b\u00fcy\u00fck \u00e7o\u011funlu\u011funun kalbini k\u0131rd\u0131, \u015feriat devleti kurmaya azmetmi\u015f az\u0131nl\u0131\u011f\u0131n c\u00fcretini art\u0131rd\u0131. Bu kalp k\u0131r\u0131kl\u0131\u011f\u0131n\u0131n ve c\u00fcretin sonu\u00e7lar\u0131 olacak. &nbsp;\u0130hra\u00e7 karar\u0131n\u0131 verenler, s\u0131rf Reis\u2019in g\u00f6nl\u00fc olsun, \u201cSiz kime k\u0131l\u0131\u00e7 \u00e7ekiyorsunuz?\u201d s\u00f6z\u00fc havada kalmas\u0131n diye alt\u0131na girdikleri ezici sorumlulu\u011fun, yaratt\u0131klar\u0131 tehlikenin fark\u0131ndalar m\u0131?<\/p>\n\n\n\n<p>&nbsp;&nbsp;&nbsp;&nbsp;&nbsp;&nbsp;&nbsp;&nbsp; En s\u0131radan insan bile ordu disiplininin tarikat\/cemaat hiyerar\u015fisine ba\u011fl\u0131 asker i\u00e7in de\u011fil, Atat\u00fcrk ilke ve devrimlerini savunan asker i\u00e7in ge\u00e7erli oldu\u011funu g\u00f6rd\u00fc. &nbsp;<\/p>\n\n\n\n<p>G\u00f6rd\u00fc\u011f\u00fcm\u00fcze inanacak olursak, TSK\u2019nin giderek Saddam\u2019\u0131n ya da Esat\u2019\u0131n ordusuna d\u00f6n\u00fc\u015fece\u011fini, sava\u015f ko\u015fullar\u0131nda t\u0131pk\u0131 o ordular gibi davranaca\u011f\u0131n\u0131, tarihimizin en ac\u0131 sayfalar\u0131n\u0131 olu\u015fturan Balkan Sava\u015f\u0131 facias\u0131n\u0131n (1912-1913) tekrarlanaca\u011f\u0131n\u0131 d\u00fc\u015f\u00fcnmemiz gerekir.<\/p>\n\n\n\n<p>&nbsp;&nbsp;&nbsp;&nbsp;&nbsp;&nbsp;&nbsp;&nbsp; Peki g\u00f6rd\u00fc\u011f\u00fcm\u00fcze inanal\u0131m m\u0131? Yoksa kesin sonuca varmak i\u00e7in hen\u00fcz erken mi? &nbsp;Bence hen\u00fcz erken.&nbsp; Parti Devleti\u2019nin ka\u00e7\u0131n\u0131lmaz \u00e7\u00f6k\u00fc\u015f s\u00fcrecinde ihra\u00e7 olay\u0131yla gelen bu tarihsel k\u0131r\u0131lma \u00e2n\u0131n\u0131n telafisi i\u00e7in pek \u00e7ok f\u0131rsat do\u011facak. Yemin ve ard\u0131ndan gelen ihra\u00e7, askeriyenin tamam\u0131nda yank\u0131lanarak \u00f6nlenmesi art\u0131k m\u00fcmk\u00fcn olmayan safla\u015fmay\u0131 daha da keskinle\u015ftirecek.<\/p>\n\n\n\n<p>&nbsp;Te\u011fmenler, tarihe ge\u00e7en \u015fanl\u0131 eylemleriyle, T\u00fcrk ordusunun i\u00e7inde sadece tarikat ve cemaatlerin de\u011fil, laik demokratik sosyal hukuk devletini savunan Kemalistlerin de var oldu\u011funu g\u00f6sterdiler.<\/p>\n\n\n\n<p>&nbsp;&nbsp;&nbsp;&nbsp;&nbsp;&nbsp;&nbsp;&nbsp; Sloganlar\u0131 ve yeminleriyle, k\u0131l\u0131\u00e7 \u00e7atmalar\u0131yla te\u011fmenler, T\u00fcrk Ordusu\u2019nun komuta kademesinin Saray Rejimi\u2019nin ideolojik (ideolojik!) hegemonya alan\u0131na girdi\u011fini de tart\u0131\u015fmaya yer b\u0131rakmayan bir a\u00e7\u0131kl\u0131kla kan\u0131tlam\u0131\u015f oldular. &nbsp;<\/p>\n\n\n\n<p>Askerin demokratik sistemde se\u00e7imle olu\u015fan iktidar\u0131n emrinde olmas\u0131 do\u011fald\u0131r. Fakat iktidar partisinin anayasay\u0131 ask\u0131ya alarak devlete d\u00f6n\u00fc\u015fmesiyle birlikte askerin de zorunlu olarak partinin siyas\u00ee uzant\u0131s\u0131na, parti devletinin bask\u0131 ayg\u0131t\u0131na d\u00f6n\u00fc\u015fece\u011fini sanmak ve askerden bu y\u00f6nde kesin itaat beklemek, sonu h\u00fcsranla bitecek bir alg\u0131 bozuklu\u011fundan ba\u015fka bir \u015fey de\u011fildir.&nbsp;<\/p>\n\n\n\n<p>Saray rejimi hayat\u0131n her alan\u0131nda, b\u00fct\u00fcn kurumlarda oldu\u011fu gibi askeriyede de kendi h\u00fcsran\u0131n\u0131 haz\u0131rlamaktad\u0131r. &nbsp;Tarihsel olarak kendi gelenekleri ve asker\u00ee k\u00fclt\u00fcr\u00fc, e\u011fitim kurumlar\u0131, sa\u011fl\u0131k sistemi, yarg\u0131 mekanizmas\u0131 olan bir ordunun, \u00fczerine zorla giydirilen deli g\u00f6mle\u011fini uzun s\u00fcre ta\u015f\u0131mas\u0131 beklenemez. S\u0131radan bir ordu de\u011fildir. Tarihte ka\u00e7 devlet ordu taraf\u0131ndan kuruldu, hangi halk \u201cordula\u015fm\u0131\u015f millet\u201d ifadesine kutsall\u0131k atfetti?<\/p>\n\n\n\n<p>&nbsp;&nbsp;&nbsp;&nbsp;&nbsp;&nbsp;&nbsp;&nbsp; FET\u00d6\u2019n\u00fcn AKP iktidar\u0131yla birlikle ger\u00e7ekle\u015ftirdi\u011fi asker tasfiyeleri s\u0131ras\u0131nda yobazlar medya marifetiyle olu\u015fturduklar\u0131 sis perdesinin arkas\u0131nda faaliyet g\u00f6sterdiler. Yurtta\u015flar ne olup bitti\u011fini uzun s\u00fcre anlayamad\u0131lar. &nbsp;Medyan\u0131n \u00f6ne \u00e7\u0131kard\u0131\u011f\u0131 solcu gibi duran entel dantel libo\u015flar bu tasfiyelerle \u00fclkenin asker\u00ee vesayetten kurtularak ger\u00e7ek demokrasiye kavu\u015faca\u011f\u0131n\u0131 cil\u00e2l\u0131 laflarla savundular, siyas\u00ee iktidar\u0131n ve FET\u00d6c\u00fc hainlerin yan\u0131nda yer ald\u0131lar. Sar\u0131k\u0131z, Ay\u0131\u015f\u0131\u011f\u0131, Yakamoz, \u00c7ar\u015faf, Sakal, Suga, Oraj, &nbsp;Eldiven, Balyoz, Ergenekon &nbsp;gibi acayip isimleri olan davalarla halk\u0131n kafas\u0131n\u0131 kar\u0131\u015ft\u0131rd\u0131lar. Silahl\u0131 Kuvvetler\u2019in en \u00fcst komuta kademesi, olanlar\u0131n fark\u0131nda oldu\u011fu h\u00e2lde, inan\u0131lmaz bir korkakl\u0131k, basiretsizlik ve \u201cdur bakal\u0131m n\u2019olacak\u201d tavr\u0131yla generallerin, albaylar\u0131n, astsubaylar\u0131n a\u015fa\u011f\u0131lanarak hapsedilmesini kendi mahfilinden seyretti, Ordu\u2019nun en donan\u0131ml\u0131 komutanlar\u0131n\u0131 FET\u00d6\u2019c\u00fc savc\u0131lara teslim etti.<\/p>\n\n\n\n<p>&nbsp;&nbsp;&nbsp;&nbsp;&nbsp;&nbsp;&nbsp;&nbsp; Te\u011fmenlerin eylemi ise tam bir masumiyetin, ordu gelene\u011fini en saf h\u00e2liyle sahiplenmenin ifadesi oldu. Halk\u0131n \u00e7o\u011funlu\u011fu eylemin safl\u0131\u011f\u0131n\u0131, hakl\u0131l\u0131\u011f\u0131n\u0131, vakar\u0131n\u0131 ve karakterini&nbsp;&nbsp; tam bir zihin a\u00e7\u0131kl\u0131\u011f\u0131yla, \u00e7\u0131plak g\u00f6zle, oldu\u011fu gibi g\u00f6rd\u00fc.&nbsp; Bu berrak g\u00f6r\u00fc\u015f\u00fcn de mevcut rejim a\u00e7\u0131s\u0131ndan orta ve uzun vadeli sonu\u00e7lar\u0131 olacak. \u0130hra\u00e7 karar\u0131n\u0131 veren \u00e7ok y\u0131ld\u0131zl\u0131lar bu sonu\u00e7lar\u0131 g\u00f6\u011f\u00fcslemeye haz\u0131r olup olmad\u0131klar\u0131n\u0131 d\u00fc\u015f\u00fcnd\u00fcler mi?<\/p>\n\n\n\n<p>&nbsp;&nbsp;&nbsp;&nbsp;&nbsp;&nbsp;&nbsp;&nbsp; \u0130nsan\u0131n yarad\u0131l\u0131\u015f\u0131ndan gelen karakteri bu i\u015flerde \u00e7ok \u00f6nemlidir. Mustafa Kemal ba\u015fl\u0131 ba\u015f\u0131na bir karakterdir mesela. Asker, devrimci, devlet adam\u0131 ve \u201cb\u00fcy\u00fck T\u00fcrk milletinin bir ferdi\u201d olarak \u00f6rnek al\u0131nmas\u0131 gereken bir karakterdir. &nbsp;Sadrazam ve Erkan\u0131 Harbiye Reisi \u0130zzet Pa\u015fa\u2019n\u0131n \u0130skenderun\u2019daki \u0130ngiliz faaliyetlerine g\u00f6z yumulmas\u0131 emrine, \u201cev\u00e2miri h\u00fcsn-\u00fc tatbike [emirleri eksiksiz uygulamaya] yarad\u0131l\u0131\u015f\u0131m m\u00fcsait olmad\u0131\u011f\u0131ndan\u201d diyerek kar\u015f\u0131 \u00e7\u0131km\u0131\u015f, disiplinsizlik etmi\u015ftir.<\/p>\n\n\n\n<p>&nbsp;&nbsp;&nbsp;&nbsp;&nbsp;&nbsp;&nbsp;&nbsp; Bu zor zamanlarda asker sivil herkesin kendi yarad\u0131l\u0131\u015f\u0131n\u0131n neye m\u00fcsait oldu\u011funu d\u00fc\u015f\u00fcnmesi gerekir.<\/p>\n\n\n\n<p>&nbsp;&nbsp;&nbsp;&nbsp;&nbsp;&nbsp;&nbsp;&nbsp; Saray\u2019\u0131n organik gazetecisi soruyor: \u201c&#8221;Bu \u00fclkede hayat Mustafa Kemal ile mi ba\u015flad\u0131?&#8221; Tam da \u00f6yle oldu!&nbsp; T\u00fcrkiye Cumhuriyeti\u2019ni Mustafa Kemal size ra\u011fmen kurdu ve hayat size ra\u011fmen Mustafa Kemal\u2019le ba\u015flad\u0131. T\u00fcrk milleti, \u201cT\u00fcrk-Arap-K\u00fcrt \u00fcmmeti\u201d ve Saray\u2019\u0131n kulu olmay\u0131 size ra\u011fmen reddedecek, hayata yine onunla devam edecek. S\u0131k\u0131\u015ft\u0131\u011f\u0131n\u0131zda onun kalpakl\u0131 resmini Saray\u0131n\u0131za ast\u0131n\u0131z. Hem korkuyor, hem nefret ediyor, konjonkt\u00fcre ve ortama g\u00f6re onu bazen \u201cGazi,\u201d bazen \u201cdeccal\u201ddiye an\u0131yorsunuz. Bu uzun saltanat r\u00fcyas\u0131ndan uyanaca\u011f\u0131z diye \u00e7ok korkuyorsunuz.<\/p>\n\n\n\n<p>Devletin yerine partinizi ge\u00e7irdi\u011finiz gibi, Mustafa Kemal\u2019in yerine Reis\u2019inizi ge\u00e7iremeyeceksiniz. Karakterler \u00e7ok farkl\u0131. Sizin deyiminizle f\u0131tr\u00ee bir fark var. &nbsp;Ayr\u0131ca Reisiniz \u00e7ok ya\u015fl\u0131, Mustafa Kemaller yirmi ya\u015f\u0131nda.<\/p>\n\n\n\n<p>&nbsp;&nbsp;&nbsp;&nbsp;&nbsp;&nbsp;&nbsp;&nbsp; Neyse konuyu da\u011f\u0131tmayal\u0131m\u2026<\/p>\n\n\n\n<p>&nbsp;&nbsp;&nbsp;&nbsp;&nbsp;&nbsp;&nbsp;&nbsp; Sonu\u00e7 olarak Te\u011fmenlerin eylemi ve ordudan ihrac\u0131 bir son de\u011fil, ba\u015flang\u0131\u00e7t\u0131r. Gen\u00e7li\u011fe Hitabe\u2019deki \u015fartlar olgunla\u015fm\u0131\u015ft\u0131r: \u201cBir g\u00fcn, istiklal ve cumhuriyeti m\u00fcdafaa mecburiyetine d\u00fc\u015fersen, vazifeye at\u0131lmak i\u00e7in, i\u00e7inde bulunaca\u011f\u0131n vaziyetin imk\u00e2n ve \u015fer\u00e2itini d\u00fc\u015f\u00fcnmeyeceksin.\u201d<\/p>\n\n\n\n<p>O \u201cbir g\u00fcn,\u201d i\u015fte bug\u00fcnd\u00fcr!<\/p>\n\n\n\n<p>Bundan sonra her yer evreler h\u00e2linde Mustafa Kemal\u2019in askerleriyle dolacak. Ta ki laik demokratik sosyal hukuk devleti se\u00e7imle i\u015fba\u015f\u0131na gelen sahici bir Kurucu Meclis taraf\u0131ndan yeni bir Toplum S\u00f6zle\u015fmesi\u2019yle kuruluncaya kadar \u2026 Bug\u00fcn ihra\u00e7 edilen gen\u00e7 te\u011fmenler gelece\u011fin genel kurmay ba\u015fkan\u0131, kuvvet komutan\u0131 olacaklar, ordu reformunu ger\u00e7ekle\u015ftirecekler. <em>Veryans\u0131n<\/em>, 02. 02. 2025 &nbsp;<\/p>\n","protected":false},"excerpt":{"rendered":"<p>Yavuz Alogan &nbsp;&nbsp;&nbsp;&nbsp;&nbsp;&nbsp;&nbsp;&nbsp; \u201cMustafa Kemal\u2019in askerleriyiz\u201d slogan\u0131yla demokratik ve laik cumhuriyete ba\u011fl\u0131l\u0131k yemini eden be\u015f te\u011fmenin albay, yarbay ve binba\u015f\u0131 r\u00fctbesinde \u00fc\u00e7 disiplin amiriyle birlikte&nbsp;&nbsp; ordudan ihra\u00e7 edilmesi, T\u00fcrkiye i\u00e7in bir d\u00f6n\u00fcm noktas\u0131 ve tarihsel bir k\u0131r\u0131lma \u00e2n\u0131d\u0131r. &nbsp;&nbsp;&nbsp;&nbsp;&nbsp;&nbsp;&nbsp;&nbsp; Bu insafs\u0131z kararla TSK\u2019nin y\u00fcksek komuta kademesi Kemalizm\u2019den ve Devrim Kanunlar\u0131\u2019ndan ayr\u0131ld\u0131\u011f\u0131n\u0131 ilan etmi\u015f oldu. Rekt\u00f6r &hellip; <\/p>\n<p class=\"link-more\"><a href=\"http:\/\/yavuzalogan.com\/?p=1752\" class=\"more-link\">Continue reading<span class=\"screen-reader-text\"> &#8220;CUMHUR\u0130YET\u0130N \u00d6LMEZ N\u0130G\u00c2HBANI&#8221;<\/span><\/a><\/p>\n","protected":false},"author":1,"featured_media":0,"comment_status":"open","ping_status":"open","sticky":false,"template":"","format":"standard","meta":{"footnotes":""},"categories":[1],"tags":[],"class_list":["post-1752","post","type-post","status-publish","format-standard","hentry","category-uncategorized"],"_links":{"self":[{"href":"http:\/\/yavuzalogan.com\/index.php?rest_route=\/wp\/v2\/posts\/1752","targetHints":{"allow":["GET"]}}],"collection":[{"href":"http:\/\/yavuzalogan.com\/index.php?rest_route=\/wp\/v2\/posts"}],"about":[{"href":"http:\/\/yavuzalogan.com\/index.php?rest_route=\/wp\/v2\/types\/post"}],"author":[{"embeddable":true,"href":"http:\/\/yavuzalogan.com\/index.php?rest_route=\/wp\/v2\/users\/1"}],"replies":[{"embeddable":true,"href":"http:\/\/yavuzalogan.com\/index.php?rest_route=%2Fwp%2Fv2%2Fcomments&post=1752"}],"version-history":[{"count":1,"href":"http:\/\/yavuzalogan.com\/index.php?rest_route=\/wp\/v2\/posts\/1752\/revisions"}],"predecessor-version":[{"id":1754,"href":"http:\/\/yavuzalogan.com\/index.php?rest_route=\/wp\/v2\/posts\/1752\/revisions\/1754"}],"wp:attachment":[{"href":"http:\/\/yavuzalogan.com\/index.php?rest_route=%2Fwp%2Fv2%2Fmedia&parent=1752"}],"wp:term":[{"taxonomy":"category","embeddable":true,"href":"http:\/\/yavuzalogan.com\/index.php?rest_route=%2Fwp%2Fv2%2Fcategories&post=1752"},{"taxonomy":"post_tag","embeddable":true,"href":"http:\/\/yavuzalogan.com\/index.php?rest_route=%2Fwp%2Fv2%2Ftags&post=1752"}],"curies":[{"name":"wp","href":"https:\/\/api.w.org\/{rel}","templated":true}]}}