{"id":169,"date":"2020-01-03T10:57:53","date_gmt":"2020-01-03T08:57:53","guid":{"rendered":"http:\/\/yavuzalogan.com\/?p=169"},"modified":"2020-07-06T11:00:40","modified_gmt":"2020-07-06T09:00:40","slug":"hala-anlamadiniz-mi","status":"publish","type":"post","link":"http:\/\/yavuzalogan.com\/?p=169","title":{"rendered":"H\u00c2L\u00c2 ANLAMADINIZ MI?"},"content":{"rendered":"\n<p>Yavuz Alogan<\/p>\n\n\n\n<p>&nbsp;&nbsp;&nbsp;&nbsp;&nbsp;&nbsp;&nbsp;&nbsp; \u0130yice y\u00fckselip Saray mertebesine \u00e7\u0131kan bir siyas\u00ee iktidara, a\u015fa\u011f\u0131lardan ak\u0131l \u00f6\u011fretme, yol g\u00f6sterme \u00e7abas\u0131 kadar aptalca bir u\u011fra\u015f\u0131 yoktur. Bu u\u011fra\u015f\u0131y\u0131 siyaset ya da muhalefet sananlar\u0131n kendi dertlerini anlatmak i\u00e7in debelenip durmalar\u0131 tek kelimeyle g\u00fcl\u00fcn\u00e7t\u00fcr.<\/p>\n\n\n\n<p>&nbsp;&nbsp;&nbsp;&nbsp;&nbsp;&nbsp;&nbsp;&nbsp; Saray kendi ba\u015f\u0131na bir y\u00f6netim birimi, kararlar\u0131n al\u0131nd\u0131\u011f\u0131 merkezdir.&nbsp; Saray\u2019\u0131n kendi b\u00fcrokrasisi, asker sivil dan\u0131\u015fmanlar\u0131, \u00e7e\u015fitli konularda uzmanlar\u0131, muhaf\u0131zlar\u0131 vard\u0131r. Saray, ba\u011f\u0131ms\u0131z yap\u0131s\u0131 olan bir iktidar makam\u0131, monolitik &nbsp;(yekpare) bir olu\u015fumdur. Meclis \u00e7o\u011funlu\u011funu elde tuttu\u011fu s\u00fcrece me\u015frut\u00ee monar\u015fi g\u00f6r\u00fcn\u00fcm\u00fcn\u00fc s\u00fcrd\u00fcr\u00fcr.&nbsp; Meclis \u00e7o\u011funlu\u011funu kaybedece\u011fini anlarsa, elindeki b\u00fct\u00fcn g\u00fc\u00e7leri kullanarak, hatta i\u00e7 sava\u015f\u0131 bile g\u00f6ze alarak mutlak monar\u015fiye ge\u00e7menin yollar\u0131n\u0131 arayacakt\u0131r. \u0130\u00e7ine d\u00fc\u015febilece\u011fi en zor durumda Saray yarg\u0131lanmama g\u00fcvencesi kar\u015f\u0131l\u0131\u011f\u0131nda iktidar\u0131n\u0131 ancak bir benzerine devredebilir.<\/p>\n\n\n\n<p>&nbsp;&nbsp;&nbsp;&nbsp;&nbsp;&nbsp;&nbsp;&nbsp; Tarihin hi\u00e7bir d\u00f6neminde yasamay\u0131, yarg\u0131y\u0131, y\u00fcr\u00fctmeyi; b\u00fct\u00fcn kuvvetleri kendi elinde toplam\u0131\u015f bir Saray\u2019\u0131n serbest se\u00e7imlerle el de\u011fi\u015ftirdi\u011fi g\u00f6r\u00fclmemi\u015ftir.&nbsp; \u0130craat\u0131 anayasal kurumlarla denetlenmeyen, devletin yasama kurumuna hesap verme y\u00fck\u00fcml\u00fcl\u00fc\u011f\u00fc olmayan, toplumun i\u00e7indeki \u00f6rg\u00fctl\u00fc bask\u0131 gruplar\u0131ndan \u00e7ekinmeyen bir h\u00fck\u00fcmdar\u0131n, XIV. Louis gibi, \u201cDevlet benim \/ L\u2019\u00c9tat c\u2019est moi\u201d demesini \u00f6nleyecek bir mekanizma var m\u0131d\u0131r?<\/p>\n\n\n\n<p>&nbsp;&nbsp;&nbsp;&nbsp;&nbsp;&nbsp;&nbsp;&nbsp; Vatan\u0131n sel\u00e2meti, milletin birlik ve beraberli\u011fi i\u00e7in en uygun olan\u0131 d\u00fc\u015f\u00fcnmek eli kolu ba\u011fl\u0131 muhalefet partilerinin, siyas\u00ee&nbsp; laf etmekten \u00f6d\u00fc kopan sendikalar\u0131n, kendi i\u00e7inde k\u0131rk par\u00e7aya b\u00f6l\u00fcnm\u00fc\u015f barolar\u0131n, art\u0131k var olmayan akademinin, arada bir m\u0131r\u0131n k\u0131r\u0131n eden i\u015fveren \u00f6rg\u00fctlerinin, kendinden ho\u015fnut entelekt\u00fcellerin, gariban \u00f6\u011frenci gruplar\u0131n\u0131n i\u015fi de\u011fildir. Saray, siyas\u00ee toplumun itiraza ele\u015ftiriye yeltenen bireylerini ve gruplar\u0131n\u0131 en \u00fcst perdeden konu\u015farak a\u015fa\u011f\u0131lar, onlarla alay eder; kutsal s\u00f6zleri, y\u00fczde 95\u2019ine h\u00fckmetti\u011fi ileti\u015fim kanallar\u0131ndan an\u0131nda kitlelere ula\u015ft\u0131r\u0131l\u0131r.<\/p>\n\n\n\n<p>\u201cTa\u00e7 giyen ba\u015f ak\u0131llan\u0131r\u201d diye daha \u00e7ok beklersiniz. Bizim g\u00f6r\u00fc\u015flerimize yakla\u015ft\u0131, ama \u015fimdi biraz uzakla\u015ft\u0131, yok ortalad\u0131 ilerliyor bize do\u011fru geliyor, iyi i\u015f yapt\u0131\u011f\u0131nda \u00f6veriz k\u00f6t\u00fcs\u00fcn\u00fc yapt\u0131\u011f\u0131nda yereriz, hepimiz ayn\u0131 fidan\u0131n g\u00fcller a\u00e7m\u0131\u015f dal\u0131y\u0131z, biz Saray\u2019a mecburuz (Var m\u0131 ba\u015fka iktidar form\u00fcl\u00fc?), \u015fu geminin d\u00fcmeninin ucundan biraz da biz tutal\u0131m diye yaltaklan\u0131rsan\u0131z, fena h\u00e2lde a\u015fa\u011f\u0131lan\u0131rs\u0131n\u0131z, taraftarlar\u0131n\u0131z\u0131 kaybedersiniz, \u00f6rg\u00fct\u00fcn\u00fcz da\u011f\u0131l\u0131r. &nbsp;<\/p>\n\n\n\n<p>Baz\u0131 durumlarda muhalefet topyek\u00fbn yap\u0131l\u0131r; iyi ve k\u00f6t\u00fc icraat diye ay\u0131r\u0131m yap\u0131lmaz. Hitler 1933-1939 aras\u0131nda Almanya\u2019da muazzam bir geli\u015fme sa\u011flad\u0131 fakat hi\u00e7bir geri zek\u00e2l\u0131 kom\u00fcnist, sosyal demokrat, Katolik ya da liberal \u00e7\u0131k\u0131p da \u201conun yapt\u0131\u011f\u0131 olumlu i\u015fleri destekliyoruz\u201d demedi.&nbsp; XVI. Louis\u2019nin her yapt\u0131\u011f\u0131 yanl\u0131\u015f m\u0131yd\u0131? 1789\u2019dan hemen \u00f6nce adamca\u011f\u0131z &nbsp;&nbsp;her konuda reform yapmaya \u00e7al\u0131\u015f\u0131yordu. Jakoben Kul\u00fcpleri bu reformlar\u0131 neden desteklemedi acaba? Nam\u0131k Kemal, mem\u00e2lik-i \u015fah\u00e2ne, vatan millet diyerek Padi\u015fah Abd\u00fclaziz\u2019in reformlar\u0131n\u0131 destekledi mi?<\/p>\n\n\n\n<p>&nbsp;&nbsp;&nbsp;&nbsp;&nbsp;&nbsp;&nbsp;&nbsp; Bir h\u00fck\u00fcmdar her daim hakl\u0131 ve muzaffer, en do\u011frusunu bilen ve yapan oldu\u011funa bir kez inand\u0131\u011f\u0131nda, ba\u015f\u0131ndan tac\u0131n\u0131 alamazs\u0131n\u0131z, ikisi b\u00fct\u00fcnle\u015fmi\u015f, kayna\u015fm\u0131\u015ft\u0131r art\u0131k. O art\u0131k istedi\u011fi her \u015feyi, kimseye sormadan ve dan\u0131\u015fmadan, sadece kendi adamlar\u0131yla m\u00fczakere ederek yapabilecektir. &nbsp;Kanal\u2019\u0131 da a\u00e7acak, k\u00f6pr\u00fcy\u00fc de yapacak, topraklar\u0131 Araplara da satacak, Libya\u2019daki&nbsp; \u0130hvan\u2019\u0131n\u0131 kurtarmak i\u00e7in \u00e7\u00f6llere asker de sevk edecek,&nbsp; \u0130dlib\u2019den ak\u0131n eden y\u00fcz binlerce vah\u015fi ter\u00f6risti aileleriyle birlikte kucaklayacak, en \u015fahane silahlar\u0131 sat\u0131n alacak, \u00fclkenin jeopoliti\u011fini bir o tarafa bir bu tarafa g\u00f6stererek b\u00fcy\u00fck g\u00fc\u00e7ler nezdinde \u015fahs\u0131n\u0131n vazge\u00e7ilmezli\u011fini kan\u0131tlayacak, &nbsp;&nbsp;memleketin elde avu\u00e7ta kalan iktisad\u00ee de\u011ferlerini fonlarda toplay\u0131p diledi\u011fi gibi harcayacakt\u0131r.<\/p>\n\n\n\n<p>&nbsp;&nbsp;&nbsp;&nbsp;&nbsp;&nbsp;&nbsp;&nbsp; \u0130ktidara ak\u0131l \u00f6\u011freten g\u00fczelce yaz\u0131lm\u0131\u015f bilimsel makaleler, itiraf etmeliyim ki benim asab\u0131m\u0131 bozmaya ba\u015flad\u0131. Sonu mutlaka \u201cT\u00fcrkiye derhal Suriye ve M\u0131s\u0131r\u2019la anla\u015fmal\u0131d\u0131r\u201d diye biten yaz\u0131lar ya da Kanal \u0130stanbul\u2019un bilimsel sak\u0131ncalar\u0131n\u0131 \u015fehircilik, ekoloji, Montr\u00f6&nbsp; vs a\u00e7\u0131s\u0131ndan rakamlar vererek inceleyen \u00e7al\u0131\u015fmalar\u2026&nbsp; Yanl\u0131\u015f anla\u015f\u0131lmas\u0131n; bunlar elbette faydal\u0131, \u00f6\u011freniyoruz, fakat \u00f6\u011frendiklerimiz bir i\u015fe yaram\u0131yor.<\/p>\n\n\n\n<p>Saray hi\u00e7bir zaman \u201cEsed\u201d ve \u201cSisi\u201dyle anla\u015fmayacak. Bu anla\u015fmama tutumunun jeopolitik bilgisizlikle ilgisi yok. Yani Saray, sizden ger\u00e7ekleri \u00f6\u011frenip, \u201cAa \u00f6yle mi, peki o zaman,\u201d demeyecek. \u00c7\u00fcnk\u00fc o kendi jeopolitik \u00e7\u0131karlar\u0131n\u0131 sizden farkl\u0131 bi\u00e7imde, mezheb\u00ee\/ideolojik parametrelerle tan\u0131ml\u0131yor. Ne yapt\u0131\u011f\u0131n\u0131 kendince gayet iyi biliyor. ABD\u2019yi, olmad\u0131 \u00c7in-Rusya\u2019y\u0131 raz\u0131 ederek&nbsp; T\u00fcrkiye\u2019ye g\u00fcney istikametinde bir S\u00fcnni &nbsp;n\u00fcfuz alan\u0131 sa\u011flama umudunu&nbsp; saplant\u0131 h\u00e2line getirdi\u011fi i\u00e7in b\u00f6yle yap\u0131yor. &nbsp;\u0130ktidarda kald\u0131\u011f\u0131 s\u00fcrece bu \u00e7izgisini de\u011fi\u015ftirmeyecektir. O bir dava adam\u0131, hedefleri var. Y\u00fcz y\u0131ll\u0131k Cumhuriyet parantezini kapatarak Osmanl\u0131\u2019n\u0131n \u201cLebensraum\u201duna (hayat alan\u0131) y\u00f6neliyor, din\u00ee esaslarla y\u00f6netilen emperyal bir g\u00fc\u00e7 olmak istiyor.&nbsp;&nbsp; &nbsp;<\/p>\n\n\n\n<p>Kanal \u0130stanbul a\u00e7\u0131l\u0131nca Marmara \u00e7\u00fcr\u00fck yumurta kokacak, Trakya\u2019n\u0131n savunulmas\u0131 zora girecek, Bulgaristan ve Romanya\u2019n\u0131n talebi \u00fczerine NATO Montr\u00f6\u2019y\u00fc g\u00fcndeme getirecek, Ruslar bu i\u015fe \u00e7ok bozulacak gibi kayg\u0131lar\u0131 yok Saray\u2019\u0131n.&nbsp; Onu ilgilendiren iki \u015fey var: Kanal\u2019\u0131n kendi fonlar\u0131na ak\u0131taca\u011f\u0131 350 milyar dolar gelir ve kendi kaderini Arap sermayesine ba\u011flamak. K\u00f6t\u00fcs\u00fc gelirse duruma g\u00f6re vaziyet alacak. \u0130sterseniz yalvar\u0131n! Asla fikrini de\u011fi\u015ftirmeyecektir. Bunu h\u00e2l\u00e2 anlamad\u0131ysan\u0131z, \u201cEsad\u2019\u0131 tan\u0131, \u2018rejim\u2019 deme, Sisi\u2019yle anla\u015f, diplomasiyi kullan, Libya\u2019da sava\u015facak yerde arabulucu ol, Kanal\u2019\u0131 a\u00e7ma\u201d diye feryat etmeye devam eder durursunuz. Hi\u00e7bir faydas\u0131 olmaz. Yukar\u0131ya konu\u015faca\u011f\u0131n\u0131z yerde a\u015fa\u011f\u0131dan \u00f6rg\u00fctlenmeye \u00e7al\u0131\u015fsan\u0131z daha iyi edersiniz. &nbsp;<\/p>\n\n\n\n<p>\u015eu on yedi y\u0131l i\u00e7inde Saray sat\u0131lmad\u0131k tek bir yerli ve mill\u00ee kurulu\u015f b\u0131rakmad\u0131. Kamuya ait olan ne varsa \u00f6zelle\u015ftirdi.&nbsp; Memleketimizin t\u00fct\u00fcn\u00fcn\u00fc, pamu\u011funu, pancar\u0131n\u0131, ay\u00e7i\u00e7e\u011fini yok etti. \u00dclkemizin tar\u0131m\u0131n\u0131 betona g\u00f6md\u00fc.&nbsp; Topraktan kopard\u0131\u011f\u0131 insanlar\u0131 maa\u015fa ba\u011flayarak kadrolu se\u00e7men olarak istihdam etti. Ve \u015fimdi, sa\u011fdan soldan toplanm\u0131\u015f siluet h\u00e2linde bir otomobili \u015fatafatl\u0131 bir g\u00f6rg\u00fcs\u00fczl\u00fckle, ses ve \u0131\u015f\u0131k oyunlar\u0131yla tan\u0131tarak, \u201cyerli ve mill\u00ee \u00fcretim\u201d diye millete yutturuyor. Siz de alk\u0131\u015fl\u0131yorsunuz, \u00f6yle mi? &nbsp;B\u00fcy\u00fck \u00fcretim hamlesine \u201cmill\u00ee\u201d oldu\u011fu s\u00f6ylenen otomobille mi gideceksiniz? Sava\u015f yay\u0131l\u0131r ve kriz derinle\u015firse karn\u0131n\u0131z\u0131 nas\u0131l doyuracaks\u0131n\u0131z?<\/p>\n\n\n\n<p>En k\u00f6r g\u00f6zler, en ayl\u00e2k zihinler bile Saray\u2019\u0131n iktisat politikalar\u0131n\u0131n ve d\u0131\u015f politika hatalar\u0131n\u0131n bug\u00fcnk\u00fc a\u00e7mazlara yol a\u00e7aca\u011f\u0131n\u0131 g\u00f6rebilir ve d\u00fc\u015f\u00fcnebilirdi. &nbsp;Nitekim g\u00f6r\u00fcld\u00fc, d\u00fc\u015f\u00fcn\u00fcld\u00fc ve s\u00f6ylenmesi gereken her \u015fey s\u00f6ylendi. Fakat de\u011fi\u015fen bir \u015fey olmad\u0131. Bundan sonra da olmaz.<\/p>\n\n\n\n<p>Asl\u0131nda Anayasa\u2019y\u0131 vermeyecektik. Bizim \u00fclkemizde anayasalar hep yukar\u0131dan getirilip yukar\u0131dan geri al\u0131nd\u0131\u011f\u0131 i\u00e7in halk\u0131m\u0131z kendi kaderiyle anayasa aras\u0131ndaki ba\u011f\u0131 tam olarak anlayamad\u0131.&nbsp; Anayasa, halk\u0131n m\u00fccadelesiyle kazan\u0131lan \u201cinsan derisiyle kapl\u0131 anayasa\u201d olmaktan \u00e7\u0131km\u0131\u015f, iktidar\u0131 gasp eden ya da ayr\u0131lmaz bi\u00e7imde oraya yerle\u015fen asker\u00ee ya da siyas\u00ee gruplar\u0131n me\u015frebine g\u00f6re de\u011fi\u015fen, her defas\u0131nda delik de\u015fik edilen bir metne d\u00f6n\u00fc\u015ft\u00fcr\u00fclm\u00fc\u015ft\u00fcr. Halk\u0131n, milletin anayasas\u0131 de\u011fil, Saray\u2019\u0131n h\u00e2kim s\u0131n\u0131flarla mutabakat\u0131n\u0131 temsil eden bir anayasad\u0131r.<\/p>\n\n\n\n<p>Asl\u0131nda kentli insanlar\u0131m\u0131z muhalefet potansiyelini 2007\u2019de ve 2013\u2019te ortaya koymu\u015flard\u0131. Ve birka\u00e7 y\u0131l \u00f6nce tarihimizde belki de ilk kez tabandan, laiklik-kamuculuk-milletin egemenli\u011fi temelinde bir anayasa i\u00e7in m\u00fccadele imk\u00e2n\u0131 do\u011fmu\u015ftu.&nbsp; Bu imk\u00e2n\u0131 de\u011ferlendiremedi\u011fimiz i\u00e7in \u00f6deyece\u011fimiz toplam bedel her ge\u00e7en g\u00fcn biraz daha a\u011f\u0131rla\u015facakt\u0131r. &nbsp;<em>Veryans\u0131ntv<\/em>, &nbsp;03. 01. 2020<\/p>\n","protected":false},"excerpt":{"rendered":"<p>Yavuz Alogan &nbsp;&nbsp;&nbsp;&nbsp;&nbsp;&nbsp;&nbsp;&nbsp; \u0130yice y\u00fckselip Saray mertebesine \u00e7\u0131kan bir siyas\u00ee iktidara, a\u015fa\u011f\u0131lardan ak\u0131l \u00f6\u011fretme, yol g\u00f6sterme \u00e7abas\u0131 kadar aptalca bir u\u011fra\u015f\u0131 yoktur. Bu u\u011fra\u015f\u0131y\u0131 siyaset ya da muhalefet sananlar\u0131n kendi dertlerini anlatmak i\u00e7in debelenip durmalar\u0131 tek kelimeyle g\u00fcl\u00fcn\u00e7t\u00fcr. &nbsp;&nbsp;&nbsp;&nbsp;&nbsp;&nbsp;&nbsp;&nbsp; Saray kendi ba\u015f\u0131na bir y\u00f6netim birimi, kararlar\u0131n al\u0131nd\u0131\u011f\u0131 merkezdir.&nbsp; Saray\u2019\u0131n kendi b\u00fcrokrasisi, asker sivil dan\u0131\u015fmanlar\u0131, \u00e7e\u015fitli &hellip; <\/p>\n<p class=\"link-more\"><a href=\"http:\/\/yavuzalogan.com\/?p=169\" class=\"more-link\">Continue reading<span class=\"screen-reader-text\"> &#8220;H\u00c2L\u00c2 ANLAMADINIZ MI?&#8221;<\/span><\/a><\/p>\n","protected":false},"author":1,"featured_media":0,"comment_status":"open","ping_status":"open","sticky":false,"template":"","format":"standard","meta":{"footnotes":""},"categories":[1],"tags":[],"class_list":["post-169","post","type-post","status-publish","format-standard","hentry","category-uncategorized"],"_links":{"self":[{"href":"http:\/\/yavuzalogan.com\/index.php?rest_route=\/wp\/v2\/posts\/169","targetHints":{"allow":["GET"]}}],"collection":[{"href":"http:\/\/yavuzalogan.com\/index.php?rest_route=\/wp\/v2\/posts"}],"about":[{"href":"http:\/\/yavuzalogan.com\/index.php?rest_route=\/wp\/v2\/types\/post"}],"author":[{"embeddable":true,"href":"http:\/\/yavuzalogan.com\/index.php?rest_route=\/wp\/v2\/users\/1"}],"replies":[{"embeddable":true,"href":"http:\/\/yavuzalogan.com\/index.php?rest_route=%2Fwp%2Fv2%2Fcomments&post=169"}],"version-history":[{"count":1,"href":"http:\/\/yavuzalogan.com\/index.php?rest_route=\/wp\/v2\/posts\/169\/revisions"}],"predecessor-version":[{"id":170,"href":"http:\/\/yavuzalogan.com\/index.php?rest_route=\/wp\/v2\/posts\/169\/revisions\/170"}],"wp:attachment":[{"href":"http:\/\/yavuzalogan.com\/index.php?rest_route=%2Fwp%2Fv2%2Fmedia&parent=169"}],"wp:term":[{"taxonomy":"category","embeddable":true,"href":"http:\/\/yavuzalogan.com\/index.php?rest_route=%2Fwp%2Fv2%2Fcategories&post=169"},{"taxonomy":"post_tag","embeddable":true,"href":"http:\/\/yavuzalogan.com\/index.php?rest_route=%2Fwp%2Fv2%2Ftags&post=169"}],"curies":[{"name":"wp","href":"https:\/\/api.w.org\/{rel}","templated":true}]}}