{"id":1678,"date":"2024-09-15T11:57:57","date_gmt":"2024-09-15T09:57:57","guid":{"rendered":"http:\/\/yavuzalogan.com\/?p=1678"},"modified":"2024-09-15T11:57:57","modified_gmt":"2024-09-15T09:57:57","slug":"mustafa-kemalin-askerleriyiz","status":"publish","type":"post","link":"http:\/\/yavuzalogan.com\/?p=1678","title":{"rendered":"MUSTAFA KEMAL&#8217;\u0130N ASKERLER\u0130Y\u0130Z!"},"content":{"rendered":"\n<figure class=\"wp-block-image size-full\"><img loading=\"lazy\" decoding=\"async\" width=\"770\" height=\"540\" src=\"http:\/\/yavuzalogan.com\/wp-content\/uploads\/2024\/09\/alogan-kapak-1.jpg\" alt=\"\" class=\"wp-image-1679\" srcset=\"http:\/\/yavuzalogan.com\/wp-content\/uploads\/2024\/09\/alogan-kapak-1.jpg 770w, http:\/\/yavuzalogan.com\/wp-content\/uploads\/2024\/09\/alogan-kapak-1-428x300.jpg 428w, http:\/\/yavuzalogan.com\/wp-content\/uploads\/2024\/09\/alogan-kapak-1-768x539.jpg 768w\" sizes=\"auto, (max-width: 767px) 89vw, (max-width: 1000px) 54vw, (max-width: 1071px) 543px, 580px\" \/><\/figure>\n\n\n\n<p>Yavuz Alogan<\/p>\n\n\n\n<p>&nbsp;&nbsp;&nbsp;&nbsp;&nbsp;&nbsp;&nbsp;&nbsp; Cevdet Sunay 1960-1966 aras\u0131nda Genel Kurmay Ba\u015fkanl\u0131\u011f\u0131, 1966-1973 aras\u0131nda Cumhurba\u015fkanl\u0131\u011f\u0131 yapt\u0131. \u00d6nemli bir \u015fahsiyetti. 27 May\u0131s Devrimi\u2019nin art\u00e7\u0131 sars\u0131nt\u0131lar\u0131n\u0131n \u00fcstesinden gelmek, Ordu\u2019daki yetki ve r\u00fctbe karga\u015fas\u0131na son vermek i\u00e7in kurulan Silahl\u0131 Kuvvetler Birli\u011fi adl\u0131 yap\u0131lanma arac\u0131l\u0131\u011f\u0131yla NATO\u2019nun e\u011fitim\/doktrinden, tayin terfilere kadar Silahl\u0131 Kuvvetler\u2019in her kademesine derinden n\u00fcfuz etmesinde \u00f6nemli rol oynad\u0131.<\/p>\n\n\n\n<p>&nbsp;&nbsp;&nbsp;&nbsp;&nbsp;&nbsp;&nbsp;&nbsp; \u00d6nemli biri olmas\u0131na ra\u011fmen Cevdet Sunay halk aras\u0131nda alay konusu oldu. Bir oturu\u015fta bir tepsi dolusu b\u0131ld\u0131rc\u0131n yedi\u011fi iddia edilirdi mesela. Kendisine \u201c\u00e7ivitba\u015f\u201d gibi uygunsuz bir isim tak\u0131lm\u0131\u015ft\u0131. \u015eimdilerde kimse hat\u0131rlamaz, o vakitler \u00e7ama\u015f\u0131rlar \u00e7ivit t\u00e2bir edilen, ambalaj\u0131n\u0131n \u00fczerinde bir \u00f6k\u00fcz resmi ve \u201c\u00f6k\u00fczba\u015f\u201d yaz\u0131s\u0131 olan k\u00fcp \u015feklinde mavi renkli bir t\u00fcr deterjan ya da beyazlat\u0131c\u0131yla y\u0131kan\u0131rd\u0131.<\/p>\n\n\n\n<p>&nbsp;&nbsp;&nbsp;&nbsp;&nbsp;&nbsp;&nbsp;&nbsp; Neyse, konuyu da\u011f\u0131tmayal\u0131m\u2026 &nbsp;<\/p>\n\n\n\n<p>&nbsp;&nbsp;&nbsp;&nbsp;&nbsp;&nbsp;&nbsp;&nbsp; Cevdet Sunay\u2019\u0131n Genel Kurmay Ba\u015fkanl\u0131\u011f\u0131 d\u00f6neminde Ordu, lojmanlar\u0131yla, ayr\u0131 al\u0131\u015fveri\u015f merkezleriyle halktan uzakla\u015ft\u0131, kat\u0131 bir hiyerar\u015fik yap\u0131 i\u00e7inde ayr\u0131cal\u0131kl\u0131 bir kast olarak \u00f6rg\u00fctlendi, OYAK arac\u0131l\u0131\u011f\u0131yla ekonomiye, yani burjuvaziye ili\u015ftirildi.<\/p>\n\n\n\n<p>&nbsp;&nbsp;&nbsp;&nbsp;&nbsp;&nbsp;&nbsp;&nbsp; Cevdet Sunay, Cumhurba\u015fkanl\u0131\u011f\u0131 d\u00f6neminde yapt\u0131\u011f\u0131 bir konu\u015fmada \u015f\u00f6yle dedi: \u201cBug\u00fcnk\u00fc (1969) okullar birer anar\u015fi yuvas\u0131 h\u00e2line geldi. Bu okullardan yeti\u015fen gen\u00e7lere memleket idaresi teslim edilemez. On y\u0131l sonra bunlar\u0131n hepsi i\u015fba\u015f\u0131na ge\u00e7ecekler. Onlara nas\u0131l g\u00fcvenebiliriz? <a>Hem biz laik okullara kar\u015f\u0131 imam hatip okullar\u0131n\u0131 bir alternatif olarak d\u00fc\u015f\u00fcn\u00fcyoruz. Devletin kilit mevkilerine yerle\u015ftirece\u011fimiz ki\u015fileri bu imam hatip okullar\u0131nda yeti\u015ftirece\u011fiz<\/a>\u201d (akt. Ahmet Taner K\u0131\u015flal\u0131, <em>Cumhuriyet<\/em>, 03. 03. 1996).<\/p>\n\n\n\n<p>&nbsp;&nbsp;&nbsp;&nbsp;&nbsp;&nbsp;&nbsp;&nbsp; Yar\u0131m as\u0131r \u00f6ncesinden s\u00f6z ediyoruz.<\/p>\n\n\n\n<p>&nbsp;&nbsp;&nbsp;&nbsp;&nbsp;&nbsp;&nbsp;&nbsp; Elli y\u0131l i\u00e7inde siyas\u00ee iktidarlar\u0131n ve d\u00fczen partilerinin, laik bilimsel e\u011fitimi ad\u0131m ad\u0131m a\u015f\u0131nd\u0131rd\u0131klar\u0131n\u0131, oy kayg\u0131s\u0131yla tarikat ve cemaatlere s\u00fcrekli taviz verdiklerini, TSK\u2019n\u0131n da \u201ckom\u00fcnizmle m\u00fccadele\u201d aya\u011f\u0131ndan giderek laiklik kar\u015f\u0131t\u0131 faaliyetleri \u00f6rt\u00fcl\u00fc bi\u00e7imde destekledi\u011fini, en az\u0131ndan \u00f6nemsemedi\u011fini g\u00f6r\u00fcyoruz. Bu tutum sivilleri cesaretlendirdi.<\/p>\n\n\n\n<p>&nbsp;&nbsp;&nbsp;&nbsp;&nbsp;&nbsp;&nbsp;&nbsp; T\u00fcrkiye So\u011fuk Sava\u015f d\u00f6neminde ABD\u2019nin Grand Strateji\u2019sinin oyunca\u011f\u0131 oldu.&nbsp; Sovyetler Kafkaslar\u2019dan taarruz edecek, bizim Ordu Toroslar\u2019\u0131n g\u00fcneyine \u00e7ekilerek Akdeniz\u2019den gelen ABD kuvvetleriyle birle\u015fecek, bu arada kontrgerilla \u00fclkedeki sol muhalefeti s\u00fcrekli temizleyerek araziyi haz\u0131rlayacakt\u0131.<\/p>\n\n\n\n<p>&nbsp;&nbsp;&nbsp;&nbsp;&nbsp;&nbsp;&nbsp;&nbsp; Bereket T\u00fcrkiye\u2019de \u201ckom\u00fcnizm\u201d dedikleri \u015fey g\u00fc\u00e7l\u00fc de\u011fildi. \u0130\u015f\u00e7i hareketleri sadece 1974-1977 aras\u0131nda siyasalla\u015ft\u0131, devrimci \u00f6\u011frenci hareketleri kitlesel isyanlar\u0131 ate\u015fleyecek \u00f6l\u00e7\u00fcde g\u00fc\u00e7lenemedi. Aksi olsayd\u0131, solcu oldu\u011fu iddia edilen yar\u0131m milyon insan\u0131n \u00f6ld\u00fcr\u00fcld\u00fc\u011f\u00fc 1965-1966 Endonezya katliam\u0131n\u0131n bir benzeriyle kar\u015f\u0131la\u015fabilirdik.<\/p>\n\n\n\n<p>&nbsp;&nbsp;&nbsp;&nbsp;&nbsp;&nbsp;&nbsp;&nbsp; T\u00fcrkiye\u2019de \u201cKom\u00fcnist\u201d denilen ki\u015filer T\u00d6S\/ T\u00d6B-DER \u00fcyesi k\u00f6y \u00f6\u011fretmeninden \u00fcniversitedeki anayasa profes\u00f6r\u00fcne, tiyatro sanat\u00e7\u0131s\u0131, \u00f6yk\u00fc yazar\u0131, \u015fair ve sendikac\u0131dan Kemalist gazeteciye kadar geni\u015f bir yelpazeyi kaps\u0131yordu. Bu kesim Ayd\u0131nlanma Devrimi\u2019nin yeg\u00e2ne bilin\u00e7li ta\u015f\u0131y\u0131c\u0131s\u0131yd\u0131. B\u00fct\u00fcn\u00fcyle kamunun d\u0131\u015f\u0131na at\u0131ld\u0131lar, siyaseten, bazen de fiziken imha edildiler.&nbsp; Devrim Kanunlar\u0131\u2019n\u0131, laikli\u011fi savunan \u00f6nc\u00fc ki\u015filer, savc\u0131s\u0131ndan profes\u00f6r\u00fcne, gazetecisinden sendikac\u0131s\u0131na kadar sokakta vuruldu, bombayla \u00f6ld\u00fcr\u00fcld\u00fc. &nbsp;<\/p>\n\n\n\n<p>&nbsp;&nbsp;&nbsp;&nbsp;&nbsp;&nbsp;&nbsp;&nbsp; 12 Eyl\u00fcl darbesi \u00fclke i\u00e7indeki \u00e7at\u0131\u015fmalardan \u00e7ok NATO jeopoliti\u011fiyle ilgiliydi. 1979\u2019da \u0130ran\u2019da \u015eah\u2019\u0131n devrilmesi, ayn\u0131 y\u0131l i\u00e7inde Sovyetler\u2019in Afganistan\u2019\u0131 i\u015fgali Kuzey Atlantik Pakt\u0131\u2019n\u0131n g\u00fcney do\u011fu kanad\u0131n\u0131n tahkim edilmesini, Rogers Plan\u0131\u2019n\u0131n onaylanmas\u0131n\u0131 (Ege\u2019de NATO g\u00fcvenli\u011fi) gerektiriyordu.<\/p>\n\n\n\n<p>&nbsp;&nbsp;&nbsp;&nbsp;&nbsp;&nbsp;&nbsp;&nbsp; Darbeci generaller siyas\u00ee toplumu CIA\u2019n\u0131n pasifikasyon uzmanlar\u0131na teslim ettiler. Kenan Evren, elinde Kuran, din\u00ee s\u00f6ylemlerle meydan mitingleri yapt\u0131, \u201c\u0130mam Hatip okullar\u0131nda iyi e\u011fitim veriliyor. O \u00e7ocuklardan zarar gelmez,\u201d dedi (akt. A. T. K\u0131\u015flal\u0131, agy.). Bu arada Turgut \u00d6zal Nak\u015fibendi tarikat\u0131n\u0131 Devlet\u2019in i\u00e7ine sokuyordu.<\/p>\n\n\n\n<p>&nbsp;&nbsp;&nbsp;&nbsp;&nbsp;&nbsp;&nbsp;&nbsp; Askerler Devlet\u2019i ve siyas\u00ee toplumu denetleyebildikleri s\u00fcrece T\u00fcrkiye\u2019de laikli\u011fin ihl\u00e2l edilmesine, tarikat ve cemaatlerin siyaset eliyle g\u00fc\u00e7lendirilmesine g\u00f6z yumdular. &nbsp;Din\u00ee e\u011fitimi sol ideolojinin panzehiri olarak g\u00f6rd\u00fcler. TSK \u0130\u00e7 Hizmet Kanunu\u2019nun 35. Maddesi uyar\u0131nca Devlet\u2019i sonsuza kadar koruyup kollayabileceklerini san\u0131yorlard\u0131. Bu maddenin tek bir TBMM oturumunda kald\u0131r\u0131lmas\u0131 (2013) ak\u0131llar\u0131na gelebilecek en son \u015feydi. &nbsp;&nbsp;&nbsp;<\/p>\n\n\n\n<p>Ne zaman ki askerler siyas\u00ee \u0130sl\u00e2m\u2019\u0131n sahici bir iktidar alternatifi olarak ortaya \u00e7\u0131kt\u0131\u011f\u0131n\u0131, h\u00fck\u00fcmet orta\u011f\u0131 oldu\u011funu g\u00f6rd\u00fcler (1990\u2019lar), i\u015fte &nbsp;o zaman uyand\u0131lar ve 18 Maddelik 28 \u015eubat Program\u0131\u2019yla tepki g\u00f6sterdiler.&nbsp; Fakat siyas\u00ee toplumda bu program\u0131 sonuna kadar savunacak kuvvet kalmam\u0131\u015ft\u0131. TSK kurumsal olarak ABD\u2019nin Ye\u015fil Ku\u015fak projesine teslim oldu. Teslim olmay\u0131p direnenler AKP-FET\u00d6 komplosuyla 2007-2013 aras\u0131nda tasfiye edildi. Tasfiye her Asker\u00ee \u015eura\u2019da derinle\u015ferek devam etti.&nbsp; T\u00fcrkiye\u2019deki \u201czinde kuvvetler\u201d (zinde kuvvetler!) So\u011fuk Sava\u015f sonras\u0131na haz\u0131rl\u0131ks\u0131z yakaland\u0131lar, neyin de\u011fi\u015fti\u011fini anlayamad\u0131lar ve feci \u015fekilde afallad\u0131lar.<\/p>\n\n\n\n<p>&nbsp;&nbsp;&nbsp;&nbsp;&nbsp;&nbsp;&nbsp;&nbsp; Hulusi Akar\u2019\u0131n \u201cE\u011fitimin amac\u0131, bir Allah korkusu, iki kuldan utanmak,\u201d s\u00f6z\u00fcn\u00fc bu tarihsel ba\u011flamda de\u011ferlendirmek gerekir.<\/p>\n\n\n\n<p>&nbsp;S\u00f6z\u00fcn i\u00e7eri\u011fi (din mi, bilim mi vs) hi\u00e7 \u00f6nemli de\u011fil. \u00d6nemli olan, zamanlamas\u0131. &nbsp;K\u0131l\u0131\u00e7 \u00e7ekerek \u201cMustafa Kemal\u2019in askerleriyiz!\u201d diyen te\u011fmenlere kar\u015f\u0131 Ordu i\u00e7indeki gericileri konsolide etmeye, onlara moral motivasyon vermeye \u00e7al\u0131\u015f\u0131yor, \u015fahs\u0131n\u0131 rol modeli olarak sunuyor.<\/p>\n\n\n\n<p>&nbsp;&nbsp;&nbsp;&nbsp;&nbsp;&nbsp;&nbsp;&nbsp; Ordu\u2019nun i\u00e7inde her \u015feye ra\u011fmen Kemalistlerin varl\u0131\u011f\u0131 e\u015fyan\u0131n tabiat\u0131 gere\u011fidir. &nbsp;Kocadonlu Tarikat\u0131, Sivrik\u00fclah Cemaati, \u00c7atlad\u0131kap\u0131 Derg\u00e2h\u0131 olacak fakat Kemalist olmayacak. M\u00fcmk\u00fcn m\u00fc? Polis, istihbarat, adliye, e\u011fitim kurumlar\u0131, \u00fcniversiteler i\u00e7in de ayn\u0131 \u015fey ge\u00e7erli. Kemalistler Devlet\u2019in her yerinde var. Bu y\u00fczden her laf\u0131n i\u00e7ine \u201cGazi Mustafa Kemal Atat\u00fcrk\u2019\u00fc istismar etmelerine izin vermeyiz\u201d gibi bir nakarat koymak zorunda hissediyorlar kendilerini, \u201cilk d\u00f6rt maddeyi de\u011fi\u015ftirmeyece\u011fiz\u201d diye milleti oyalamaya \u00e7al\u0131\u015f\u0131yorlar.&nbsp;<\/p>\n\n\n\n<p>&nbsp;&nbsp;&nbsp;&nbsp;&nbsp;&nbsp;&nbsp;&nbsp; \u201cMustafa Kemal\u2019in askerleriyiz!\u201d slogan\u0131 ilk kez 1990\u2019lar\u0131n sonunda i\u015fitildi. Daha \u00f6nce b\u00f6yle bir slogan yok. Kendi taban\u0131ndan \u00fcrken CHP, bunu \u201cMustafa Kemal\u2019in yurtta\u015flar\u0131y\u0131z!\u201d diye de\u011fi\u015ftirmeye \u00e7al\u0131\u015ft\u0131ysa da tutmad\u0131. \u201cAskerleriyiz\u201d s\u00f6z\u00fc kald\u0131. 2007\u2019de ve 2013\u2019te meydanlar bu sloganla \u00e7\u0131nlad\u0131.<\/p>\n\n\n\n<p>&nbsp;&nbsp;&nbsp;&nbsp;&nbsp;&nbsp;&nbsp;&nbsp; AKP yirmi y\u0131lda T\u00fcrkiye\u2019yi bozdu, yozla\u015ft\u0131rd\u0131, parlamento ile halk aras\u0131ndaki ba\u011f\u0131 kopard\u0131. Fakat ne diktat\u00f6rl\u00fck kurabildi, ne de \u015feriat ilan edebildi.&nbsp; Ekonominin \u00e7\u00f6k\u00fc\u015f\u00fcyle afallayan halk \u00fcretimin ve planlaman\u0131n gerekli oldu\u011funu kendi tecr\u00fcbesiyle \u00f6\u011frendi; tarikat ve cemaatlerin g\u00f6r\u00fcn\u00fcr h\u00e2le gelmesi, e\u011fitimin imamla\u015ft\u0131r\u0131lmas\u0131 orta s\u0131n\u0131f halka laikli\u011fin \u00f6nemini g\u00f6sterdi; halk aras\u0131nda bilin\u00e7li olarak yarat\u0131lan uzla\u015fmaz \u00e7eli\u015fkiler ve demografik bozulma g\u00fcvenlik kayg\u0131lar\u0131n\u0131 art\u0131rd\u0131, anormal servet e\u015fitsizli\u011fi \u00f6fke uyand\u0131rd\u0131. B\u00fct\u00fcn bunlar \u201cMustafa Kemal\u2019in askerleriyiz\u201d slogan\u0131na tarihsel derinlik ve g\u00fcncellik kazand\u0131rd\u0131. Bundan ka\u00e7\u0131\u015f yok!<\/p>\n\n\n\n<p>G\u00fcn\u00fcm\u00fczde en b\u00fcy\u00fck aymazl\u0131k Bat\u0131\u2019n\u0131n \u015fantaj\u0131ndan tamamen \u00f6zg\u00fcrle\u015fmek i\u00e7in Avrasya y\u00f6n\u00fcnde \u00fcrkek ve deneysel ad\u0131mlar atmaya \u00e7al\u0131\u015fan Saray\u2019a antiemperyalizm atfetmek, onu bu y\u00f6nde te\u015fvik etmek, desteklemek ve onunla ortak cephe izlenimi vermektir. \u0130ran\u2019daki Ayetullah Devrimi\u2019nin derslerini hat\u0131rlamak gerekir. T\u00fcrkiye\u2019nin Atlantik sistemine hedef olmaktan kurtulmas\u0131, bat\u0131 emperyalizminin asker\u00ee ve mali denetiminden s\u0131yr\u0131lmas\u0131 Saray Rejimi\u2019nin sona ermesiyle, laik demokratik sosyal hukuk devletinin kurulmas\u0131 ve \u0130\u00e7 Cephe\u2019nin tahkim edilmesiyle m\u00fcmk\u00fcnd\u00fcr.&nbsp; T\u00fcrkiye\u2019ye d\u00f6rt koldan sald\u0131rmaya haz\u0131rlanan NATO\u2019nun cayd\u0131r\u0131lmas\u0131 da buna ba\u011fl\u0131d\u0131r. &nbsp;Hi\u00e7bir uluslararas\u0131 ittifak ya da ekonomik i\u015fbirli\u011fi te\u015fkilat\u0131 bizi korumaz. Bizi koruyacak olan kendi kollar\u0131m\u0131zd\u0131r.<\/p>\n\n\n\n<p>Bu y\u00fczden kula\u011f\u0131m\u0131z stadyumlardan, okul avlular\u0131ndan, \u00fcniversite kantinlerinden, grev \u00e7ad\u0131rlar\u0131ndan, tar\u0131m i\u015f\u00e7ilerinden, An\u0131tkabir\u2019e giden kitlelerden, 2007\u2019de ve 2013\u2019de meydanlar\u0131 dolduran ve h\u00e2l\u00e2 hayat\u0131n i\u00e7inde olan milyonlardan y\u00fckselecek \u201cMustafa Kemal\u2019in askerleriyiz!\u201d slogan\u0131ndad\u0131r. Bu slogandan ka\u00e7\u0131\u015f yok! &nbsp;<em>Veryans\u0131n<\/em>, 15. 09. 2024<\/p>\n","protected":false},"excerpt":{"rendered":"<p>Yavuz Alogan &nbsp;&nbsp;&nbsp;&nbsp;&nbsp;&nbsp;&nbsp;&nbsp; Cevdet Sunay 1960-1966 aras\u0131nda Genel Kurmay Ba\u015fkanl\u0131\u011f\u0131, 1966-1973 aras\u0131nda Cumhurba\u015fkanl\u0131\u011f\u0131 yapt\u0131. \u00d6nemli bir \u015fahsiyetti. 27 May\u0131s Devrimi\u2019nin art\u00e7\u0131 sars\u0131nt\u0131lar\u0131n\u0131n \u00fcstesinden gelmek, Ordu\u2019daki yetki ve r\u00fctbe karga\u015fas\u0131na son vermek i\u00e7in kurulan Silahl\u0131 Kuvvetler Birli\u011fi adl\u0131 yap\u0131lanma arac\u0131l\u0131\u011f\u0131yla NATO\u2019nun e\u011fitim\/doktrinden, tayin terfilere kadar Silahl\u0131 Kuvvetler\u2019in her kademesine derinden n\u00fcfuz etmesinde \u00f6nemli rol oynad\u0131. &nbsp;&nbsp;&nbsp;&nbsp;&nbsp;&nbsp;&nbsp;&nbsp; &hellip; <\/p>\n<p class=\"link-more\"><a href=\"http:\/\/yavuzalogan.com\/?p=1678\" class=\"more-link\">Continue reading<span class=\"screen-reader-text\"> &#8220;MUSTAFA KEMAL&#8217;\u0130N ASKERLER\u0130Y\u0130Z!&#8221;<\/span><\/a><\/p>\n","protected":false},"author":1,"featured_media":0,"comment_status":"open","ping_status":"open","sticky":false,"template":"","format":"standard","meta":{"footnotes":""},"categories":[1],"tags":[],"class_list":["post-1678","post","type-post","status-publish","format-standard","hentry","category-uncategorized"],"_links":{"self":[{"href":"http:\/\/yavuzalogan.com\/index.php?rest_route=\/wp\/v2\/posts\/1678","targetHints":{"allow":["GET"]}}],"collection":[{"href":"http:\/\/yavuzalogan.com\/index.php?rest_route=\/wp\/v2\/posts"}],"about":[{"href":"http:\/\/yavuzalogan.com\/index.php?rest_route=\/wp\/v2\/types\/post"}],"author":[{"embeddable":true,"href":"http:\/\/yavuzalogan.com\/index.php?rest_route=\/wp\/v2\/users\/1"}],"replies":[{"embeddable":true,"href":"http:\/\/yavuzalogan.com\/index.php?rest_route=%2Fwp%2Fv2%2Fcomments&post=1678"}],"version-history":[{"count":1,"href":"http:\/\/yavuzalogan.com\/index.php?rest_route=\/wp\/v2\/posts\/1678\/revisions"}],"predecessor-version":[{"id":1680,"href":"http:\/\/yavuzalogan.com\/index.php?rest_route=\/wp\/v2\/posts\/1678\/revisions\/1680"}],"wp:attachment":[{"href":"http:\/\/yavuzalogan.com\/index.php?rest_route=%2Fwp%2Fv2%2Fmedia&parent=1678"}],"wp:term":[{"taxonomy":"category","embeddable":true,"href":"http:\/\/yavuzalogan.com\/index.php?rest_route=%2Fwp%2Fv2%2Fcategories&post=1678"},{"taxonomy":"post_tag","embeddable":true,"href":"http:\/\/yavuzalogan.com\/index.php?rest_route=%2Fwp%2Fv2%2Ftags&post=1678"}],"curies":[{"name":"wp","href":"https:\/\/api.w.org\/{rel}","templated":true}]}}