{"id":1556,"date":"2024-01-21T10:06:02","date_gmt":"2024-01-21T08:06:02","guid":{"rendered":"http:\/\/yavuzalogan.com\/?p=1556"},"modified":"2024-01-21T10:06:02","modified_gmt":"2024-01-21T08:06:02","slug":"insanligin-alaca-karanligi","status":"publish","type":"post","link":"http:\/\/yavuzalogan.com\/?p=1556","title":{"rendered":"\u0130NSANLI\u011eIN ALACA KARANLI\u011eI"},"content":{"rendered":"\n<figure class=\"wp-block-image size-large\"><img loading=\"lazy\" decoding=\"async\" width=\"1024\" height=\"532\" src=\"http:\/\/yavuzalogan.com\/wp-content\/uploads\/2024\/01\/Alaca-karanlik-1024x532.jpg\" alt=\"\" class=\"wp-image-1557\" srcset=\"http:\/\/yavuzalogan.com\/wp-content\/uploads\/2024\/01\/Alaca-karanlik-1024x532.jpg 1024w, http:\/\/yavuzalogan.com\/wp-content\/uploads\/2024\/01\/Alaca-karanlik-500x260.jpg 500w, http:\/\/yavuzalogan.com\/wp-content\/uploads\/2024\/01\/Alaca-karanlik-768x399.jpg 768w, http:\/\/yavuzalogan.com\/wp-content\/uploads\/2024\/01\/Alaca-karanlik.jpg 1536w\" sizes=\"auto, (max-width: 767px) 89vw, (max-width: 1000px) 54vw, (max-width: 1071px) 543px, 580px\" \/><\/figure>\n\n\n\n<p>Yavuz Alogan<\/p>\n\n\n\n<p>&nbsp;&nbsp;&nbsp;&nbsp;&nbsp;&nbsp;&nbsp; S\u0131rplar 1992\u2019den 1996\u2019ya kadar Saraybosna\u2019y\u0131 ku\u015fatma alt\u0131nda tuttular. Yugoslavya Sosyalist Federal Cumhuriyeti par\u00e7alan\u0131yordu. Avrupa burjuvazisi ya\u015fl\u0131 k\u0131tan\u0131n orta yerinde sosyalist \u00f6zy\u00f6netimli bir \u00fclke istemiyor, Tito\u2019nun devrimini Yeni D\u00fcnya D\u00fczeni\u2019nde bir kusur gibi g\u00f6r\u00fcyordu.<\/p>\n\n\n\n<p>&nbsp;&nbsp;&nbsp;&nbsp;&nbsp;&nbsp;&nbsp;&nbsp; Ku\u015fatma s\u0131ras\u0131nda Saraybosna\u2019n\u0131n \u00e7evresindeki tepelerde mevzilenen S\u0131rp askerleri keskin ni\u015fanc\u0131 t\u00fcfekleriyle yukar\u0131dan ate\u015f ederek sokaklarda y\u00fcr\u00fcyen kent sakinlerini rastgele vurmaya ba\u015flad\u0131lar. Bu seri cinayetler zamanla turizm ama\u00e7l\u0131 insan av\u0131 partilerine d\u00f6n\u00fc\u015ft\u00fc.<\/p>\n\n\n\n<p>&nbsp;&nbsp;&nbsp;&nbsp;&nbsp;&nbsp;&nbsp; Organizasyonu Bosna S\u0131rp Ordusu yap\u0131yordu. \u0130talya, Kanada, ABD ve Rusya\u2019dan Belgrad\u2019a gelen zengin turistler asker\u00ee ara\u00e7larla Pale\u2019ye, oradan tepelerdeki mevzilere g\u00f6t\u00fcr\u00fcld\u00fcler. Zengin siviller &nbsp;haftalarca bu korunakl\u0131 mevzilerden&nbsp; keskin ni\u015fanc\u0131 t\u00fcfe\u011fiyle Bosna sokaklar\u0131nda y\u00fcr\u00fcyen masum sivilleri, s\u00f6z gelimi&nbsp; elinde fileyle pazardan d\u00f6nen bir kad\u0131n\u0131,&nbsp; kafede oturan ya\u015fl\u0131 bir adam\u0131, bisikletle&nbsp; okula ya da i\u015fe giden bir genci &nbsp;vurup \u00f6ld\u00fcrd\u00fcler. Pahal\u0131 bir spordu. Kar\u015f\u0131l\u0131\u011f\u0131nda S\u0131rplara para \u00f6d\u00fcyorlard\u0131.<\/p>\n\n\n\n<p>&nbsp;&nbsp;&nbsp;&nbsp;&nbsp;&nbsp;&nbsp; Olay y\u0131llar sonra Miran Zupani\u010d\u2019in <em>Sarajevo Safari<\/em> (Slovenya, 2022) belgeseliyle ortaya \u00e7\u0131kt\u0131, kitaplara, makalelere, ba\u015fka belgesellere konu oldu. Fakat para kar\u015f\u0131l\u0131\u011f\u0131nda \u00f6ld\u00fcrme arzular\u0131n\u0131 tatmin eden zenginlerin kimli\u011fi me\u00e7hul kald\u0131. Olay a\u00e7\u0131\u011fa \u00e7\u0131kt\u0131\u011f\u0131nda Lahey Sava\u015f Su\u00e7lar\u0131 Mahkemesi soyk\u0131r\u0131m davas\u0131n\u0131 \u00e7oktan karara ba\u011flam\u0131\u015f, aradan 15 y\u0131l ge\u00e7mi\u015fti.<\/p>\n\n\n\n<p>&nbsp;&nbsp;&nbsp;&nbsp;&nbsp;&nbsp;&nbsp; Epstein skandal\u0131nda ise tam tersi oldu.<\/p>\n\n\n\n<p>Farkl\u0131 \u00fclkelerden getirilen ya da ka\u00e7\u0131r\u0131lan, ailesi da\u011f\u0131lm\u0131\u015f sahipsiz&nbsp;&nbsp; k\u0131z \u00e7ocuklar\u0131yla, bu kez \u00f6ld\u00fcrme arzular\u0131n\u0131 de\u011fil&nbsp; cinsel arzular\u0131n\u0131 tatmin eden, a\u015fa\u011f\u0131l\u0131k fantezilerini ger\u00e7ekle\u015ftiren rezil k\u00fcresel zenginlerin, politikac\u0131 ve devlet adamlar\u0131n\u0131n isimleri resimleri bir anda ortal\u0131\u011fa sa\u00e7\u0131ld\u0131. K\u00fcresel zenginlerin pezevengi Epstein\u2019\u0131n cezaevi h\u00fccresinde, Kemal Tahir\u2019in deyimiyle \u201cit \u00f6l\u00fcm\u00fcne getirilmesi,\u201d s\u0131rlar\u0131n a\u00e7\u0131\u011fa \u00e7\u0131kmas\u0131n\u0131 engellemedi.&nbsp; &nbsp;Olay\u0131n b\u00f6ylesine m\u00fcstehcen bi\u00e7imde sa\u00e7\u0131lmas\u0131n\u0131n Amerikal\u0131 muhafazak\u00e2rlar ile neoconlar\u0131n iktidar m\u00fccadelesinden kaynakland\u0131\u011f\u0131n\u0131 anl\u0131yoruz.<\/p>\n\n\n\n<p>&nbsp;&nbsp;&nbsp;&nbsp;&nbsp;&nbsp;&nbsp; \u00c7ocuklu\u011fumuzda d\u00fcnyay\u0131 sarsan, \u0130ngiliz kabinesinin toplu istifas\u0131na yol a\u00e7an Profumo skandal\u0131 (1963) bu Epstein olay\u0131n\u0131n yan\u0131nda \u00e7ok masum kal\u0131r. Muhafazak\u00e2r Savunma Bakan\u0131 John Profumo So\u011fuk Sava\u015f \u015fartlar\u0131na kurban gitmi\u015fti, \u00e7\u00fcnk\u00fc 19 ya\u015f\u0131ndaki sevgilisi Christine Keeler&nbsp; Sovyet asker\u00ee ate\u015fesiyle de e\u015fzamanl\u0131 m\u00fcnaseb\u00e2t-\u0131 hususiye teess\u00fcs ediyordu.<\/p>\n\n\n\n<p>&nbsp;&nbsp;&nbsp;&nbsp;&nbsp;&nbsp;&nbsp; Zorlay\u0131c\u0131 bir sebep olmad\u0131k\u00e7a zengin y\u00f6netici elitin rezilli\u011fi a\u00e7\u0131\u011fa \u00e7\u0131kmaz, aradan \u00e7ok zaman ge\u00e7mesi, devrin de\u011fi\u015fmesi gerekir. Kennedy ailesi mesela\u2026 D\u00fcnya medyas\u0131 y\u0131llarca JF Kennedy, zarif e\u015fi ve minik yavrular\u0131n\u0131 ideal Amerikan ailesi olarak tan\u0131tt\u0131. Ailenin \u015fefkat ve muhabbet dolu foto\u011fraflar\u0131 d\u00fcnya medyas\u0131n\u0131 s\u00fcsledi. Y\u0131llar ge\u00e7ip devir de\u011fi\u015fince, Kennedy\u2019nin FBI g\u00f6zetiminde sosyete fahi\u015feleriyle havuz partileri d\u00fczenledi\u011fi, Marilyn Monroe\u2019yu defalarca Beyaz Saray\u2019da \u00f6pt\u00fc\u011f\u00fc, ayr\u0131ca \u00e7ok ciddi sa\u011fl\u0131k sorunlar\u0131ndan ve ila\u00e7 ba\u011f\u0131ml\u0131l\u0131\u011f\u0131ndan mustarip oldu\u011fu ortaya \u00e7\u0131kt\u0131.<\/p>\n\n\n\n<p>&nbsp;&nbsp;&nbsp;&nbsp;&nbsp;&nbsp;&nbsp; Neyse konuyu da\u011f\u0131tmayal\u0131m\u2026<\/p>\n\n\n\n<p>&nbsp;&nbsp;&nbsp;&nbsp;&nbsp;&nbsp;&nbsp; \u00d6zetle belirtmek gerekirse, iktidar blokunda \u00f6rt\u00fck fakat \u015fiddetli \u00e7\u0131kar \u00e7at\u0131\u015fmalar\u0131 oldu\u011funda n\u00fcfuz sahibi zenginler ve politikac\u0131lar, yabanc\u0131 istihbarat \u00f6rg\u00fctlerinin de yard\u0131m\u0131yla birbirlerinin&nbsp; pisli\u011fini ortaya \u00e7\u0131karmak i\u00e7in yar\u0131\u015f\u0131rlar,&nbsp; ta\u015flar yerine oturunca taraflar anla\u015f\u0131r, olay unutturulur. G\u00f6steri\u015fli zenginin ve \u00e7al\u0131ml\u0131 politikac\u0131n\u0131n medyatik imgesi ile \u00f6znel ger\u00e7ekli\u011fi aras\u0131nda farkl\u0131l\u0131k vard\u0131r.<\/p>\n\n\n\n<p>&nbsp;&nbsp;&nbsp;&nbsp;&nbsp;&nbsp;&nbsp; Bu farkl\u0131l\u0131k sava\u015f zamanlar\u0131nda azal\u0131r. Elitin medyatik imgesi ile \u00f6znel ger\u00e7ekli\u011fi birbirine yakla\u015f\u0131r. Hatta \u00e7\u0131karlar\u0131n \u00e7at\u0131\u015fmay\u0131p \u00e7ak\u0131\u015ft\u0131\u011f\u0131 baz\u0131 durumlarda Hakikat oldu\u011fu gibi ortaya \u00e7\u0131kar.<\/p>\n\n\n\n<p>&nbsp;&nbsp;&nbsp;&nbsp;&nbsp;&nbsp;&nbsp; Mesela Netanyahu h\u00fck\u00fcmeti ve k\u00fcresel Yahudi burjuvazisinin \u0130srail\u2019in s\u0131n\u0131rlar\u0131n\u0131 geni\u015fletme ve \u0130ran tehlikesini bertaraf etme plan\u0131 ile emperyalist burjuvazinin Hindistan\u2019\u0131n Mumbai liman\u0131ndan ba\u015flay\u0131p \u0130srail \u00fczerinden Avrupa\u2019ya ula\u015fan alternatif yol giri\u015fimi tam olarak \u00e7ak\u0131\u015fm\u0131\u015ft\u0131r.&nbsp; Netanyahu\u2019nun en geni\u015f b\u00f6lge jeopoliti\u011fine oynayarak ABD\u2019yi \u0130ran ve L\u00fcbnan\u2019a do\u011fru y\u00f6nlendirdi\u011fini, Gazze\u2019yi tahliye ederek Filistinlileri&nbsp;&nbsp; b\u00f6lge \u00fclkelerine da\u011f\u0131tmaya \u00e7al\u0131\u015ft\u0131\u011f\u0131n\u0131 herkes g\u00f6r\u00fcyor.<\/p>\n\n\n\n<p>&nbsp;&nbsp;&nbsp;&nbsp;&nbsp;&nbsp;&nbsp; Tarihte ilk kez \u0130srail devletinin medyatik imgesi ile \u00f6znel ger\u00e7ekli\u011fi tam tam\u0131na \u00f6rt\u00fc\u015ft\u00fc. Bosna\u2019daki NATO Bar\u0131\u015f G\u00fcc\u00fc S\u0131rplar\u0131n insan av\u0131 partisini nas\u0131l g\u00f6rmezden geldiyse, \u0130spanya hari\u00e7 AB devletleri ve ABD de &nbsp;Gazze halk\u0131n\u0131n&nbsp; katledilmesine &nbsp;ayn\u0131 \u015fekilde seyirci kald\u0131.&nbsp; Filistinlilerin uzaktan keskin ni\u015fanc\u0131 t\u00fcfe\u011fiyle vurulan masum Bosnal\u0131 sivillerden tek fark\u0131 say\u0131lar\u0131n\u0131n \u00e7ok olmas\u0131. En modern u\u00e7aklar en y\u0131k\u0131c\u0131 bombalarla insanlar\u0131n evlerini ba\u015flar\u0131na y\u0131k\u0131yor, aileleri \u00e7oluk \u00e7ocuk demeden rastgele katlediyor.<\/p>\n\n\n\n<p>&nbsp;&nbsp;&nbsp;&nbsp;&nbsp;&nbsp;&nbsp; III. Payla\u015f\u0131m Sava\u015f\u0131\u2019n\u0131n giri\u015f b\u00f6l\u00fcm\u00fcnde tarih tekerr\u00fcr etmiyor, II. Payla\u015f\u0131m Sava\u015f\u0131\u2019na &nbsp;k\u0131yasla insanl\u0131k \u00e7ok daha rezil ko\u015fullarda &nbsp;&nbsp;tam bir alacakanl\u0131k ku\u015fa\u011f\u0131na s\u00fcr\u00fckleniyor. Yirmibirinci y\u00fczy\u0131l\u0131n \u015fafa\u011f\u0131nda kapitalizm kendisiyle birlikte &nbsp;insanl\u0131\u011f\u0131n yarat\u0131c\u0131 potansiyelini de t\u00fcketiyor, insan\u0131n&nbsp; bu gezegendeki varolu\u015f ko\u015fullar\u0131n\u0131 bozuyor.<\/p>\n\n\n\n<p>&nbsp;\u0130kinci sava\u015fta b\u00fcy\u00fck ideolojiler, \u00fctopyalar sava\u015fm\u0131\u015f, ilk sahne \u0130spanyol \u0130\u00e7 Sava\u015f\u0131\u2019yla (1936-1939) a\u00e7\u0131lm\u0131\u015ft\u0131. Orada b\u00fct\u00fcn fraksiyonlar\u0131yla kom\u00fcnizm, fa\u015fizmin \u00fc\u00e7 ayr\u0131 t\u00fcr\u00fc, liberalizm ve anar\u015fizm, bir yanda Sovyetler Birli\u011fi\u2019nin, \u00f6te yanda Nazi Almanyas\u0131\u2019n\u0131n ve Halk\u00e7\u0131 Fransa\u2019n\u0131n vekil g\u00fc\u00e7leri olarak sava\u015ft\u0131. Ard\u0131ndan&nbsp; b\u00fct\u00fcn d\u00fcnyaya yay\u0131lan sava\u015fta liberalizm ve kom\u00fcnizm ittifak kurarak fa\u015fizmi yendi. \u00dc\u00e7 B\u00fcy\u00fckler (ABD, \u0130ngiltere, Sovyetler Birli\u011fi) kaynaklar\u0131, pazarlar\u0131 ve \u00fclkeleri&nbsp; payla\u015farak yeni bir d\u00fcnya d\u00fczeni kurdular.<\/p>\n\n\n\n<p>G\u00fcn\u00fcm\u00fczde b\u00fcy\u00fck devletler sadece hammadde kaynaklar\u0131n\u0131 ve ticaret yollar\u0131n\u0131 ele ge\u00e7irmek, tedarik zincirlerini yeniden kurmak, b\u00f6ylece \u015firket k\u00e2rlar\u0131n\u0131 maksimize etmek i\u00e7in sava\u015f\u0131yorlar. B\u00fcy\u00fck vaatler, derin ideolojiler, \u00fctopik toplum tasavvurlar\u0131 ya da yeni bir d\u00fcnya d\u00fczeni kurma niyetleri yok. &nbsp;En baya\u011f\u0131s\u0131ndan bayatlam\u0131\u015f \u201cdemokrasi\u201d s\u00f6ylemi, d\u00fcped\u00fcz kapitalizmi \u201ckendine \u00f6zg\u00fc -ya da kendinden menkul- sosyalizm\u201d diye yutturma \u00e7abas\u0131, ilkel irredentizm (soyda\u015flar\u0131n ya\u015fad\u0131\u011f\u0131 yabanc\u0131 \u00fclke topraklar\u0131n\u0131 ilhak giri\u015fimi) ve kendi halk\u0131na eziyet \u00e7ektiren din\u00ee fanatizmden ba\u015fka bir fikir, vaat, ideoloji, program yok!<\/p>\n\n\n\n<p>Ve \u00e7arklar\u0131 sadece parayla d\u00f6nen merkez medya yirmi d\u00f6rt saat yalan s\u00f6yl\u00fcyor. Mark Twain\u2019in dedi\u011fi gibi, Hakikat pabucunu giyene kadar yalan d\u00fcnyay\u0131 \u00fc\u00e7 kez dolan\u0131yor.<\/p>\n\n\n\n<p>2022 D\u00fcnya E\u015fitsizlik Raporu\u2019na (World Inequality Lab) g\u00f6re &nbsp;k\u00fcresel n\u00fcfusun en zengin y\u00fczde 10\u2019u k\u00fcresel gelirin y\u00fczde 52\u2019sini al\u0131rken, n\u00fcfusun en yoksul yar\u0131s\u0131 bunun sadece y\u00fczde 8,5\u2019ini kazan\u0131yor. Servet e\u015fitsizli\u011fi daha&nbsp; da feci. K\u00fcresel n\u00fcfusun en yoksul yar\u0131s\u0131n\u0131n neredeyse hi\u00e7 serveti yok, toplam zenginli\u011fin sadece y\u00fczde 2\u2019sini elinde bulunduruyor. D\u00fcnya n\u00fcfusunun en zengin &nbsp;y\u00fczde 10\u2019u ise k\u00fcresel servetin y\u00fczde 76\u2019s\u0131na sahip.<\/p>\n\n\n\n<p>Bu e\u015fitsizliklerin \u00fczerine vek\u00e2let sava\u015flar\u0131yla, en modern teknolojik silahlarla, n\u00fckleer sava\u015f tehditleriyle, oradan oraya at\u0131lan f\u00fczelerle,&nbsp; salg\u0131n hastal\u0131klarla, etkisi me\u00e7hul a\u015f\u0131larla, insan geneti\u011fiyle oynama \u00e7abalar\u0131yla, i\u015fg\u00fcc\u00fcn\u00fc robotlara devrederek, \u00e7evresel felaketler yaratarak, &nbsp;zincirlerinden bo\u015falm\u0131\u015f ba\u015f d\u00f6nd\u00fcr\u00fcc\u00fc bir &nbsp;k\u00fcresel n\u00fcfus art\u0131\u015f h\u0131z\u0131yla, insanlar\u0131 \u00f6ld\u00fcrerek hasta ederek, yoksulla\u015ft\u0131rarak &nbsp;gidiyorlar.<\/p>\n\n\n\n<p>Nereye kadar?<\/p>\n\n\n\n<p>Ya g\u00fcvencesiz \u00e7al\u0131\u015fan, sosyal haklar\u0131n\u0131 giderek kaybeden, gelece\u011fi olmayan milyonlar (prekarya) ba\u015flar\u0131ndaki y\u00f6netici kastlar\u0131 yozla\u015fm\u0131\u015f politikac\u0131larla birlikte iktidar makam\u0131ndan ala\u015fa\u011f\u0131 edip insanl\u0131ktan \u00e7\u0131km\u0131\u015f hedonist&nbsp;&nbsp; zenginlerin mal\u0131na m\u00fclk\u00fcne el koyarak yeni bir d\u00fcnya d\u00fczeni kuracaklar ya da insanl\u0131k Mad Max filmindeki gibi n\u00fckleer sava\u015f sonras\u0131nda bir damla akaryak\u0131t, bir dilim ekmek bulma \u00e7abas\u0131yla birbirini bo\u011fazlayan ilkel maymun s\u00fcr\u00fclerine d\u00f6n\u00fc\u015fecek. 21. y\u00fczy\u0131l\u0131n alaca karanl\u0131k ku\u015fa\u011f\u0131nda insanl\u0131\u011f\u0131 bekleyen \u00fc\u00e7\u00fcnc\u00fc bir gelecek yok. <em>Veryans\u0131n<\/em>, 21. 01. 2024<\/p>\n","protected":false},"excerpt":{"rendered":"<p>Yavuz Alogan &nbsp;&nbsp;&nbsp;&nbsp;&nbsp;&nbsp;&nbsp; S\u0131rplar 1992\u2019den 1996\u2019ya kadar Saraybosna\u2019y\u0131 ku\u015fatma alt\u0131nda tuttular. Yugoslavya Sosyalist Federal Cumhuriyeti par\u00e7alan\u0131yordu. Avrupa burjuvazisi ya\u015fl\u0131 k\u0131tan\u0131n orta yerinde sosyalist \u00f6zy\u00f6netimli bir \u00fclke istemiyor, Tito\u2019nun devrimini Yeni D\u00fcnya D\u00fczeni\u2019nde bir kusur gibi g\u00f6r\u00fcyordu. &nbsp;&nbsp;&nbsp;&nbsp;&nbsp;&nbsp;&nbsp;&nbsp; Ku\u015fatma s\u0131ras\u0131nda Saraybosna\u2019n\u0131n \u00e7evresindeki tepelerde mevzilenen S\u0131rp askerleri keskin ni\u015fanc\u0131 t\u00fcfekleriyle yukar\u0131dan ate\u015f ederek sokaklarda y\u00fcr\u00fcyen kent sakinlerini &hellip; <\/p>\n<p class=\"link-more\"><a href=\"http:\/\/yavuzalogan.com\/?p=1556\" class=\"more-link\">Continue reading<span class=\"screen-reader-text\"> &#8220;\u0130NSANLI\u011eIN ALACA KARANLI\u011eI&#8221;<\/span><\/a><\/p>\n","protected":false},"author":1,"featured_media":0,"comment_status":"open","ping_status":"open","sticky":false,"template":"","format":"standard","meta":{"footnotes":""},"categories":[1],"tags":[],"class_list":["post-1556","post","type-post","status-publish","format-standard","hentry","category-uncategorized"],"_links":{"self":[{"href":"http:\/\/yavuzalogan.com\/index.php?rest_route=\/wp\/v2\/posts\/1556","targetHints":{"allow":["GET"]}}],"collection":[{"href":"http:\/\/yavuzalogan.com\/index.php?rest_route=\/wp\/v2\/posts"}],"about":[{"href":"http:\/\/yavuzalogan.com\/index.php?rest_route=\/wp\/v2\/types\/post"}],"author":[{"embeddable":true,"href":"http:\/\/yavuzalogan.com\/index.php?rest_route=\/wp\/v2\/users\/1"}],"replies":[{"embeddable":true,"href":"http:\/\/yavuzalogan.com\/index.php?rest_route=%2Fwp%2Fv2%2Fcomments&post=1556"}],"version-history":[{"count":1,"href":"http:\/\/yavuzalogan.com\/index.php?rest_route=\/wp\/v2\/posts\/1556\/revisions"}],"predecessor-version":[{"id":1558,"href":"http:\/\/yavuzalogan.com\/index.php?rest_route=\/wp\/v2\/posts\/1556\/revisions\/1558"}],"wp:attachment":[{"href":"http:\/\/yavuzalogan.com\/index.php?rest_route=%2Fwp%2Fv2%2Fmedia&parent=1556"}],"wp:term":[{"taxonomy":"category","embeddable":true,"href":"http:\/\/yavuzalogan.com\/index.php?rest_route=%2Fwp%2Fv2%2Fcategories&post=1556"},{"taxonomy":"post_tag","embeddable":true,"href":"http:\/\/yavuzalogan.com\/index.php?rest_route=%2Fwp%2Fv2%2Ftags&post=1556"}],"curies":[{"name":"wp","href":"https:\/\/api.w.org\/{rel}","templated":true}]}}