{"id":1552,"date":"2024-01-14T09:35:58","date_gmt":"2024-01-14T07:35:58","guid":{"rendered":"http:\/\/yavuzalogan.com\/?p=1552"},"modified":"2024-01-14T09:35:58","modified_gmt":"2024-01-14T07:35:58","slug":"oyuna-gelmeyelim","status":"publish","type":"post","link":"http:\/\/yavuzalogan.com\/?p=1552","title":{"rendered":"OYUNA GELMEYEL\u0130M!"},"content":{"rendered":"\n<figure class=\"wp-block-image size-full\"><img loading=\"lazy\" decoding=\"async\" width=\"1000\" height=\"565\" src=\"http:\/\/yavuzalogan.com\/wp-content\/uploads\/2024\/01\/Oyuna-Gelmeyelim.jpg\" alt=\"\" class=\"wp-image-1553\" srcset=\"http:\/\/yavuzalogan.com\/wp-content\/uploads\/2024\/01\/Oyuna-Gelmeyelim.jpg 1000w, http:\/\/yavuzalogan.com\/wp-content\/uploads\/2024\/01\/Oyuna-Gelmeyelim-500x283.jpg 500w, http:\/\/yavuzalogan.com\/wp-content\/uploads\/2024\/01\/Oyuna-Gelmeyelim-768x434.jpg 768w\" sizes=\"auto, (max-width: 767px) 89vw, (max-width: 1000px) 54vw, (max-width: 1071px) 543px, 580px\" \/><\/figure>\n\n\n\n<p>Yavuz Alogan<\/p>\n\n\n\n<p>&nbsp;&nbsp;&nbsp;&nbsp;&nbsp;&nbsp;&nbsp; Siyaset alan\u0131n\u0131 belirleyen ideolojik bask\u0131 zamanla b\u00fct\u00fcn yurtta\u015flar\u0131n s\u00f6ylemini esir al\u0131r. &nbsp;Bask\u0131n\u0131n en yo\u011fun ya\u015fand\u0131\u011f\u0131 yer siyaset alan\u0131d\u0131r. Tarikat ve cemaatlere \u015firin g\u00f6r\u00fcnmek isteyen politikac\u0131n\u0131n Ey\u00fcpsultan\u2019a gidip usul\u00fcne uygun Kuran okumas\u0131 en gerici siyas\u00ee partilerin iltifat\u0131na mazhar olur.&nbsp; Anayasa\u2019da yer alan laiklik ilkesini telaffuz etmekten korkan siyaset erbab\u0131 Saray\u2019\u0131n nihai amac\u0131na hizmet etmektedir.<\/p>\n\n\n\n<p>&nbsp;&nbsp;&nbsp;&nbsp;&nbsp;&nbsp;&nbsp; Ayn\u0131 bask\u0131 farkl\u0131 boyutlarda hepimizi etkilemi\u015ftir. G\u00f6r\u00fc\u015f a\u00e7\u0131klarken, yanl\u0131\u015f anla\u015f\u0131lmamak ya da sald\u0131r\u0131ya u\u011framamak i\u00e7in lafa k\u00fc\u00e7\u00fck bir kimlik tespitiyle ya da ne olmad\u0131\u011f\u0131m\u0131z\u0131 g\u00f6steren bir ifadeyle ba\u015fl\u0131yoruz.<\/p>\n\n\n\n<p>&nbsp;&nbsp;&nbsp;&nbsp;&nbsp;&nbsp;&nbsp; Mesela \u201cIrk\u00e7\u0131 de\u011filim ama sokakta Suriyeli ve Afgan g\u00f6rmek istemiyorum,\u201d diyoruz. &nbsp;Ya da \u201cHomofobik de\u011filim ama LGBT\u2019nin e\u015fcinsellik propagandas\u0131na kar\u015f\u0131y\u0131m.\u201d&nbsp; Ya da \u201cSa\u011fc\u0131 de\u011filim, hatta solcuyum ama Kemalist milliyet\u00e7ili\u011fin g\u00fc\u00e7lenmesini istiyorum.\u201d Ya da \u201cAteist de\u011filim ama \u0130slam dininde reformu savunuyorum.\u201d &nbsp;Ya da \u201cDemokrasiye ba\u011fl\u0131y\u0131m ama PKK\u2019nin sivil uzant\u0131s\u0131 olan partinin kapat\u0131lmas\u0131n\u0131 istiyorum.\u201d &nbsp;<\/p>\n\n\n\n<p>&nbsp;&nbsp;&nbsp;&nbsp;&nbsp;&nbsp;&nbsp; Ki\u015finin ne olmad\u0131\u011f\u0131n\u0131 belirttikten sonra g\u00f6r\u00fc\u015f a\u00e7\u0131klamas\u0131, bask\u0131 alt\u0131nda oldu\u011funu g\u00f6sterir. &nbsp;\u015eu \u00f6rne\u011fi alal\u0131m: \u201c\u015eiddet yanl\u0131s\u0131 de\u011filim ama seni bir yumrukta yere y\u0131k\u0131p \u00fczerinde tepinen \u00e7ocu\u011fa sempati duyuyorum.\u201d&nbsp; Burada kar\u0131\u015f\u0131k bir durum var\u2026 Her ne kadar \u015fiddet yanl\u0131s\u0131 de\u011filim desen de i\u00e7indeki bast\u0131r\u0131lm\u0131\u015f \u00f6fke duygular\u0131n\u0131n \u015fiddet d\u0131\u015f\u0131nda bir \u00e7\u0131k\u0131\u015f yolu kalmam\u0131\u015f. &nbsp;\u00dcstelik yak\u0131nda bir g\u00fcn mutlaka sana kar\u015f\u0131 \u015fiddet kullanacaklar\u0131n\u0131 da anlam\u0131\u015fs\u0131n fakat her t\u00fcrl\u00fc \u015fiddete kar\u015f\u0131s\u0131n.<\/p>\n\n\n\n<p>Ge\u00e7en g\u00fcn emekliye ayr\u0131ld\u0131\u011f\u0131 i\u00e7in konu\u015fabilen bir Cumhuriyet Savc\u0131s\u0131, mevcut savc\u0131lar\u0131n y\u00fczde sekseninin Saray\u2019\u0131n hukuk d\u0131\u015f\u0131 uygulamalar\u0131ndan \u201c\u00e7ok rahats\u0131z\u201d oldu\u011funu s\u00f6yledi. Rahats\u0131zlar fakat konu\u015fmuyorlar, \u00e7\u00fcnk\u00fc k\u0131\u015f k\u0131yamette \u0130stanbul\u2019dan Erzurum\u2019a s\u00fcr\u00fclmekten korkuyorlar. Askerler de \u00f6yle\u2026 Konu\u015fmalar\u0131 i\u00e7in \u00fcniformalar\u0131n\u0131 \u00e7\u0131karmalar\u0131 gerekiyor. Aksi h\u00e2lde terfi edemiyorlar, disiplini bozmu\u015f oluyorlar. Cumhuriyet ve demokrasi i\u00e7in hayatlar\u0131n\u0131 feda edecek h\u00e2lleri de yok. O g\u00f6rev en yoksul ailelerin s\u0131n\u0131r n\u00f6beti tutan i\u015fsiz gen\u00e7lerine d\u00fc\u015f\u00fcyor.<\/p>\n\n\n\n<p>Savc\u0131 h\u00e2kim c\u00fcppesi ve asker \u00fcniformas\u0131 suskunluk al\u00e2metine d\u00f6n\u00fc\u015fm\u00fc\u015f. Oysa 1961 Anayasas\u0131 y\u00fcr\u00fcrl\u00fckteyken savc\u0131 ve h\u00e2kimler c\u00fcppelerini giyip y\u00fcr\u00fcy\u00fc\u015f ve miting yaparlar, askerler devir teslim t\u00f6renlerinde i\u00e7 ve d\u0131\u015f politika hakk\u0131nda konu\u015farak herkese ayar verirlerdi. \u00dclke batmaz, k\u0131yamet kopmazd\u0131. Her iki kesim de kendi i\u00e7inde b\u00fct\u00fcnl\u00fckl\u00fc, tutarl\u0131 ve \u00fclkenin b\u00fct\u00fcn sorunlar\u0131yla ilgiliydi.&nbsp; \u015eimdi her konuda suskun fakat kendi i\u00e7lerinde parampar\u00e7a ve tutars\u0131zlar. &nbsp;<\/p>\n\n\n\n<p>Her g\u00fcn k\u00fcf\u00fcr hakaretle kar\u015f\u0131la\u015fan, varl\u0131\u011f\u0131 sorgulanan Anayasa Mahkemesi\u2019nin ba\u015fkan\u0131, hukuk \u00f6\u011frencilerine konferans veriyormu\u015f gibi yaparak, utanga\u00e7 bir tutumla, a\u015f\u0131r\u0131 dikkatli s\u00f6zlerle, ba\u015f\u0131nda oldu\u011fu kurumu ve anayasay\u0131 savunmaya \u00e7al\u0131\u015f\u0131yor. K\u00fcrs\u00fcde tek ba\u015f\u0131na duruyor.<\/p>\n\n\n\n<p>&nbsp;&nbsp;&nbsp;&nbsp;&nbsp;&nbsp;&nbsp; Anayasa\u2019n\u0131n, Meden\u00ee Kanun\u2019un, Ceza Muhakemeleri Usul Kanunu\u2019nun uygulanmad\u0131\u011f\u0131n\u0131 herkes g\u00f6r\u00fcyor. Anayasal rejimi de\u011fi\u015ftirme f\u0131rsat\u0131 yaratmak i\u00e7in bir \u201cb\u00fcy\u00fck komplo\u201dnun tezg\u00e2ha konuldu\u011funu antenleri hassas olan herkes hissediyor.<\/p>\n\n\n\n<p>Ve en \u00e7ok s\u00f6ylenen s\u00f6z \u015fu: \u201cAman oyuna gelmeyelim!\u201d &nbsp;<\/p>\n\n\n\n<p>Oyun zaten sana kuruluyor, oyunun konusu sensin. Mevcut Anayasa\u2019dan do\u011fan haklar\u0131n\u0131 kullanarak en geni\u015f cephede Cumhuriyet\u2019i savunacak yerde bekliyorsun, oyuna gelmiyorsun. Sen oyuna gelmiyorsun ama &nbsp;oyun sana geliyor; senin hayat\u0131nla, gelmi\u015finle ge\u00e7mi\u015finle, tarihinle co\u011frafyanla, sa\u011fl\u0131\u011f\u0131nla selametinle inan\u00e7lar\u0131nla, izzet-i nefsinle oynuyorlar.<\/p>\n\n\n\n<p>&nbsp;&nbsp;&nbsp;&nbsp;&nbsp;&nbsp;&nbsp; S\u0131n\u0131rda ne oldu\u011funu anlam\u0131yoruz. Alan h\u00e2kimiyeti kurdu\u011fumuzu iddia etti\u011fimiz b\u00f6lgede neden 21 g\u00fcnde &nbsp;21 \u015fehit verdi\u011fimizi bilmiyoruz. Kendisine \u201cg\u00fcvenlik uzman\u0131\u201d (ne demekse?) diyen, \u00e7ubu\u011fu kap\u0131p her gece ekrana \u00e7\u0131karak harita ba\u015f\u0131nda ahk\u00e2m kesen \u015fah\u0131slar\u0131n da bilmedi\u011fini anl\u0131yoruz. Nereden bilecekler?&nbsp;<\/p>\n\n\n\n<p>Ne oldu\u011funu ancak \u015fehit olan askerlerin b\u00f6lgedeki komutanlar\u0131 bilir. Evlatlar\u0131n\u0131 \u015fehit veren isimsiz komutanlardan biri \u00e7\u0131k\u0131p bir saat konu\u015fsa her \u015fey anla\u015f\u0131l\u0131r. Fakat konu\u015famaz! Neden?&nbsp; Tarihe ve halka kar\u015f\u0131 sorumlu de\u011fil mi? Orada yeralt\u0131 faaliyeti mi y\u00fcr\u00fct\u00fcyor? Sava\u015f zaman\u0131nda asker konu\u015fur, sivil dinler.<\/p>\n\n\n\n<p>&nbsp;&nbsp;&nbsp;&nbsp;&nbsp;&nbsp;&nbsp; Merak etmeyin, burada derin jeopolitik analize girmeyece\u011fim. Bab-\u00fcl Menteb bo\u011faz\u0131n\u0131n \u00f6neminden, \u0130srail\u2019in arz-\u0131 mevhud projesinden, \u00f6nce siyah yas bayra\u011f\u0131 sonra k\u0131rm\u0131z\u0131 intikam bayra\u011f\u0131 \u00e7eken \u0130ran\u2019\u0131n \u00e7aresizli\u011finden, parag\u00f6z Araplar\u0131n kay\u0131ts\u0131zl\u0131\u011f\u0131ndan, Suriye\u2019yle hemen ittifak kurma gere\u011finden, Bat\u0131\u2019n\u0131n \u015fantaj\u0131 alt\u0131nda Saray\u2019\u0131n \u00fclke jeopoliti\u011fini pazarlamas\u0131ndan, BOP\u2019tan falan &nbsp;da s\u00f6z edecek de\u011filim.<\/p>\n\n\n\n<p>Sadece \u015funu belirtece\u011fim: ekonomiyi, e\u011fitimi, sa\u011fl\u0131\u011f\u0131 \u00f6rg\u00fctleyip kriz ko\u015fullar\u0131nda y\u00f6netemeyen bir siyas\u00ee iktidar\u0131n, orduyu \u00f6rg\u00fctleyip sava\u015f ko\u015fullar\u0131nda ona komuta etmesi kesinlikle imk\u00e2ns\u0131zd\u0131r. Siyas\u00ee iktidar\u0131n halk aras\u0131nda kendi eliyle yaratt\u0131\u011f\u0131 uzla\u015fmaz \u00e7eli\u015fkilerin asker k\u0131\u015flalar\u0131na en ilkel bi\u00e7imiyle yans\u0131mas\u0131 ise ka\u00e7\u0131n\u0131lmazd\u0131r. B\u00fct\u00fcn sorunlar \u00fclkeyi mafya \u015febekesi gibi y\u00f6neten siyas\u00ee iktidarda d\u00fc\u011f\u00fcmlenmektedir.<\/p>\n\n\n\n<p>Tarih tekerr\u00fcr eder\u2026<\/p>\n\n\n\n<p>Bak\u0131n\u0131z, bir as\u0131r \u00f6nce, 1913\u2019te Ali \u0130hsan Sabis Pa\u015fa, tarihe Balkan Facias\u0131 olarak ge\u00e7en Birinci Balkan Harbi\u2019nin sebeplerini anlat\u0131rken ne diyor:<\/p>\n\n\n\n<p>\u201c\u0130ktidarda bulunan siyas\u00ee z\u00fcmre, iktidar\u0131n\u0131n devam\u0131n\u0131 ordudaki taraftarlar\u0131n\u0131n kuvvetinde arad\u0131\u011f\u0131ndan, ordu (\u2026)&nbsp; 31 Mart isyan\u0131n\u0131 bast\u0131rmak i\u00e7in mecburen ve hakk\u0131yla bula\u015ft\u0131\u011f\u0131 siyasetten kendini kurtaramad\u0131. Ordunun en se\u00e7kin subaylar\u0131 ordudan at\u0131ld\u0131. (\u2026) Orduda kar\u015f\u0131l\u0131kl\u0131 siyas\u00ee cereyanlar ba\u015flad\u0131. (\u2026)&nbsp; \u2026ordunun silah ve te\u00e7hizat\u0131, d\u00fc\u015fmanlar\u0131m\u0131za oranla hakikaten bir imparatorlu\u011fa, padi\u015fahl\u0131\u011fa lay\u0131k derecede iyiydi. T\u00fcfeklerimiz ve seri ate\u015fli toplar\u0131m\u0131z d\u00fc\u015fmanlar\u0131m\u0131z\u0131nkiler kadar m\u00fckemmel ve miktar\u0131 ise daha \u00e7oktu.\u201d Fakat \u201cSubay heyeti uyumlu de\u011fildi. Genel olarak, subaylar\u0131n yeti\u015ftirilmesine gere\u011fi gibi \u00f6nem verilemiyordu (\u2026) B\u00fcy\u00fck k\u0131talar\u0131 sevk ve idare edecek, b\u00fcy\u00fck harp harek\u00e2t\u0131na v\u00e2k\u0131f kumanda heyetleri tamam\u0131yla yoktu\u201d (Ali \u0130hsan Sabis ve T\u00fcccarz\u00e2de \u0130brahim Hilmi, <em>Balkan Harbi\u2019ni Ni\u00e7in Kaybettik?<\/em>, \u0130z Yay\u0131nc\u0131l\u0131k 2017 s. 66 ve 74-75).<\/p>\n\n\n\n<p>&nbsp;&nbsp;&nbsp;&nbsp;&nbsp;&nbsp;&nbsp; Tan\u0131d\u0131k geldi mi?<\/p>\n\n\n\n<p>&nbsp;&nbsp;&nbsp;&nbsp;&nbsp;&nbsp;&nbsp; Farzedelim ki&nbsp; 27 Nisan 1909 g\u00fcn\u00fc II. Abd\u00fclhamit tahttan indirilemedi, onu istifaya d\u00e2vet eden Meclis-i Mebusan heyeti tutukland\u0131. 31 Mart isyan\u0131n\u0131 bast\u0131ran Hareket Ordusu Padi\u015fah ferman\u0131yla da\u011f\u0131t\u0131ld\u0131.&nbsp; II. Abd\u00fclhamit\u2019e \u201ck\u00f6hne Bizans\u2019\u0131n Y\u0131ld\u0131z burcunda ikamet eden bayku\u015f\u201d diye hitap ederek askere nutuk atan Mahmut \u015eevket Pa\u015fa isyan su\u00e7undan tutukland\u0131, \u0130ttihat ve Terakki f\u0131rkas\u0131 kapat\u0131ld\u0131 ve Avc\u0131 Taburlar\u0131 Dersaadet\u2019e h\u00e2kim oldu. B\u00f6ylece 1908 Devrimi geli\u015femeden yok edildi. Tarihin gidi\u015fat\u0131 nas\u0131l olurdu?<\/p>\n\n\n\n<p>&nbsp;&nbsp;&nbsp;&nbsp;&nbsp;&nbsp;&nbsp; \u015eimdi oraday\u0131z\u2026<\/p>\n\n\n\n<p>&nbsp;&nbsp;&nbsp;&nbsp;&nbsp;&nbsp;&nbsp; Mustafa Kemal ve arkada\u015flar\u0131n\u0131n Devrim yaparak, ordudan maarife, s\u0131hhiyeden bay\u0131nd\u0131rl\u0131\u011fa kadar her bir kurumunu sava\u015f \u015fartlar\u0131nda in\u015fa ederek kurduklar\u0131 ve yirmi y\u0131ld\u0131r her bir temel ta\u015f\u0131 s\u00f6k\u00fclerek battal edilen Devlet, elbette demokratik, laik ve sosyal bir hukuk devleti olarak yeniden in\u015fa edilecek.&nbsp; Bu parantez ancak s\u00fcrd\u00fcr\u00fclemez h\u00e2le geldi\u011finde kapat\u0131lacak. &nbsp;Umar\u0131m III. D\u00fcnya Sava\u015f\u0131 biz kendimize gelene kadar buralara u\u011framaz. <em>Veryans\u0131n<\/em>, 14. 01.2024<\/p>\n","protected":false},"excerpt":{"rendered":"<p>Yavuz Alogan &nbsp;&nbsp;&nbsp;&nbsp;&nbsp;&nbsp;&nbsp; Siyaset alan\u0131n\u0131 belirleyen ideolojik bask\u0131 zamanla b\u00fct\u00fcn yurtta\u015flar\u0131n s\u00f6ylemini esir al\u0131r. &nbsp;Bask\u0131n\u0131n en yo\u011fun ya\u015fand\u0131\u011f\u0131 yer siyaset alan\u0131d\u0131r. Tarikat ve cemaatlere \u015firin g\u00f6r\u00fcnmek isteyen politikac\u0131n\u0131n Ey\u00fcpsultan\u2019a gidip usul\u00fcne uygun Kuran okumas\u0131 en gerici siyas\u00ee partilerin iltifat\u0131na mazhar olur.&nbsp; Anayasa\u2019da yer alan laiklik ilkesini telaffuz etmekten korkan siyaset erbab\u0131 Saray\u2019\u0131n nihai amac\u0131na hizmet &hellip; <\/p>\n<p class=\"link-more\"><a href=\"http:\/\/yavuzalogan.com\/?p=1552\" class=\"more-link\">Continue reading<span class=\"screen-reader-text\"> &#8220;OYUNA GELMEYEL\u0130M!&#8221;<\/span><\/a><\/p>\n","protected":false},"author":1,"featured_media":0,"comment_status":"open","ping_status":"open","sticky":false,"template":"","format":"standard","meta":{"footnotes":""},"categories":[1],"tags":[],"class_list":["post-1552","post","type-post","status-publish","format-standard","hentry","category-uncategorized"],"_links":{"self":[{"href":"http:\/\/yavuzalogan.com\/index.php?rest_route=\/wp\/v2\/posts\/1552","targetHints":{"allow":["GET"]}}],"collection":[{"href":"http:\/\/yavuzalogan.com\/index.php?rest_route=\/wp\/v2\/posts"}],"about":[{"href":"http:\/\/yavuzalogan.com\/index.php?rest_route=\/wp\/v2\/types\/post"}],"author":[{"embeddable":true,"href":"http:\/\/yavuzalogan.com\/index.php?rest_route=\/wp\/v2\/users\/1"}],"replies":[{"embeddable":true,"href":"http:\/\/yavuzalogan.com\/index.php?rest_route=%2Fwp%2Fv2%2Fcomments&post=1552"}],"version-history":[{"count":1,"href":"http:\/\/yavuzalogan.com\/index.php?rest_route=\/wp\/v2\/posts\/1552\/revisions"}],"predecessor-version":[{"id":1554,"href":"http:\/\/yavuzalogan.com\/index.php?rest_route=\/wp\/v2\/posts\/1552\/revisions\/1554"}],"wp:attachment":[{"href":"http:\/\/yavuzalogan.com\/index.php?rest_route=%2Fwp%2Fv2%2Fmedia&parent=1552"}],"wp:term":[{"taxonomy":"category","embeddable":true,"href":"http:\/\/yavuzalogan.com\/index.php?rest_route=%2Fwp%2Fv2%2Fcategories&post=1552"},{"taxonomy":"post_tag","embeddable":true,"href":"http:\/\/yavuzalogan.com\/index.php?rest_route=%2Fwp%2Fv2%2Ftags&post=1552"}],"curies":[{"name":"wp","href":"https:\/\/api.w.org\/{rel}","templated":true}]}}