{"id":1545,"date":"2023-12-31T10:15:56","date_gmt":"2023-12-31T08:15:56","guid":{"rendered":"http:\/\/yavuzalogan.com\/?p=1545"},"modified":"2023-12-31T10:15:56","modified_gmt":"2023-12-31T08:15:56","slug":"yilin-son-gunu-2","status":"publish","type":"post","link":"http:\/\/yavuzalogan.com\/?p=1545","title":{"rendered":"YILIN SON G\u00dcN\u00dc"},"content":{"rendered":"\n<figure class=\"wp-block-image size-large\"><img loading=\"lazy\" decoding=\"async\" width=\"1024\" height=\"504\" src=\"http:\/\/yavuzalogan.com\/wp-content\/uploads\/2023\/12\/Angelus-Novus-1024x504.png\" alt=\"\" class=\"wp-image-1546\" srcset=\"http:\/\/yavuzalogan.com\/wp-content\/uploads\/2023\/12\/Angelus-Novus-1024x504.png 1024w, http:\/\/yavuzalogan.com\/wp-content\/uploads\/2023\/12\/Angelus-Novus-500x246.png 500w, http:\/\/yavuzalogan.com\/wp-content\/uploads\/2023\/12\/Angelus-Novus-768x378.png 768w, http:\/\/yavuzalogan.com\/wp-content\/uploads\/2023\/12\/Angelus-Novus.png 1162w\" sizes=\"auto, (max-width: 767px) 89vw, (max-width: 1000px) 54vw, (max-width: 1071px) 543px, 580px\" \/><\/figure>\n\n\n\n<p>Yavuz Alogan<\/p>\n\n\n\n<p>Bug\u00fcn y\u0131l\u0131n son g\u00fcn\u00fc.&nbsp; Yar\u0131n y\u0131l\u0131n&nbsp;&nbsp;&nbsp; 3 olan son rakam\u0131n\u0131 4 olarak de\u011fi\u015ftirece\u011fiz. Yani eski y\u0131la veda ediyoruz yeni y\u0131la merhaba diyoruz gibisine anlam y\u00fckledi\u011fimiz \u015fey asl\u0131nda bir rakam de\u011fi\u015fikli\u011finden ibaret.<\/p>\n\n\n\n<p>&nbsp;&nbsp;&nbsp;&nbsp;&nbsp;&nbsp;&nbsp; Milenyum\u2019a girdi\u011fimizden beri rakamlar g\u00f6z\u00fcme giderek daha b\u00fcy\u00fck g\u00f6r\u00fcn\u00fcyor. 2024 mesela, zihinsel ve k\u00fclt\u00fcrel yap\u0131s\u0131 1900\u2019lerin ikinci yar\u0131s\u0131nda \u015fekillenmi\u015f biri i\u00e7in ne b\u00fcy\u00fck bir rakam!<\/p>\n\n\n\n<p>&nbsp;&nbsp;&nbsp;&nbsp;&nbsp;&nbsp;&nbsp; \u0130nsan ister istemez fikr\u00ee ve vicdan\u00ee muhasebe yapmak maksad\u0131yla \u00f6nceki y\u0131lba\u015f\u0131 yaz\u0131lar\u0131na g\u00f6z atma ihtiyac\u0131 duyuyor.<\/p>\n\n\n\n<p>&nbsp;&nbsp;&nbsp;&nbsp;&nbsp;&nbsp;&nbsp; 2017\u2019nin son g\u00fcn\u00fc kafay\u0131 Paul Klee\u2019nin 1910 tarihli Angelus Novus (Yeni Melek\/Tarih Mele\u011fi) tablosuna takm\u0131\u015f\u0131m mesela. Walter Benjamin tabloyu yorumlarken, tarih mele\u011finin y\u00fcz\u00fcn\u00fc ge\u00e7mi\u015fe \u00e7evirdi\u011fini, \u00f6l\u00fcleri diriltmek, par\u00e7alanm\u0131\u015f olan\u0131 yeniden birle\u015ftirmek istedi\u011fini fakat ge\u00e7mi\u015fin g\u00fc\u00e7l\u00fc f\u0131rt\u0131nas\u0131na kap\u0131ld\u0131\u011f\u0131 i\u00e7in kanatlar\u0131n\u0131 kapatamad\u0131\u011f\u0131n\u0131, f\u0131rt\u0131na taraf\u0131ndan s\u0131rt\u0131n\u0131 d\u00f6nm\u00fc\u015f oldu\u011fu gelece\u011fe do\u011fru kara kapkara kanatlar\u0131n\u0131 kanatarak kaskat\u0131 u\u00e7up gitti\u011fini anlat\u0131r. Asl\u0131nda korkun\u00e7 bir yorumdur.&nbsp; O s\u0131rada (1940) Benjamin, Gestapo\u2019dan ka\u00e7makta, bir yandan da <em>Tarih \u00dczerine Tezler<\/em>\u2019i yazmaktad\u0131r.<\/p>\n\n\n\n<p>&nbsp;&nbsp;&nbsp;&nbsp;&nbsp;&nbsp;&nbsp; 2016\u2019n\u0131n son g\u00fcn\u00fc ise kafay\u0131 bu kez pi\u015fmanl\u0131\u011f\u0131 \u00e7a\u011fr\u0131\u015ft\u0131ran \u201cpentimento\u201d kavram\u0131na takm\u0131\u015f\u0131m. Ressam bir tablo yapm\u0131\u015f fakat pi\u015fman olmu\u015ftur. Eski resmin \u00fczerine yenisini yapar fakat ihanete u\u011frar, \u00e7\u00fcnk\u00fc vazge\u00e7ti\u011fi eski \u015fekiller ve renkler zamanla yeni resmin &nbsp;saydamla\u015fan boyas\u0131n\u0131n gerisinde siluet h\u00e2linde belirmeye ba\u015flam\u0131\u015ft\u0131r. Buna \u201cpentimento\u201d denir. Eski olan, yeni olan\u0131n arkas\u0131nda belirmekte, giderek onun yerini almaktad\u0131r.<\/p>\n\n\n\n<p>&nbsp;&nbsp;&nbsp;&nbsp;&nbsp;&nbsp;&nbsp; Tarih Mele\u011fi ya da pentimento gibi mevzular bilin\u00e7alt\u0131 derin kayg\u0131lar\u0131 ifade ediyor olabilir. Yoksa yeni y\u0131l yazarken insan\u0131n akl\u0131na b\u00f6yle tuhaf \u015feyler niye gelsin?&nbsp; Birincisi 1848-1968 d\u00f6nemine g\u00f6zlerini dikmi\u015f olarak&nbsp; ne getirece\u011fi belli olmayan bir gelece\u011fe do\u011fru u\u00e7man\u0131n yaratt\u0131\u011f\u0131 endi\u015feyi, ikincisi ise insan zihninde tutunamayan bug\u00fcn\u00fcn hemen ard\u0131nda ge\u00e7mi\u015fin olanca ihti\u015fam\u0131yla belirmesini i\u015faretliyor olabilir.<\/p>\n\n\n\n<p>&nbsp;&nbsp;&nbsp;&nbsp;&nbsp;&nbsp;&nbsp; Neyse, zorlamayal\u0131m\u2026<\/p>\n\n\n\n<p>2019 y\u0131l\u0131n\u0131n son g\u00fcn\u00fc, yeni y\u0131la biri i\u00e7 di\u011feri d\u0131\u015f olmak \u00fczere iki tehditle girdi\u011fimizi saptam\u0131\u015f\u0131m. Bu \u00f6nemli (!) saptaman\u0131n ard\u0131ndan, \u201cD\u00fcnya sava\u015f\u0131n\u0131 bertaraf etmeye g\u00fcc\u00fcm\u00fcz yetmez,\u201d demi\u015fim. \u00c7ok do\u011fru! &nbsp;\u201cFakat cumhuriyetin ta\u015f\u0131y\u0131c\u0131 kolonlar\u0131n\u0131 yeniden in\u015fa edebilir ve gerek 2007\u2019de gerekse 2013\u2019te kendili\u011finden toplanan, b\u00fcy\u00fck bir basiretsizlik ve yeteneksizlik sergileyerek da\u011f\u0131tt\u0131\u011f\u0131m\u0131z kitleleri Mustafa Kemal\u2019de birle\u015ftirebiliriz.\u201d<\/p>\n\n\n\n<p>&nbsp;&nbsp;&nbsp;&nbsp;&nbsp;&nbsp;&nbsp; \u015eimdi burada da akl\u0131ma rakamlar tak\u0131l\u0131yor.<\/p>\n\n\n\n<p>2007 ve 2013\u2019\u00fcn, yani Cumhuriyet Mitingleri ve Haziran Ayaklanmas\u0131\u2019n\u0131n gen\u00e7leri bug\u00fcn orta ya\u015fl\u0131. AKP iktidara geldi\u011finde 20 ya\u015f\u0131nda olan bir gen\u00e7 bug\u00fcn 40\u2019\u0131n\u0131 ge\u00e7mi\u015f, sorumluluklar y\u00fcklenmi\u015f biri. Bizden \u00f6nceki ku\u015fak h\u0131zlanarak, ya\u015f\u0131 70\u2019i ge\u00e7en bizim ku\u015fak ise yava\u015ftan sahneyi terk ediyor. Saray ise tebaas\u0131n\u0131 \u00e7o\u011faltmak, ana okulundan ba\u015flayarak kindar ve dindar bir nesil yeti\u015ftirmek i\u00e7in kendi devletinin b\u00fct\u00fcn imk\u00e2nlar\u0131n\u0131 kullan\u0131yor.<\/p>\n\n\n\n<p>&nbsp;Ku\u015faklar aras\u0131nda k\u00fclt\u00fcrel aktar\u0131m tarihsel olarak birka\u00e7 kez kesintiye u\u011frad\u0131\u011f\u0131, s\u00fcreklilikler azald\u0131\u011f\u0131 i\u00e7in her ku\u015fak bir \u00f6ncekinin kald\u0131\u011f\u0131 yerden de\u011fil de kendini yeni ba\u015ftan var ederek yola koyulmak zorunda kald\u0131\u011f\u0131 yerden yola \u00e7\u0131k\u0131yor; geldi\u011fi bir yer olmad\u0131\u011f\u0131 i\u00e7in nereye do\u011fru gitti\u011fini bilmiyor.<\/p>\n\n\n\n<p>&nbsp;&nbsp;&nbsp;&nbsp;&nbsp;&nbsp;&nbsp; Kesintilerin \u00e7oklu\u011fu ve s\u00fcrekliliklerin azl\u0131\u011f\u0131 son tahlilde gericili\u011fin i\u015fine yar\u0131yor. S\u0131f\u0131rdan anayasa yapabilece\u011fini, hi\u00e7 yoktan yeni bir biat nesli yaratabilece\u011fini d\u00fc\u015f\u00fcn\u00fcyor. Bu i\u015fe ba\u015flarken meydan\u0131 bo\u015f sanmad\u0131, meydan ger\u00e7ekten bo\u015f, bombo\u015ftu. \u00d6zel olarak bo\u015falt\u0131lm\u0131\u015ft\u0131. Saray\u2019\u0131n temkinli ad\u0131mlar\u0131 zamanla pervas\u0131z s\u0131\u00e7ramalara d\u00f6n\u00fc\u015fecekti.<\/p>\n\n\n\n<p>&nbsp;&nbsp;&nbsp;&nbsp;&nbsp;&nbsp;&nbsp; Yeni y\u0131lda iyi haber \u015fu ki n\u00fcfusun yar\u0131dan fazlas\u0131 tehlikenin fark\u0131na vard\u0131 (nihayet!). Fark\u0131ndal\u0131\u011fa sebep olan, gelir e\u015fitsizli\u011fi, ge\u00e7im zorlu\u011fu ve iktidar makam\u0131n\u0131 i\u015fgal edenlerin g\u00f6ze batan yozla\u015fm\u0131\u015fl\u0131\u011f\u0131 ve \u00e7eli\u015fkili tutumlar\u0131d\u0131r. \u0130ktidar kat\u0131nda kimsenin kay\u0131ts\u0131z kalamayaca\u011f\u0131 bir rezalet tablosu olu\u015ftu. &nbsp;&nbsp;\u0130nsanlar siyas\u00ee ve din\u00ee demagojinin neyi \u00f6rtt\u00fc\u011f\u00fcn\u00fc g\u00f6rd\u00fcler. Hakikat, s\u0131radan insan\u0131n g\u00fcndelik hayat\u0131nda en m\u00fcstehcen h\u00e2liyle ortaya \u00e7\u0131kt\u0131. Saray\u2019\u0131n Cumhuriyet\u2019e s\u0131vad\u0131\u011f\u0131 ye\u015fil boya, yer yer d\u00f6k\u00fclmeye, giderek saydamla\u015fmaya, arka planda gen\u00e7 Mustafa Kemal\u2019in kalpakl\u0131 foto\u011fraf\u0131 belirmeye ba\u015flad\u0131.<\/p>\n\n\n\n<p>&nbsp;&nbsp;&nbsp;&nbsp;&nbsp;&nbsp;&nbsp; Bu y\u00fczden 2024 y\u0131l\u0131, netice almaya azimli b\u00fcy\u00fck m\u00fccadelenin y\u0131l\u0131 olacak.&nbsp; Bu m\u00fccadele dandik muhalefet partilerini a\u015fabildi\u011fi \u00f6l\u00e7\u00fcde, bir halk hareketi olarak y\u00fckselecek.<\/p>\n\n\n\n<p>Herkes saf\u0131n\u0131 se\u00e7ecek ve mevziye girecek. Her bir rastlant\u0131, toplumu ilgilendiren her bir olay ayr\u0131\u015fmay\u0131 h\u0131zland\u0131racak. Ge\u00e7en Cuma ak\u015fam\u0131 Suudi Arabistan\u2019da ya\u015fanan Cumhuriyetin 100. Y\u0131l Kupas\u0131 rezaleti mesela, n\u00fcfusun en az\u0131ndan yar\u0131s\u0131n\u0131n kaderde, tasada ve k\u0131van\u00e7ta ortak oldu\u011funu; Saray\u2019\u0131n eteklerine yap\u0131\u015fan \u00f6teki yar\u0131s\u0131n\u0131n ise bu ortakl\u0131\u011fa yabanc\u0131 kald\u0131\u011f\u0131n\u0131 ortaya koydu.<\/p>\n\n\n\n<p>&nbsp;&nbsp;&nbsp;&nbsp;&nbsp;&nbsp;&nbsp; Yeni y\u0131lda k\u00f6t\u00fc haber \u015fu ki m\u00fccadele \u00e7ok sert olacak. Kaynaklar\u0131 azalan, toplumsal dayanaklar\u0131 zay\u0131flayan, tam bir hegemonya kurmak i\u00e7in gerekli ayg\u0131tlar\u0131n hi\u00e7birine sahip olmayan iktidar, tarikat ve cemaatlerin, bizzat besleyip yoktan var etti\u011fi menfaat \u015febekelerinin tela\u015f\u0131 ve bask\u0131s\u0131yla mevzilerini ve \u015fahsi servetini korumak i\u00e7in her \u015feyi yapacak.<\/p>\n\n\n\n<p>&nbsp;&nbsp;&nbsp;&nbsp;&nbsp;&nbsp;&nbsp; Ba\u015f\u0131n\u0131za se\u00e7ti\u011finiz H\u00fck\u00fcmdar\u2019\u0131n kendisine Saray yapmas\u0131na izin vermi\u015fsiniz. Tamam, olabilir, herkes hata yapabilir. Fakat H\u00fck\u00fcmdar\u2019\u0131n yasama y\u00fcr\u00fctme yarg\u0131 kuvvetleriyle birlikte b\u00fct\u00fcn Devlet\u2019i Saray\u2019\u0131n i\u00e7ine t\u0131k\u0131\u015ft\u0131rarak s\u0131\u011fd\u0131rmas\u0131na nas\u0131l g\u00f6z yumabildiniz? &nbsp;Demokratik devrim yapm\u0131\u015f bir \u00fclkenin yurtta\u015flar\u0131 Saray\u2019dan y\u00f6netilmenin utanc\u0131na nas\u0131l katlanabildiler?<\/p>\n\n\n\n<p>Bu saatten sonra H\u00fck\u00fcmdar\u2019\u0131 saraydan \u00e7\u0131karmak kolay olmayacak. Benzetmek gibi olmas\u0131n ama, eski bir \u00c7in atas\u00f6z\u00fcnde \u201cH\u00fck\u00fcmdar\u2019\u0131 at\u0131ndan indirmek i\u00e7in bin han\u00e7er darbesini g\u00f6ze almak gerekir\u201ddiye bo\u015funa denilmemi\u015ftir.<\/p>\n\n\n\n<p>Padi\u015fah\u2019a \u00e2si olacaks\u0131n\u0131z, hilafeti yeniden kald\u0131racaks\u0131n\u0131z, ba\u015fta tevhid-i tedrisat olmak \u00fczere Devrim Kanunlar\u0131\u2019n\u0131, hatta 1934 tarihli 2596 say\u0131l\u0131 k\u0131l\u0131k k\u0131yafet kanununu bile yeniden y\u00fcr\u00fcl\u00fc\u011fe koyacaks\u0131n\u0131z.&nbsp; Yani mevcut anayasan\u0131n 174. Maddesi\u2019nin (\u0130nk\u0131l\u00e2p Kanunlar\u0131\u2019n\u0131n korunmas\u0131) uygulanmas\u0131n\u0131 bizzat, fiilen sa\u011flayacaks\u0131n\u0131z. Neticede yeni bir Toplum S\u00f6zle\u015fmesi\u2019yle laik, demokratik, sosyal bir hukuk devleti kuracaks\u0131n\u0131z. M\u00fccadele ederken mevcut Anayasa\u2019n\u0131n 34. Maddesi\u2019nin size verdi\u011fi haklar\u0131 kullanacaks\u0131n\u0131z.<\/p>\n\n\n\n<p>&nbsp;&nbsp;&nbsp;&nbsp;&nbsp;&nbsp;&nbsp; Yani anayasa ba\u015fta olmak \u00fczere yasalar\u0131 uygulamayan bir siyas\u00ee iktidara kar\u015f\u0131 mevcut yasalar\u0131n uygulanmas\u0131 i\u00e7in m\u00fccadele edeceksiniz. Yani siz direnmeyeceksiniz, Saray size kar\u015f\u0131 direnecek. Siz yasalar\u0131 savunmak i\u00e7in me\u015fru bir m\u00fccadele vereceksiniz, Saray ise mevcut yasalar\u0131 ihl\u00e2l ederek gayrime\u015fru bir direni\u015f sergileyecek. Hakikat budur!<\/p>\n\n\n\n<p>&nbsp;Ve Saray\u2019\u0131n direni\u015fini k\u0131rmak kolay olmayacak, b\u00fcy\u00fck fedak\u00e2rl\u0131klar\u0131 gerektirecek, a\u011f\u0131r kay\u0131plara yol a\u00e7acak. Saray\u2019\u0131n kulu de\u011fil Cumhuriyet\u2019in yurtta\u015f\u0131 oldu\u011funuzu tarih sahnesinde kan\u0131tlaman\u0131z gerekecek. &nbsp;Bu kadar asgari bir hedef i\u00e7in i\u015fte b\u00f6ylesine muazzam bir m\u00fccadele vermeniz, destanlar yazman\u0131z gerekecek. Hani \u00e7ok eski bir mar\u015fta denildi\u011fi gibi, \u201cYar\u0131n\u0131 bug\u00fcnden kuracaks\u0131n, o senin tarihin olacak.\u201d&nbsp;&nbsp;&nbsp;&nbsp;&nbsp;<\/p>\n\n\n\n<p>&nbsp;&nbsp;&nbsp;&nbsp;&nbsp;&nbsp;&nbsp; Neyse, uzatmayal\u0131m\u2026<\/p>\n\n\n\n<p>Yeni y\u0131lda herkese esenlikler, ak\u0131l fikir, azim, cesaret ve cel\u00e2det diliyorum. <em>Veryans\u0131n<\/em>, 31. 12. 2023<\/p>\n","protected":false},"excerpt":{"rendered":"<p>Yavuz Alogan Bug\u00fcn y\u0131l\u0131n son g\u00fcn\u00fc.&nbsp; Yar\u0131n y\u0131l\u0131n&nbsp;&nbsp;&nbsp; 3 olan son rakam\u0131n\u0131 4 olarak de\u011fi\u015ftirece\u011fiz. Yani eski y\u0131la veda ediyoruz yeni y\u0131la merhaba diyoruz gibisine anlam y\u00fckledi\u011fimiz \u015fey asl\u0131nda bir rakam de\u011fi\u015fikli\u011finden ibaret. &nbsp;&nbsp;&nbsp;&nbsp;&nbsp;&nbsp;&nbsp; Milenyum\u2019a girdi\u011fimizden beri rakamlar g\u00f6z\u00fcme giderek daha b\u00fcy\u00fck g\u00f6r\u00fcn\u00fcyor. 2024 mesela, zihinsel ve k\u00fclt\u00fcrel yap\u0131s\u0131 1900\u2019lerin ikinci yar\u0131s\u0131nda \u015fekillenmi\u015f biri i\u00e7in &hellip; <\/p>\n<p class=\"link-more\"><a href=\"http:\/\/yavuzalogan.com\/?p=1545\" class=\"more-link\">Continue reading<span class=\"screen-reader-text\"> &#8220;YILIN SON G\u00dcN\u00dc&#8221;<\/span><\/a><\/p>\n","protected":false},"author":1,"featured_media":0,"comment_status":"open","ping_status":"open","sticky":false,"template":"","format":"standard","meta":{"footnotes":""},"categories":[1],"tags":[],"class_list":["post-1545","post","type-post","status-publish","format-standard","hentry","category-uncategorized"],"_links":{"self":[{"href":"http:\/\/yavuzalogan.com\/index.php?rest_route=\/wp\/v2\/posts\/1545","targetHints":{"allow":["GET"]}}],"collection":[{"href":"http:\/\/yavuzalogan.com\/index.php?rest_route=\/wp\/v2\/posts"}],"about":[{"href":"http:\/\/yavuzalogan.com\/index.php?rest_route=\/wp\/v2\/types\/post"}],"author":[{"embeddable":true,"href":"http:\/\/yavuzalogan.com\/index.php?rest_route=\/wp\/v2\/users\/1"}],"replies":[{"embeddable":true,"href":"http:\/\/yavuzalogan.com\/index.php?rest_route=%2Fwp%2Fv2%2Fcomments&post=1545"}],"version-history":[{"count":1,"href":"http:\/\/yavuzalogan.com\/index.php?rest_route=\/wp\/v2\/posts\/1545\/revisions"}],"predecessor-version":[{"id":1547,"href":"http:\/\/yavuzalogan.com\/index.php?rest_route=\/wp\/v2\/posts\/1545\/revisions\/1547"}],"wp:attachment":[{"href":"http:\/\/yavuzalogan.com\/index.php?rest_route=%2Fwp%2Fv2%2Fmedia&parent=1545"}],"wp:term":[{"taxonomy":"category","embeddable":true,"href":"http:\/\/yavuzalogan.com\/index.php?rest_route=%2Fwp%2Fv2%2Fcategories&post=1545"},{"taxonomy":"post_tag","embeddable":true,"href":"http:\/\/yavuzalogan.com\/index.php?rest_route=%2Fwp%2Fv2%2Ftags&post=1545"}],"curies":[{"name":"wp","href":"https:\/\/api.w.org\/{rel}","templated":true}]}}