{"id":1541,"date":"2023-12-24T10:10:51","date_gmt":"2023-12-24T08:10:51","guid":{"rendered":"http:\/\/yavuzalogan.com\/?p=1541"},"modified":"2023-12-24T10:10:51","modified_gmt":"2023-12-24T08:10:51","slug":"buyuk-uyanis","status":"publish","type":"post","link":"http:\/\/yavuzalogan.com\/?p=1541","title":{"rendered":"B\u00dcY\u00dcK UYANI\u015e"},"content":{"rendered":"\n<figure class=\"wp-block-image size-full\"><img loading=\"lazy\" decoding=\"async\" width=\"952\" height=\"540\" src=\"http:\/\/yavuzalogan.com\/wp-content\/uploads\/2023\/12\/Buyuk-Uyanis.webp\" alt=\"\" class=\"wp-image-1542\" srcset=\"http:\/\/yavuzalogan.com\/wp-content\/uploads\/2023\/12\/Buyuk-Uyanis.webp 952w, http:\/\/yavuzalogan.com\/wp-content\/uploads\/2023\/12\/Buyuk-Uyanis-500x284.webp 500w, http:\/\/yavuzalogan.com\/wp-content\/uploads\/2023\/12\/Buyuk-Uyanis-768x436.webp 768w\" sizes=\"auto, (max-width: 767px) 89vw, (max-width: 1000px) 54vw, (max-width: 1071px) 543px, 580px\" \/><\/figure>\n\n\n\n<p>Yavuz Alogan<\/p>\n\n\n\n<p>&nbsp;&nbsp;&nbsp;&nbsp;&nbsp;&nbsp;&nbsp; Devlet h\u00e2kim s\u0131n\u0131f ideolojisinin somutla\u015fm\u0131\u015f ifadesidir. Buradaki \u201cs\u0131n\u0131f\u201d elbette bir s\u0131n\u0131flar koalisyonu da olabilir, hatta bu koalisyona \u00e7e\u015fitli katmanlar, z\u00fcmreler de eklenebilir. B\u00f6ylece Devlet b\u00fct\u00fcn bunlar\u0131n toplam ideolojisinin somutla\u015fm\u0131\u015f ifadesi olur; asker ve sivil b\u00fcrokrasi bu ideolojiye g\u00f6re \u015fekillenir.<\/p>\n\n\n\n<p>&nbsp;&nbsp;&nbsp;&nbsp;&nbsp;&nbsp;&nbsp; T\u00fcrkiye\u2019de \u015fimdiki Devlet, Saray\u2019\u0131n yirmi y\u0131l i\u00e7inde yaratt\u0131\u011f\u0131 lumpen burjuvaziyi, \u00e7\u0131karlar\u0131na dokunulmad\u0131\u011f\u0131 i\u00e7in r\u0131za g\u00f6steren eski modern burjuvaziyi, toplumun en gerici z\u00fcmresini olu\u015fturan tarikat ve cemaatleri ve nihayet sadakati parasal yard\u0131mla temin edilen n\u00fcfusun en yoksul ve cahil y\u00fczde 34\u2019\u00fcn\u00fc \u00e7imento gibi birbirine ba\u011flayan\/yap\u0131\u015ft\u0131ran ideolojinin somutla\u015fm\u0131\u015f ifadesidir. Bu ideoloji, siyasalla\u015ft\u0131\u011f\u0131 i\u00e7in yozla\u015fan, din olmaktan \u00e7\u0131karak bir h\u00e2kimiyet ve servet biriktirme arac\u0131na d\u00f6n\u00fc\u015fen, ayn\u0131 zamanda bir moda olarak magazinle\u015fen \u0130sl\u00e2m ideolojisidir.<\/p>\n\n\n\n<p>&nbsp;&nbsp;&nbsp;&nbsp;&nbsp;&nbsp;&nbsp; Bu nedenle hi\u00e7bir \u015fey \u015fa\u015f\u0131rt\u0131c\u0131 de\u011fildir.&nbsp;<\/p>\n\n\n\n<p>Mesela Mill\u00ee E\u011fitim Bakan\u0131\u2019n\u0131n \u201cSiz devleti h\u00e2l\u00e2 laik san\u0131yorsunuz enayiler \/ ge\u00e7ti o g\u00fcnler \/ tarikatlarla cemaatlerle on protokol yapt\u0131m, daha da yapaca\u011f\u0131m\u201d mealinde konu\u015fmas\u0131; kendisini h\u00e2kim ideolojinin bask\u0131s\u0131 alt\u0131nda hisseden Mill\u00ee Savunma Bakan\u0131\u2019n\u0131n ilk anda refleks olarak&nbsp;&nbsp; \u201casker\u00ee \u00f6\u011frencinin yakas\u0131na takmas\u0131 gereken resim\u201d diye konu\u015fmas\u0131 (utanmasa, \u201cmal\u00fbm \u015fahs\u0131n resmi\u201d&nbsp; diyecek!)&nbsp; \u015fa\u015f\u0131rt\u0131c\u0131 de\u011fildir. &nbsp;<\/p>\n\n\n\n<p><em>Yeni \u015eafak<\/em> gazetesi yazar\u0131n\u0131n \u201cKemalizm ile FET\u00d6 aras\u0131nda hi\u00e7bir fark yoktur, ikisi de tarikatt\u0131r\u201d demesi, e\u015fzamanl\u0131 olarak darphanenin Fethullah\u2019\u0131n alt\u0131 torbalanm\u0131\u015f p\u00f6rtlek g\u00f6zlerini Mustafa Kemal\u2019in kalpakl\u0131 foto\u011fraf\u0131na monte ederek alg\u0131 operasyonuna \u00e2let olmas\u0131; Diyarbak\u0131r\u2019da ilkokul \u00f6\u011frencilerine Saidi Nursi k\u0131yafeti giydirilerek \u00e7ocuklara bu Cumhuriyet d\u00fc\u015fman\u0131 gericiyle \u00f6zde\u015flik kurdurulmas\u0131, anaokulunda imam\u0131n ders vermesi, \u00f6\u011frencilere cami ve mezarl\u0131k temizletilmesi \u2026 b\u00fct\u00fcn bu olaylarda \u015fa\u015f\u0131lacak bir \u015fey yoktur.<\/p>\n\n\n\n<p>\u0130mam\u0131n camiden \u00e7\u0131k\u0131p k\u0131\u015flaya ve okula girmesine, askerin tekkeye gitmesine, mill\u00ee e\u011fitimin tarikat ve cemaatlere teslim edilmesine raz\u0131 olmayacakt\u0131n\u0131z\u2026 Kendi i\u00e7indeki tarikat ve cemaat hiyerar\u015fisine g\u00f6z yuman bir orduda disiplinden s\u00f6z edenin, Mustafa Kemal\u2019in deyi\u015fiyle, \u201c\u015fa\u015far\u0131m akl\u0131 peri\u015fan\u0131na!\u201d<\/p>\n\n\n\n<p>Neyse uzatmayal\u0131m\u2026 &nbsp;<\/p>\n\n\n\n<p>&nbsp;&nbsp;&nbsp;&nbsp;&nbsp;&nbsp;&nbsp; Saray iktidar\u0131 \u015fiddet kullanmadan, zamana yay\u0131lm\u0131\u015f k\u00fc\u00e7\u00fck m\u00fcdahalelerle ideolojik iklimi de\u011fi\u015ftirerek, yasama organ\u0131na dikte ettirdi\u011fi yasalar\u0131 \u00e7\u0131kararak, Anayasa\u2019y\u0131 ku\u015fa \u00e7evirdikten sonra rafa kald\u0131rarak, n\u00fcfusun bir b\u00f6l\u00fcm\u00fcn\u00fcn Medeni Kanun\u2019u ihlal eden bir sosyal hayat tarz\u0131 i\u00e7inde toplumun genelinden ayr\u0131lmas\u0131n\u0131 te\u015fvik ederek g\u00fc\u00e7 toplam\u0131\u015f ve b\u00f6ylece \u201cancient\u201d (eski) rejimin demokratik laik ve sosyal bir hukuk devleti olma hedefini iptal etmi\u015f, bu hedefe uygun olarak in\u015fa edilen b\u00fct\u00fcn kurumlar\u0131 y\u0131km\u0131\u015f, yok etmi\u015ftir.<\/p>\n\n\n\n<p>&nbsp;&nbsp;&nbsp;&nbsp;&nbsp;&nbsp;&nbsp; Buraya kadar \u015fa\u015f\u0131lacak bir \u015fey yok fakat sonras\u0131nda b\u00fcy\u00fck bir sorun var.<\/p>\n\n\n\n<p>&nbsp;&nbsp;&nbsp;&nbsp;&nbsp;&nbsp;&nbsp; Saray mevcut Devlet\u2019i y\u0131k\u0131nca, kendi kadrolar\u0131n\u0131, kendi partisinin milyonlarca \u00fcyesini devlet olarak \u00f6rg\u00fctledi. Halk\u0131n yar\u0131dan fazlas\u0131 bu durumu g\u00f6rd\u00fc, d\u0131\u015fland\u0131\u011f\u0131n\u0131 fark etti. \u0130ktidar partisinin halk\u0131n yar\u0131dan fazlas\u0131n\u0131 kendi kaderine terk ederek kendisini Devlet olarak \u00f6rg\u00fctledi\u011fi anla\u015f\u0131ld\u0131. Yurtta\u015flar sa\u011fl\u0131\u011f\u0131n, e\u011fitimin, g\u00fcvenli\u011fin en has\u0131n\u0131n ve ucuzunun kendileri i\u00e7in de\u011fil onlar i\u00e7in, \u00f6tekiler, hatta yabanc\u0131lar i\u00e7in oldu\u011funu kendi hayat\u0131nda tecr\u00fcbe etti.<\/p>\n\n\n\n<p>Orta s\u0131n\u0131f muazzam bir gelir e\u015fitsizli\u011fi u\u00e7urumunun dibine yuvarlanarak par\u00e7aland\u0131. Damad\u0131n yaratt\u0131\u011f\u0131 karanl\u0131kta uyanan s\u0131radan insanlar Nebati\u2019nin \u0131\u015f\u0131ldayan g\u00f6zlerine bakarak, Medine dilencisi gibi dola\u015f\u0131p para arayan Maliye Bakan\u0131\u2019n\u0131n hareketlerini izleyerek; Dilan-Engin Polat \u00e7iftine, pastanede milyon dolarlar dolu \u00e7antalarla dola\u015fan &nbsp;me\u015fhur adamlara, villalarda oturan uluslararas\u0131 mafya \u015feflerine bakarak Saray\u2019\u0131n ekonomiyi nas\u0131l y\u00f6netti\u011fini iyice \u00f6\u011frendi.<\/p>\n\n\n\n<p>B\u00fcy\u00fck Uyan\u0131\u015f b\u00f6yle ba\u015flad\u0131.<\/p>\n\n\n\n<p>Saray &nbsp;ise b\u00fct\u00fcn icraatlar\u0131n\u0131n, gizli sakl\u0131 niyetlerinin de\u015fifre oldu\u011funu anlad\u0131. Yurtta\u015flar\u0131n giderek nefret ve \u00f6fkeyle doldu\u011funu, maa\u015f zamlar\u0131 ile fiyat art\u0131\u015flar\u0131 aras\u0131ndaki \u00f6l\u00fcmc\u00fcl yar\u0131\u015f\u0131n s\u00fcrd\u00fcr\u00fclemeyece\u011fini, ekonominin nass\u2019larla y\u00f6netilece\u011fine kimsenin inanmad\u0131\u011f\u0131n\u0131; i\u015f\u00e7ilerin, \u00f6\u011frenci velilerinin, Kemalist askerlerin hareketlenme belirtileri g\u00f6sterdi\u011fini, T\u00dcS\u0130AD\u2019\u0131n bile \u201ce\u011fitim sisteminde tarikat ve cemaatlere yer olmamal\u0131\u201d diye m\u0131r\u0131n k\u0131r\u0131n etmeye ba\u015flad\u0131\u011f\u0131n\u0131 g\u00f6rd\u00fc. Mart yerel se\u00e7imlerinden sonra uygulanacak s\u0131k\u0131 para politikalar\u0131n\u0131n, i\u015ften \u00e7\u0131karmalar\u0131n, dayan\u0131lmaz yoksulla\u015fman\u0131n nas\u0131l sonu\u00e7 verece\u011fini anlad\u0131. Haziran korkusu zaten benli\u011fini ele ge\u00e7irmi\u015f, hi\u00e7 azalmam\u0131\u015ft\u0131.<\/p>\n\n\n\n<p>Bir an \u00f6nce yasal g\u00fcvenceye kavu\u015fmak isteyen cemaat ve tarikatlar, paralar\u0131n\u0131 nereye istifleyece\u011fini bilemeyen lumpen burjuvazi, ulufenin kesilece\u011finden korkan b\u00fct\u00fcn \u00e7evreler Saray rejiminin s\u00fcrd\u00fcr\u00fclemez oldu\u011funu hissettik\u00e7e tela\u015fa kap\u0131ld\u0131 ve yeni bir anayasayla kar\u015f\u0131devrimin tamamlanmas\u0131 i\u00e7in Saray\u2019a a\u015fa\u011f\u0131dan bask\u0131 yapmaya ba\u015flad\u0131. Bunun \u00fczerine Saray, ilk kez bir se\u00e7im \u00f6ncesinde herkesi kapsay\u0131p kucaklama, hayat tarzlar\u0131na sayg\u0131 g\u00f6sterme s\u00f6ylemini terk ederek daha a\u00e7\u0131ktan oynamaya, iyice \u015f\u0131maran gerici zebanileri denetleme \u00e7abas\u0131n\u0131 gev\u015fetmeye, toplumun yar\u0131dan fazlas\u0131na kar\u015f\u0131 mevzilenmeye ba\u015flad\u0131.<\/p>\n\n\n\n<p>\u00c7at\u0131\u015fman\u0131n ilk top at\u0131\u015flar\u0131n\u0131 yerel se\u00e7imler \u00f6ncesinde bel alt\u0131 vuru\u015flar, siyas\u00ee manip\u00fclasyonlar, a\u015fa\u011f\u0131dan ve yukar\u0131dan azg\u0131n \u00e7\u0131k\u0131\u015flar bi\u00e7iminde g\u00f6rece\u011fiz. Anayasa Mahkemesi\u2019nin yok say\u0131lmas\u0131 bu s\u00fcrecin ilk ad\u0131m\u0131d\u0131r.<\/p>\n\n\n\n<p>Son se\u00e7imlerin hemen ard\u0131ndan Say\u0131n Reis \u00f6nce d\u0131\u015f cepheyi tahkim etti: AB\u2019ye iltifat, ABD ve NATO\u2019ya reverans; Do\u011fu Akdeniz ve K\u0131br\u0131s\u2019ta d\u00fc\u015f\u00fck profil, Ege\u2019de s\u0131cak dostluk\u2026&nbsp; Avrupa\u2019n\u0131n g\u00fcvenli\u011finin Saray\u2019\u0131n g\u00f6\u00e7men \/s\u0131\u011f\u0131nmac\u0131 politikas\u0131na ba\u011fl\u0131 oldu\u011funu b\u00fct\u00fcn medeni \u00e2lem alk\u0131\u015flarla kabul etti. B\u00f6ylece kusursuz bir gerici diktat\u00f6rl\u00fck kurma \u00e7abas\u0131na Bat\u0131\u2019dan gelebilecek tepkilerin \u00f6n\u00fc al\u0131nm\u0131\u015f oldu.<\/p>\n\n\n\n<p>\u015eimdi Saray, b\u00fct\u00fcn g\u00fc\u00e7lerini toplayarak i\u00e7 cepheye y\u00fcklenecektir.&nbsp; 2023 Anayasas\u0131\u2019yla \u201cde facto\u201d rejimini \u201cde jure\u201d h\u00e2le getirmek, yani fiili durumunu hukuk\u00ee yap\u0131yla ta\u00e7land\u0131rmak i\u00e7in son hamlesini yapacakt\u0131r.<\/p>\n\n\n\n<p>\u0130\u015fte burada zurnan\u0131n z\u0131rt dedi\u011fi yere gelmi\u015f bulunuyoruz.<\/p>\n\n\n\n<p>Bunu yapabilir mi? Halk\u0131n yar\u0131s\u0131n\u0131n b\u00fcy\u00fck uyan\u0131\u015f\u0131 tezah\u00fcr etmeye ba\u015flad\u0131\u011f\u0131nda elindeki bask\u0131 ayg\u0131tlar\u0131n\u0131n tam itaatini sonuna kadar sa\u011flayabilir mi?<\/p>\n\n\n\n<p>\u015eu yirmi y\u0131l i\u00e7inde siyas\u00ee iktidar\u0131n toplumun yar\u0131s\u0131na, ge\u00e7mi\u015fte asker\u00ee cunta, hatta baz\u0131 sivil iktidar d\u00f6nemlerinde bile g\u00f6r\u00fclen t\u00fcrde sahici bir bask\u0131, zul\u00fcm ve \u015feytan\u00ee provokasyonlar uygulad\u0131\u011f\u0131n\u0131 s\u00f6yleyemeyiz. &nbsp;Her zaman a\u00e7\u0131k konu\u015ftular, niyetlerini asla saklamad\u0131lar fakat temkinli manevralarla ilerlediler, has\u0131mlar\u0131n\u0131 cephe cepheye gelmeden, yandan yandan dolanarak saf d\u0131\u015f\u0131 b\u0131rakt\u0131lar. \u0130ktidar\u0131n zirvesinde bile \u201ctak\u0131yye\u201dden geri durmad\u0131lar. Lakin toplumsal buhran, y\u00f6netememe krizi, a\u015fa\u011f\u0131lardan, gerici tabandan gelen bask\u0131lar ve halk\u0131n yar\u0131s\u0131n\u0131n Hakikat\u2019e uyan\u0131\u015f\u0131 nedeniyle Saray, bu \u0131l\u0131ml\u0131 tutumunu art\u0131k s\u00fcrd\u00fcrmez. &nbsp;<\/p>\n\n\n\n<p>E\u015fi\u011fi atlay\u0131p hayalindeki rejimi kuramazsa, yaratt\u0131\u011f\u0131 gerici zebanileri denetleme g\u00fcc\u00fcn\u00fc kaybedecek, uyanan ilerici&nbsp; kitlelerle kar\u015f\u0131 kar\u015f\u0131ya gelecek ve ka\u00e7\u0131n\u0131lmaz bi\u00e7imde \u00e7\u00f6kecektir. Sonbahar\u0131n\u0131 ya\u015fayan her bask\u0131c\u0131 rejim gibi vidalar\u0131 s\u0131k\u0131\u015ft\u0131rmak, zart zurt ederek \u015fiddet kullanmak zorunda.<\/p>\n\n\n\n<p>Sonu\u00e7 olarak, \u0130ttihat ve Terakki\u2019yle ba\u015flay\u0131p 1961 Anayasas\u0131\u2019na uzanan \u00e7izgi ile H\u00fcrriyet ve \u0130tilaf\u2019la ba\u015flay\u0131p AKP iktidar\u0131na uzanan \u00e7izgi aras\u0131nda; ba\u015fka deyi\u015fle, mill\u00ee birlik ile anas\u0131r-\u0131 \u0130sl\u00e2m ya da millet ile \u00fcmmet aras\u0131nda kesin sonu\u00e7lu nihai hesapla\u015fma, \u00e7e\u015fitli ara evrelerden ge\u00e7ilse bile, ka\u00e7\u0131n\u0131lmaz g\u00f6r\u00fcnmektedir.&nbsp; &nbsp;<em>Veryans\u0131n,<\/em> 24. 12. 2023<\/p>\n","protected":false},"excerpt":{"rendered":"<p>Yavuz Alogan &nbsp;&nbsp;&nbsp;&nbsp;&nbsp;&nbsp;&nbsp; Devlet h\u00e2kim s\u0131n\u0131f ideolojisinin somutla\u015fm\u0131\u015f ifadesidir. Buradaki \u201cs\u0131n\u0131f\u201d elbette bir s\u0131n\u0131flar koalisyonu da olabilir, hatta bu koalisyona \u00e7e\u015fitli katmanlar, z\u00fcmreler de eklenebilir. B\u00f6ylece Devlet b\u00fct\u00fcn bunlar\u0131n toplam ideolojisinin somutla\u015fm\u0131\u015f ifadesi olur; asker ve sivil b\u00fcrokrasi bu ideolojiye g\u00f6re \u015fekillenir. &nbsp;&nbsp;&nbsp;&nbsp;&nbsp;&nbsp;&nbsp; T\u00fcrkiye\u2019de \u015fimdiki Devlet, Saray\u2019\u0131n yirmi y\u0131l i\u00e7inde yaratt\u0131\u011f\u0131 lumpen burjuvaziyi, \u00e7\u0131karlar\u0131na dokunulmad\u0131\u011f\u0131 &hellip; <\/p>\n<p class=\"link-more\"><a href=\"http:\/\/yavuzalogan.com\/?p=1541\" class=\"more-link\">Continue reading<span class=\"screen-reader-text\"> &#8220;B\u00dcY\u00dcK UYANI\u015e&#8221;<\/span><\/a><\/p>\n","protected":false},"author":1,"featured_media":0,"comment_status":"open","ping_status":"open","sticky":false,"template":"","format":"standard","meta":{"footnotes":""},"categories":[1],"tags":[],"class_list":["post-1541","post","type-post","status-publish","format-standard","hentry","category-uncategorized"],"_links":{"self":[{"href":"http:\/\/yavuzalogan.com\/index.php?rest_route=\/wp\/v2\/posts\/1541","targetHints":{"allow":["GET"]}}],"collection":[{"href":"http:\/\/yavuzalogan.com\/index.php?rest_route=\/wp\/v2\/posts"}],"about":[{"href":"http:\/\/yavuzalogan.com\/index.php?rest_route=\/wp\/v2\/types\/post"}],"author":[{"embeddable":true,"href":"http:\/\/yavuzalogan.com\/index.php?rest_route=\/wp\/v2\/users\/1"}],"replies":[{"embeddable":true,"href":"http:\/\/yavuzalogan.com\/index.php?rest_route=%2Fwp%2Fv2%2Fcomments&post=1541"}],"version-history":[{"count":1,"href":"http:\/\/yavuzalogan.com\/index.php?rest_route=\/wp\/v2\/posts\/1541\/revisions"}],"predecessor-version":[{"id":1543,"href":"http:\/\/yavuzalogan.com\/index.php?rest_route=\/wp\/v2\/posts\/1541\/revisions\/1543"}],"wp:attachment":[{"href":"http:\/\/yavuzalogan.com\/index.php?rest_route=%2Fwp%2Fv2%2Fmedia&parent=1541"}],"wp:term":[{"taxonomy":"category","embeddable":true,"href":"http:\/\/yavuzalogan.com\/index.php?rest_route=%2Fwp%2Fv2%2Fcategories&post=1541"},{"taxonomy":"post_tag","embeddable":true,"href":"http:\/\/yavuzalogan.com\/index.php?rest_route=%2Fwp%2Fv2%2Ftags&post=1541"}],"curies":[{"name":"wp","href":"https:\/\/api.w.org\/{rel}","templated":true}]}}