{"id":1538,"date":"2023-12-17T10:10:43","date_gmt":"2023-12-17T08:10:43","guid":{"rendered":"http:\/\/yavuzalogan.com\/?p=1538"},"modified":"2023-12-17T10:10:43","modified_gmt":"2023-12-17T08:10:43","slug":"sembolik-degeri-yuksek-olaylar","status":"publish","type":"post","link":"http:\/\/yavuzalogan.com\/?p=1538","title":{"rendered":"SEMBOL\u0130K DE\u011eER\u0130 Y\u00dcKSEK OLAYLAR"},"content":{"rendered":"\n<figure class=\"wp-block-image size-full\"><img loading=\"lazy\" decoding=\"async\" width=\"800\" height=\"450\" src=\"http:\/\/yavuzalogan.com\/wp-content\/uploads\/2023\/12\/Seyh-Sait.jpg\" alt=\"\" class=\"wp-image-1539\" srcset=\"http:\/\/yavuzalogan.com\/wp-content\/uploads\/2023\/12\/Seyh-Sait.jpg 800w, http:\/\/yavuzalogan.com\/wp-content\/uploads\/2023\/12\/Seyh-Sait-500x281.jpg 500w, http:\/\/yavuzalogan.com\/wp-content\/uploads\/2023\/12\/Seyh-Sait-768x432.jpg 768w\" sizes=\"auto, (max-width: 767px) 89vw, (max-width: 1000px) 54vw, (max-width: 1071px) 543px, 580px\" \/><\/figure>\n\n\n\n<p>Yavuz Alogan<\/p>\n\n\n\n<p>Zaman\u0131n ileriye do\u011fru hareket ederken her \u015feyi de\u011fi\u015ftiren, baz\u0131 \u015feyleri ezip ge\u00e7en b\u00fcy\u00fck silindiri bizim \u00fclkemizde zaman zaman sanki geriye d\u00f6nerek insanlar\u0131n belle\u011fini siliyor, sonra hi\u00e7 durmadan kald\u0131\u011f\u0131 yerden ilerlemeye devam ediyor.<\/p>\n\n\n\n<p>Hat\u0131rlam\u0131yoruz, akl\u0131m\u0131zda tutmuyoruz.<\/p>\n\n\n\n<p>Diyarbak\u0131r\u2019da \u015eeyh Sait Bulvar\u0131 a\u00e7\u0131ld\u0131 diye hop oturup hop kalk\u0131yoruz. &nbsp;Oysa Diyarbak\u0131r BB Meclisi,&nbsp; Da\u011fkap\u0131 Meydan\u0131\u2019n\u0131 dokuz y\u0131l \u00f6nce \u015eeyh Sait Meydan\u0131 yapt\u0131. Tunceli Belediyesi\u2019nin Seyit R\u0131za Park\u0131\u2019n\u0131 a\u00e7\u0131p, \u015fahs\u0131n heykelini dikmesinden bu yana on \u00fc\u00e7 y\u0131l ge\u00e7ti. Mu\u015f\u2019un Bulan\u0131k Belediyesi Mare\u015fal Fevzi \u00c7akmak Caddesi\u2019nin ad\u0131n\u0131 y\u0131llar \u00f6nce Seyit R\u0131za Caddesi olarak de\u011fi\u015ftirdi. CHP b\u00fct\u00fcn bu giri\u015fimlere sahip \u00e7\u0131kt\u0131, a\u00e7\u0131l\u0131\u015f ve anma t\u00f6renlerine kat\u0131ld\u0131, milletvekilleri &nbsp;\u015fahs\u0131n heykelinin yan\u0131nda dikilip foto\u011fraf \u00e7ektirdi. PKK\u2019nin uzant\u0131s\u0131 parti, solcu gibi duran liberaller ve&nbsp; sosyalist gibi duran partiler b\u00fct\u00fcn bunlar\u0131 \u201cdemokratik-tik\u201d d\u00f6n\u00fc\u015f\u00fcm olarak de\u011ferlendirdi.<\/p>\n\n\n\n<p>\u015eeyh Sait\u2019in h\u0131yanet-i vataniye\u2019den yarg\u0131lanm\u0131\u015f i\u015fbirlik\u00e7i bir ajan, Cumhuriyet\u2019in kurulu\u015f ilkelerine ve \u00fclkenin b\u00fct\u00fcnl\u00fc\u011f\u00fcne kasteden bir hain oldu\u011funu s\u00f6yleyenlere, \u015eeyh Hazretleri\u2019nin manevi \u015fahsiyetini tahkirden dava a\u00e7acak noktaya geldiler. &nbsp;Vahidettin\u2019e hain diyen \u0130zmir Belediye Ba\u015fkan\u0131\u2019na soru\u015fturma a\u00e7t\u0131lar.&nbsp; Bir iki y\u0131l i\u00e7inde bu noktaya geldiler. Burada niye dursunlar? Engelle kar\u015f\u0131la\u015fmad\u0131k\u00e7a ilerlemeye devam edecekler.<\/p>\n\n\n\n<p>\u0130skilipli At\u0131f\u2019\u0131n ismi ka\u00e7 cadde, hastane, okul ve parka verildi? \u00c7orum\u2019daki \u0130skilipli At\u0131f Hoca Park\u0131 devletin bakan\u0131 taraf\u0131ndan hizmete a\u00e7\u0131ld\u0131. Hoca Efendi\u2019nin kimli\u011fi Ankara\u2019daki bir mezarl\u0131kta DNA incelemesiyle saptand\u0131ktan sonra, kemikleri Devlet eliyle \u00c7orum\u2019a g\u00f6t\u00fcr\u00fcl\u00fcp&nbsp;&nbsp; sekiz s\u00fctunlu kubbeli an\u0131tmezara defnedildi. Vali ve devlet ric\u00e2li her \u00f6l\u00fcm y\u0131ld\u00f6n\u00fcm\u00fcnde mezar\u0131n ba\u015f\u0131na gidip ihtiram duru\u015funda bulunuyor.<\/p>\n\n\n\n<p>Bunlar sembolik de\u011feri \u00e7ok y\u00fcksek olaylard\u0131r. Saray\u2019\u0131n himayesi alt\u0131nda y\u00fcr\u00fct\u00fclmektedir. Reis\u2019in talimat\u0131 ya da onay\u0131 olmadan hangi kayy\u0131m \u015eeyh Sait Bulvar\u0131 a\u00e7abilir?<\/p>\n\n\n\n<p>Rejim 2023&nbsp; anayasas\u0131yla&nbsp; kar\u015f\u0131devrimini tamamlad\u0131\u011f\u0131 anda kanun \u00e7\u0131kar\u0131larak b\u00fct\u00fcn Cumhuriyet d\u00fc\u015fmanlar\u0131n\u0131n itibar\u0131 iade edilebilir.&nbsp; Ondan sonra Ankara\u2019daki Atat\u00fcrk Bulvar\u0131\u2019n\u0131n&nbsp; Sultan Vahidettin Bulvar\u0131\u2019na,&nbsp; Mithatpa\u015fa Caddesi\u2019nin D\u00fcrrizade Abdullah Efendi Caddesi\u2019ne, &nbsp;Selanik Caddesi\u2019nin Medine Caddesi\u2019ne,&nbsp; Necatibey Caddesi\u2019nin \u0130skilipli At\u0131f Caddesi\u2019ne,&nbsp; Ziya G\u00f6kalp Caddesi\u2019nin&nbsp; Saidi Nursi Caddesi\u2019ne, Tunal\u0131 Hilmi Caddesi\u2019nin &nbsp;Seyit R\u0131za Caddesi\u2019ne, Re\u015fit Galip Caddesi\u2019nin \u015eeyh Sait Caddesi\u2019ne d\u00f6n\u00fc\u015ft\u00fc\u011f\u00fcn\u00fc; Diyarbak\u0131r\u2019da Abdullah \u00d6calan Spor Tesisleri\u2019nin, Cizre\u2019de Bedirhan Bey Hastanesi\u2019nin, Mersin\u2019de Dervi\u015f Vahdeti Stadyum\u2019unun, Menemen\u2019de ise Kubilay An\u0131t\u0131\u2019n\u0131n yerine Dervi\u015f Mehmet An\u0131t\u0131\u2019n\u0131n a\u00e7\u0131ld\u0131\u011f\u0131n\u0131 g\u00f6rebiliriz.<\/p>\n\n\n\n<p>\u0130ade-i itibar g\u00f6r\u00fc\u015fmeleri s\u0131ras\u0131nda tek bir milletvekilinin \u00e7\u0131k\u0131p da \u0130ttihat ve Terakki\u2019nin siyaseten idam edilen (1926) Maliye Naz\u0131r\u0131 Cavit Bey\u2019in, Dahiliye Naz\u0131r\u0131 \u0130smail Canbulat Bey\u2019in ve te\u015fkilat\u0131n \u00f6rg\u00fct\u00e7\u00fcs\u00fc Doktor Naz\u0131m Bey\u2019in&nbsp;&nbsp; itibarlar\u0131n\u0131n iadesini, naa\u015flar\u0131n\u0131n muhtelif mezarlardan al\u0131narak H\u00fcrriyet-i Ebediyye tepesinde 31 Mart \u015fehitlerinin, Enver ve Talat Pa\u015falar\u0131n yan\u0131na defnedilmesini talep edece\u011fini sanm\u0131yorum. \u00c7a\u011f\u0131n ruhuna uymaz! TBMM\u2019nin ideolojik yap\u0131s\u0131na ters d\u00fc\u015fer! Taksim\u2019e Top\u00e7u K\u0131\u015flas\u0131\u2019n\u0131n, g\u00f6steri\u015fli meydanlar\u0131n birine Ermeni An\u0131t\u0131\u2019n\u0131n dikilmesi daha uygun d\u00fc\u015fecektir.<\/p>\n\n\n\n<p>Neyse, uzatmayal\u0131m\u2026<\/p>\n\n\n\n<p>Gidi\u015fat\u0131n ana istikametini g\u00f6steren sembolik olaylar vard\u0131r.&nbsp; Bu olaylar\u0131n ger\u00e7ekle\u015fti\u011fi zaman ve mek\u00e2nda bir mevzi a\u00e7\u0131p y\u0131\u011f\u0131nak yapmayanlar, y\u0131\u011f\u0131na\u011f\u0131 s\u00fcrekli takviye etmeyenler, Diyarbak\u0131r Kayy\u0131m\u0131\u2019n\u0131n \u015eeyh Sait Bulvar\u0131 a\u00e7mas\u0131 gibi olaylar olduk\u00e7a \u015fa\u015f\u0131rmaya devam edecekler, beyhude tarih tart\u0131\u015fmalar\u0131na giri\u015feceklerdir. Bu saatten sonra kimse kimseyi ikna edemez. Herkesin tarihi kendine!<\/p>\n\n\n\n<p>Marifet tarih tart\u0131\u015fmas\u0131yla Hakikat\u2019i aramak de\u011fil, zaman\u0131n okunu sapt\u0131rarak tarihsel s\u00fcreci de\u011fi\u015ftirmektir. Buna \u201cdevrim\u201d diyoruz.<\/p>\n\n\n\n<p>Ayasofya\u2019n\u0131n a\u00e7\u0131l\u0131\u015f\u0131 mesela, \u00e7ok \u00f6nemli bir sembolik olayd\u0131. Mustafa Kemal\u2019in inisiyatifiyle restore edilen ve onun imzas\u0131yla m\u00fcze yap\u0131lan (1934) Ayasofya\u2019n\u0131n ibadete a\u00e7\u0131l\u0131\u015f t\u00f6reni, Cumhuriyet Devrimi\u2019ne kar\u015f\u0131 en b\u00fcy\u00fck kalk\u0131\u015fma olmas\u0131n\u0131n yan\u0131 s\u0131ra tarihin en \u00f6nemli k\u0131r\u0131lma noktalar\u0131ndan biri oldu. &nbsp;24 Temmuz 2020 g\u00fcn\u00fc ba\u015fta Cumhurba\u015fkan\u0131 ve ona e\u015flik eden Genel Kurmay Ba\u015fkan\u0131, Kara, Deniz ve Hava Kuvvetleri komutanlar\u0131 ve Mill\u00ee Savunma Bakan\u0131 ve b\u00fct\u00fcn bakanlar, idar\u00ee ve m\u00fclki erk\u00e2n,&nbsp; &nbsp;Atat\u00fcrk\u2019e lanet okuyan k\u0131l\u0131\u00e7l\u0131 imam\u0131n arkas\u0131nda topluca namaza durarak&nbsp; Cumhuriyet\u2019in Ayd\u0131nlanma d\u00f6neminin sona erdi\u011fini ve T\u00fcrkiye\u2019nin art\u0131k laik bir \u00fclke olmad\u0131\u011f\u0131n\u0131 b\u00fct\u00fcn d\u00fcnyaya topluca ilan ettiler. T\u00f6reni m\u00fcteakiben Nur Cemaatinin Me\u015fveret Grubu\u2019nun lideri H\u00fcsn\u00fc Bayramo\u011flu ile Genel Kurmay Ba\u015fkan\u0131 yan yana foto\u011fraf \u00e7ektirdi. Gerici kalk\u0131\u015fmaya, b\u00fct\u00fcn tarikat ve cemaatlere verilen, sembolik de\u011feri \u00e7ok y\u00fcksek, b\u00fcy\u00fck bir g\u00fcvencedir. Bunu Devlet\u2019in kendisi yapt\u0131.<\/p>\n\n\n\n<p>Kar\u015f\u0131devrim ba\u015fka nas\u0131l olacakt\u0131? Oldu ve bitti! \u015eimdi bu saatten sonra laiklik ilkesi anayasada bir m\u00fcrekkep lekesi olarak kalsa ne olur, kalmasa ne olur?&nbsp; \u015eeyh Sait Bulvar\u0131, bu olay\u0131n yan\u0131nda devede kulak bile de\u011fildir.<\/p>\n\n\n\n<p>\u201cM\u0131\u015f\u201d gibi davran\u0131yoruz: T\u00fcrkiye\u2019de demokrasi var-m\u0131\u015f gibi, egemenlik millete ait-mi\u015f gibi, hukuk var-m\u0131\u015f ve yarg\u0131 ba\u011f\u0131ms\u0131z-m\u0131\u015f gibi, e\u011fitim bilimsel-mi\u015f, \u00fcniversiteler ger\u00e7ekten \u00fcniversitey-mi\u015f, sendikalar hakikaten sendikay-m\u0131\u015f, se\u00e7imlerle sorunlar \u00e7\u00f6z\u00fclebilir-mi\u015f, haklar Anayasa\u2019n\u0131n g\u00fcvencesi alt\u0131nday-m\u0131\u015f gibi\u2026&nbsp; yap\u0131yoruz.<\/p>\n\n\n\n<p>\u015eeyh Sait\u2019in vatan haini oldu\u011funu tarihten al\u0131nt\u0131larla kan\u0131tlamaya \u00e7al\u0131\u015f\u0131yoruz.&nbsp; Bulvar\u2019\u0131 a\u00e7an devletin kendisi! Yani burada devlete ba\u015fkald\u0131r\u0131 gibi bir \u015fey yok. Devlet kabuk de\u011fi\u015ftirmi\u015f, AKP\u2019nin suretine b\u00fcr\u00fcnerek kendi z\u0131dd\u0131na d\u00f6n\u00fc\u015fm\u00fc\u015f\u2026 Durmak yok diyerek yola devam ediyor.<\/p>\n\n\n\n<p>\u015eu yirmi y\u0131l i\u00e7inde gericili\u011fin ve b\u00f6l\u00fcc\u00fcl\u00fc\u011f\u00fcn geli\u015fim hatlar\u0131n\u0131 takip etmedik. N\u00fcfusun yar\u0131dan fazlas\u0131n\u0131n toplanaca\u011f\u0131 bir birle\u015fik cepheyle bu hatlar\u0131n \u00f6n\u00fcne y\u0131\u011f\u0131nak yapmad\u0131k. B\u00f6yle devam edersek \u00f6deyece\u011fimiz bedel bug\u00fcnden hayal bile edemeyece\u011fimiz kadar a\u011f\u0131r olacak.<\/p>\n\n\n\n<p>Sistemin siyas\u00ee partilerinden, bu partilerin mensuplar\u0131 da d\u00e2hil olmak \u00fczere halk\u0131n \u00e7o\u011funlu\u011funun umudu tamamen kesti\u011fi, se\u00e7imlerde korkularla, kayg\u0131larla, \u00f6fkelerle g\u00fcd\u00fclenerek oy verdi\u011fi \u015fartlarda siyas\u00ee partiler tiyatrosunu ve seyirlik se\u00e7im c\u00fcmb\u00fc\u015f\u00fcn\u00fc izlerken, her gerici ve b\u00f6l\u00fcc\u00fc hamleye g\u00fcn\u00fcbirlik tepkiler g\u00f6stererek ruhumuzu kurtar\u0131yoruz. Hakikat budur! &nbsp;<em>Veryans\u0131n<\/em>, 17. 12. 2023<\/p>\n","protected":false},"excerpt":{"rendered":"<p>Yavuz Alogan Zaman\u0131n ileriye do\u011fru hareket ederken her \u015feyi de\u011fi\u015ftiren, baz\u0131 \u015feyleri ezip ge\u00e7en b\u00fcy\u00fck silindiri bizim \u00fclkemizde zaman zaman sanki geriye d\u00f6nerek insanlar\u0131n belle\u011fini siliyor, sonra hi\u00e7 durmadan kald\u0131\u011f\u0131 yerden ilerlemeye devam ediyor. Hat\u0131rlam\u0131yoruz, akl\u0131m\u0131zda tutmuyoruz. Diyarbak\u0131r\u2019da \u015eeyh Sait Bulvar\u0131 a\u00e7\u0131ld\u0131 diye hop oturup hop kalk\u0131yoruz. &nbsp;Oysa Diyarbak\u0131r BB Meclisi,&nbsp; Da\u011fkap\u0131 Meydan\u0131\u2019n\u0131 dokuz y\u0131l &hellip; <\/p>\n<p class=\"link-more\"><a href=\"http:\/\/yavuzalogan.com\/?p=1538\" class=\"more-link\">Continue reading<span class=\"screen-reader-text\"> &#8220;SEMBOL\u0130K DE\u011eER\u0130 Y\u00dcKSEK OLAYLAR&#8221;<\/span><\/a><\/p>\n","protected":false},"author":1,"featured_media":0,"comment_status":"open","ping_status":"open","sticky":false,"template":"","format":"standard","meta":{"footnotes":""},"categories":[1],"tags":[],"class_list":["post-1538","post","type-post","status-publish","format-standard","hentry","category-uncategorized"],"_links":{"self":[{"href":"http:\/\/yavuzalogan.com\/index.php?rest_route=\/wp\/v2\/posts\/1538","targetHints":{"allow":["GET"]}}],"collection":[{"href":"http:\/\/yavuzalogan.com\/index.php?rest_route=\/wp\/v2\/posts"}],"about":[{"href":"http:\/\/yavuzalogan.com\/index.php?rest_route=\/wp\/v2\/types\/post"}],"author":[{"embeddable":true,"href":"http:\/\/yavuzalogan.com\/index.php?rest_route=\/wp\/v2\/users\/1"}],"replies":[{"embeddable":true,"href":"http:\/\/yavuzalogan.com\/index.php?rest_route=%2Fwp%2Fv2%2Fcomments&post=1538"}],"version-history":[{"count":1,"href":"http:\/\/yavuzalogan.com\/index.php?rest_route=\/wp\/v2\/posts\/1538\/revisions"}],"predecessor-version":[{"id":1540,"href":"http:\/\/yavuzalogan.com\/index.php?rest_route=\/wp\/v2\/posts\/1538\/revisions\/1540"}],"wp:attachment":[{"href":"http:\/\/yavuzalogan.com\/index.php?rest_route=%2Fwp%2Fv2%2Fmedia&parent=1538"}],"wp:term":[{"taxonomy":"category","embeddable":true,"href":"http:\/\/yavuzalogan.com\/index.php?rest_route=%2Fwp%2Fv2%2Fcategories&post=1538"},{"taxonomy":"post_tag","embeddable":true,"href":"http:\/\/yavuzalogan.com\/index.php?rest_route=%2Fwp%2Fv2%2Ftags&post=1538"}],"curies":[{"name":"wp","href":"https:\/\/api.w.org\/{rel}","templated":true}]}}