{"id":1534,"date":"2023-12-10T09:58:31","date_gmt":"2023-12-10T07:58:31","guid":{"rendered":"http:\/\/yavuzalogan.com\/?p=1534"},"modified":"2023-12-10T09:58:31","modified_gmt":"2023-12-10T07:58:31","slug":"hangisi-onemli","status":"publish","type":"post","link":"http:\/\/yavuzalogan.com\/?p=1534","title":{"rendered":"HANG\u0130S\u0130 \u00d6NEML\u0130"},"content":{"rendered":"\n<figure class=\"wp-block-image size-full is-resized\"><img loading=\"lazy\" decoding=\"async\" width=\"245\" height=\"205\" src=\"http:\/\/yavuzalogan.com\/wp-content\/uploads\/2023\/12\/Gordion.jpg\" alt=\"\" class=\"wp-image-1535\" style=\"aspect-ratio:1.1951219512195121;width:724px;height:auto\"\/><\/figure>\n\n\n\n<p>Yavuz Alogan<\/p>\n\n\n\n<p>&nbsp;&nbsp;&nbsp;&nbsp;&nbsp;&nbsp;&nbsp; \u0130nsan bazen bir \u015feyi kafas\u0131na tak\u0131yor, di\u011fer \u015feyleri kafas\u0131na takt\u0131\u011f\u0131 o \u015fey a\u00e7\u0131s\u0131ndan g\u00f6rmeye ba\u015fl\u0131yor. Mesela \u201c\u00d6nemli olan nedir?\u201d ya da \u201cHangisi di\u011ferinden daha \u00f6nemlidir?\u201d gibi sorular bende giderek tak\u0131nt\u0131 h\u00e2line gelmi\u015f bulunuyor.<\/p>\n\n\n\n<p>&nbsp;&nbsp;&nbsp;&nbsp;&nbsp;&nbsp;&nbsp; \u0130stanbul\u2019un her an k\u0131r\u0131labilece\u011fi s\u00f6ylenen, arada bir derinlerde \u00e7at\u0131rdad\u0131\u011f\u0131n\u0131 duyar gibi oldu\u011fum fay hatlar\u0131na paralel s\u00fcr\u00fc\u015f s\u0131ras\u0131nda, insan\u0131n y\u00fcz\u00fcn\u00fc b\u0131\u00e7ak gibi kesen \u015fiddetli poyraza direnmenin yan\u0131 s\u0131ra kaymamak i\u00e7in fren-pedal kombinasyonuyla denge tutturmaya \u00e7al\u0131\u015f\u0131rken, bisiklet tekerleriyle birlikte akl\u0131mda hep ayn\u0131 soru d\u00f6n\u00fcp duruyor: \u201cHangisi daha \u00f6nemlidir?\u201d<\/p>\n\n\n\n<p>&nbsp;&nbsp;&nbsp;&nbsp;&nbsp;&nbsp;&nbsp; Elbette yan\u0131tlar pe\u015f pe\u015fe geliyor\u2026<\/p>\n\n\n\n<p>&nbsp;&nbsp;&nbsp;&nbsp;&nbsp;&nbsp;&nbsp; E\u011fitim ekonomiden daha \u00f6nemlidir. \u00c7\u00fcnk\u00fc birincisinde kaybedilen zaman\u0131n telafisi yoktur, ikincisine nas\u0131l olsa zamanla bir \u00e7\u00f6z\u00fcm bulunur.<\/p>\n\n\n\n<p>&nbsp;&nbsp;&nbsp;&nbsp;&nbsp;&nbsp;&nbsp; Ulusal bilin\u00e7 s\u0131n\u0131f bilincine \u00f6nceliklidir. \u00c7\u00fcnk\u00fc yurtta\u015fl\u0131k bilinci geli\u015fmezse, etnik b\u00f6l\u00fcc\u00fcl\u00fck ve \u00fcmmet ideolojisi s\u0131n\u0131f bilincini \u00e7\u00fcr\u00fctmeye devam edecektir.<\/p>\n\n\n\n<p>&nbsp;&nbsp;&nbsp;&nbsp;&nbsp;&nbsp;&nbsp; \u0130mam\u0131 \u201cmanevi dan\u0131\u015fman\u201d diye okula sokan, ilkokul \u00f6\u011frencisine mezarl\u0131k gezdirdikten sonra bir de cami temizleten \u00c7EDES projesini velilerin toplu direni\u015fiyle i\u015flemez h\u00e2le getirmek, \u00e7evre sorunlar\u0131 i\u00e7in m\u00fccadele etmekten \u00e7ok daha \u00f6nemlidir. \u00c7\u00fcnk\u00fc kindar ve dindar bir nesli, ileride, s\u00f6z gelimi on y\u0131l sonra yeniden e\u011fitme imk\u00e2n\u0131 olmayacakt\u0131r, oysa \u00e7evrenin y\u0131k\u0131m\u0131 birka\u00e7 yasa, y\u00f6netmelik ve ruhsat iptaliyle en az\u0131ndan azalt\u0131labilir.<\/p>\n\n\n\n<p>&nbsp;&nbsp;&nbsp;&nbsp;&nbsp;&nbsp;&nbsp; Ordu\u2019nun siyasetten, tarikat ve cemaatlerden temizlenerek emir-komuta birli\u011finin sa\u011flanmas\u0131, ordunun en modern silah ve harp vas\u0131talar\u0131yla donat\u0131lmas\u0131ndan \u00e7ok daha \u00f6nemlidir. \u00c7\u00fcnk\u00fc birincisinin \u00e7ok daha nam\u00fcsait mahiyette tezah\u00fcr edecek ahval ve \u015ferait i\u00e7inde&nbsp; Balkan Facias\u0131\u2019n\u0131n (1912-1913) tekrar\u0131na m\u00fcncer olaca\u011f\u0131 a\u015fik\u00e2r iken, &nbsp;&nbsp;ikincisini sa\u011flamak modern asker\u00ee teknoloji ithalat\u0131 ve&nbsp; yerli Ar-Ge projeleriyle her zaman m\u00fcmk\u00fcnd\u00fcr.<\/p>\n\n\n\n<p>&nbsp;&nbsp;&nbsp;&nbsp;&nbsp;&nbsp;&nbsp; Bu arada konu a\u00e7\u0131lm\u0131\u015fken belirtelim, Cumhuriyet\u2019in 100. Y\u0131l\u0131 m\u00fcnasebetiyle Bo\u011faz\u2019da resmige\u00e7it yapan Deniz Kuvvetleri\u2019nin&nbsp;&nbsp;&nbsp; Vahidettin\u2019in K\u00f6\u015fk\u00fc\u2019n\u00fc sel\u00e2mlamas\u0131, gemilerin harp imk\u00e2n ve kabiliyetinden, f\u0131rlatt\u0131\u011f\u0131 f\u00fczelerin menzilinden \u00e7ok daha \u00f6nemlidir. \u00c7\u00fcnk\u00fc birincisi, Ordu\u2019nun Atat\u00fcrk \u0130lke ve \u0130nk\u0131l\u00e2plar\u0131\u2019na sadakatinin sorgulanmas\u0131na yol a\u00e7m\u0131\u015ft\u0131r, ikincisi ise bir talim-terbiye-teknoloji -\u00fcretim meselesidir.<\/p>\n\n\n\n<p>Bu arada ge\u00e7erken belirtelim, Montr\u00f6 Bo\u011fazlar S\u00f6zle\u015fmesi, Kanal \u0130stanbul Projesi\u2019nden \u00e7ok daha \u00f6nemlidir. Birincisi egemenlik ve g\u00fcvenlikle, ikincisi ise rantla ve i\u015fbirlik\u00e7ilikle ilgilidir. &nbsp;&nbsp;\u00d6te yanda Yunan adalar\u0131n\u0131n silahs\u0131zland\u0131r\u0131lmas\u0131 ve K\u0131br\u0131s d\u00e2hil Do\u011fu Akdeniz\u2019deki \u00e7\u0131karlar\u0131m\u0131z, T\u00fcrk-Yunan dostlu\u011fundan \u00e7ok daha \u00f6nemlidir. &nbsp;\u00c7\u0131karlar\u0131m\u0131z sahicidir, dostluk ise&nbsp; Bat\u0131\u2019dan s\u0131cak para &nbsp;ve siyas\u00ee destek alarak iktidar\u0131 s\u00fcrd\u00fcrmek i\u00e7in kotar\u0131lm\u0131\u015f&nbsp; sahte bir iyi niyet beyan\u0131d\u0131r.<\/p>\n\n\n\n<p>&nbsp;&nbsp;&nbsp;&nbsp;&nbsp;&nbsp;&nbsp; Diyarbak\u0131r kayy\u0131m\u0131n\u0131n \u015eeyh Sait Bulvar\u0131 a\u00e7mas\u0131, se\u00e7ilmi\u015f belediye ba\u015fkan\u0131n\u0131n yerine kayy\u0131m atanmas\u0131ndan \u00e7ok daha \u00f6nemlidir. \u00c7\u00fcnk\u00fc b\u00f6l\u00fcc\u00fcl\u00fck ile gericili\u011fin birle\u015fti\u011fini, yerel se\u00e7im s\u00fcrecinde bu birlik beraberli\u011fin g\u00fc\u00e7lenece\u011fini g\u00f6sterir. Kayy\u0131m Hazretleri \u201cBiz isme de\u011fil hizmete bak\u0131yoruz,\u201d demi\u015f. &nbsp;Burada \u00f6nemli olan hizmet de\u011fil isimdir. Hizmeti her belediye yapabilir fakat isim Cumhuriyet\u2019in temellerine sald\u0131r\u0131 niteli\u011finde oldu\u011fu i\u00e7in birg\u00fcn mutlaka kald\u0131r\u0131lacakt\u0131r.<\/p>\n\n\n\n<p>&nbsp;&nbsp;&nbsp;&nbsp;&nbsp;&nbsp;&nbsp; \u0130stanbul S\u00f6zle\u015fmesi\u2019nin Meclis taraf\u0131ndan kabul edilip Cumhurba\u015fkan\u0131 kararnamesiyle kald\u0131r\u0131lmas\u0131, Kad\u0131na Kar\u015f\u0131 \u015eiddetin \u00d6nlenmesine Dair 6284 Say\u0131l\u0131 Kanun\u2019un y\u00fcr\u00fcrl\u00fckte olmas\u0131ndan \u00e7ok daha \u00f6nemlidir. \u00c7\u00fcnk\u00fc hem kad\u0131nlar i\u00e7in uluslararas\u0131 g\u00fcvencesi olan bir korunma hakk\u0131n\u0131n tarikatlar ve cemaatler istedi diye kaybedilmesi anlam\u0131na gelmekte, hem de tarikat ve cemaatlerin yeni bir kararname imzalatarak 6284 Say\u0131l\u0131 Kanun\u2019u da kald\u0131rtabileceklerini g\u00f6stermektedir. &nbsp;<\/p>\n\n\n\n<p>&nbsp;&nbsp;&nbsp;&nbsp;&nbsp;&nbsp;&nbsp; Halk aras\u0131ndaki uzla\u015fmaz ideolojik \u00e7eli\u015fkinin \u00e7\u00f6z\u00fclmesi ve i\u00e7 cephenin kurularak tahkim edilmesi, serseri may\u0131n gibi f\u0131rt\u0131nal\u0131 sularda s\u00fcr\u00fcklenen d\u0131\u015f politikadan ve her t\u00fcrl\u00fc jeopolitik-jeostratejik kayg\u0131dan \u00e7ok daha \u00f6nemlidir. \u00c7\u00fcnk\u00fc birincisini ba\u015faramad\u0131\u011f\u0131n\u0131z zaman ikincisinden gelen ve gelecek olan tehditleri bertaraf edemezsiniz, daha tehlikeli h\u00e2le getirirsiniz.<\/p>\n\n\n\n<p>&nbsp;&nbsp;&nbsp;&nbsp;&nbsp;&nbsp;&nbsp; Halk\u0131n m\u00fcnhas\u0131ran kendisine de\u011fen her sorunda ba\u011f\u0131ms\u0131z \u00f6rg\u00fctlenerek direni\u015fe ge\u00e7mesi, siyas\u00ee partilerin varl\u0131\u011f\u0131ndan, i\u00e7 \u00e7eki\u015fmelerinden ve iti\u015fmelerinden \u00e7ok daha \u00f6nemlidir. Siyas\u00ee topluma demokrasi terbiyesi verir, partilerin taban\u0131ndaki insanlara siyaseten kader mahk\u00fbmu olmad\u0131klar\u0131n\u0131 hissettirir.<\/p>\n\n\n\n<p>Bu ba\u011flamda Urfa Organize Sanayi B\u00f6lgesi\u2019ndeki \u00d6zak Tekstil i\u015f\u00e7ilerinin jandarmaya direni\u015fi, sosyalistlerin Kad\u0131k\u00f6y belediyesi i\u00e7in aday \u00e7\u0131karmalar\u0131ndan \u00e7ok daha \u00f6nemlidir. \u00c7\u00fcnk\u00fc Ba\u011f\u0131ms\u0131z Maden-\u0130\u015f Sendikas\u0131 \u00d6rg\u00fctlenme Uzman\u0131 Ba\u015faran Aksu\u2019nun belirtti\u011fi gibi, \u00d6zak i\u015f\u00e7ilerinin direni\u015fi \u201cb\u00fct\u00fcn Anadolu\u2019yu tutu\u015fturabilecek, k\u0131v\u0131lc\u0131m\u0131 her yere yayabilecek\u201d devrimci bir potansiyel ta\u015f\u0131maktad\u0131r.&nbsp; Belediye adayl\u0131\u011f\u0131 ise seyirlik se\u00e7im g\u00f6sterisinde&nbsp;&nbsp; etkisiz\/seyircisiz bir sahne a\u00e7maktan ba\u015fka bir \u015fey de\u011fildir.<\/p>\n\n\n\n<p>Gene bu ba\u011flamda, yerel se\u00e7imlerin siyaset baronlar\u0131n\u0131n rant payla\u015f\u0131m sava\u015f\u0131ndan ibaret oldu\u011funu anlamak, yerel se\u00e7imlerin \u201cde\u011fi\u015fim\u201d getirece\u011fini sanmaktan \u00e7ok daha \u00f6nemlidir; en az\u0131ndan zihne k\u00fc\u015f\u00e2yi\u015f (parlakl\u0131k) verir ve bak\u0131\u015f a\u00e7\u0131s\u0131n\u0131 de\u011fi\u015ftirir, \u00f6fke potansiyelinin sisteme kanalizasyonunu \u00f6nler.<\/p>\n\n\n\n<p>&nbsp;&nbsp;&nbsp;&nbsp;&nbsp;&nbsp;&nbsp; 1961 Anayasas\u0131\u2019n\u0131, haz\u0131rlanma y\u00f6ntemi (Kurucu Meclis\/Konvansiyon\/Toplum S\u00f6zle\u015fmesi) ve i\u00e7eri\u011fiyle, getirdi\u011fi \u00f6zg\u00fcrl\u00fcklerle birlikte savunmak, 2023 Anayasas\u0131\u2019n\u0131n kurucu vasf\u0131 olmayan Saray meclisinde haz\u0131rlanmas\u0131na itiraz ederek yak\u0131nmaktan\/a\u011fla\u015fmaktan \u00e7ok daha \u00f6nemlidir. Birincisi b\u00fct\u00fcn toplumu tarihin i\u00e7inden bakarak savunmakt\u0131r, ikincisi ise se\u00e7eneksizlerin \u00e7aresizli\u011fidir.<\/p>\n\n\n\n<p>&nbsp;&nbsp;&nbsp;&nbsp;&nbsp;&nbsp;&nbsp; Akademik bilgi pop\u00fcler k\u00fclt\u00fcrden daha \u00f6nemlidir. G\u00fcn\u00fcm\u00fczde Akademi \u00e7\u00f6kt\u00fc\u011f\u00fc i\u00e7in pop\u00fcler k\u00fclt\u00fcr bilim seviyesine y\u00fckselmi\u015ftir.&nbsp; Hi\u00e7bir referans noktas\u0131, g\u00f6r\u00fc\u015f alan\u0131 olmayan pop\u00fcler tarih\u00e7iler, bilim adam\u0131 k\u0131l\u0131\u011f\u0131ndaki \u015farlatanlar, s\u00fcrekli kitap yazarak ya da g\u00f6rsellerde anlatarak at\u0131p tutmakta, her \u015feyi yeniden ke\u015ffedip tuhaf renklere boyayarak okurun ya da seyircinin zihnine tecav\u00fcz etmektedirler. \u00d6te yanda Osmanl\u0131\u2019n\u0131n alayl\u0131 pa\u015falar\u0131n\u0131 and\u0131ran dandik profes\u00f6rler apartman \u015feklindeki \u00fcniversitelere rekt\u00f6r olmakta, konu\u015fma \u00f6zg\u00fcrl\u00fc\u011f\u00fcn\u00fc a\u015f\u0131r\u0131 derecede kullanan sahici profes\u00f6rler ise \u015fi\u015f g\u00f6beklerini keyifle hoplatarak halka hakaret etmektedirler.<\/p>\n\n\n\n<p>Do\u011fru bilgiye ula\u015fmak i\u00e7in zahmetli okuma\/d\u00fc\u015f\u00fcnme\/k\u0131yaslama s\u00fcre\u00e7lerinden ge\u00e7mek, sosyal medya \u00e7\u00f6pl\u00fc\u011f\u00fcnde e\u015felenmekten ve tepinmekten \u00e7ok daha \u00f6nemlidir. Birincisi kal\u0131c\u0131d\u0131r, yarat\u0131c\u0131l\u0131\u011fa imk\u00e2n sa\u011flar, ikincisi ise kuru g\u00fcr\u00fclt\u00fcd\u00fcr.<\/p>\n\n\n\n<p>&nbsp;&nbsp;&nbsp;&nbsp;&nbsp;&nbsp;&nbsp; Sorular\u0131n \u00f6nem s\u0131ras\u0131 elbette de\u011fi\u015ftirilebilir, k\u0131yaslamalar sonsuz \u00e7o\u011falt\u0131labilir.&nbsp; B\u00fct\u00fcn bunlar mevcut sorunlar\u0131n tek bir b\u00fcy\u00fck Gordion d\u00fc\u011f\u00fcm\u00fc olarak, \u00e7\u00f6z\u00fcmleriyle birlikte \u201csiyas\u00ee iktidar\u201dda topland\u0131\u011f\u0131n\u0131 g\u00f6stermektedir. \u0130ktidar\u0131 alan sorunlar\u0131 \u00e7\u00f6zme f\u0131rsat\u0131n\u0131 yakalar. <em>Veryans\u0131n<\/em>, 10. 12.2003<\/p>\n","protected":false},"excerpt":{"rendered":"<p>Yavuz Alogan &nbsp;&nbsp;&nbsp;&nbsp;&nbsp;&nbsp;&nbsp; \u0130nsan bazen bir \u015feyi kafas\u0131na tak\u0131yor, di\u011fer \u015feyleri kafas\u0131na takt\u0131\u011f\u0131 o \u015fey a\u00e7\u0131s\u0131ndan g\u00f6rmeye ba\u015fl\u0131yor. Mesela \u201c\u00d6nemli olan nedir?\u201d ya da \u201cHangisi di\u011ferinden daha \u00f6nemlidir?\u201d gibi sorular bende giderek tak\u0131nt\u0131 h\u00e2line gelmi\u015f bulunuyor. &nbsp;&nbsp;&nbsp;&nbsp;&nbsp;&nbsp;&nbsp; \u0130stanbul\u2019un her an k\u0131r\u0131labilece\u011fi s\u00f6ylenen, arada bir derinlerde \u00e7at\u0131rdad\u0131\u011f\u0131n\u0131 duyar gibi oldu\u011fum fay hatlar\u0131na paralel s\u00fcr\u00fc\u015f s\u0131ras\u0131nda, insan\u0131n &hellip; <\/p>\n<p class=\"link-more\"><a href=\"http:\/\/yavuzalogan.com\/?p=1534\" class=\"more-link\">Continue reading<span class=\"screen-reader-text\"> &#8220;HANG\u0130S\u0130 \u00d6NEML\u0130&#8221;<\/span><\/a><\/p>\n","protected":false},"author":1,"featured_media":0,"comment_status":"open","ping_status":"open","sticky":false,"template":"","format":"standard","meta":{"footnotes":""},"categories":[1],"tags":[],"class_list":["post-1534","post","type-post","status-publish","format-standard","hentry","category-uncategorized"],"_links":{"self":[{"href":"http:\/\/yavuzalogan.com\/index.php?rest_route=\/wp\/v2\/posts\/1534","targetHints":{"allow":["GET"]}}],"collection":[{"href":"http:\/\/yavuzalogan.com\/index.php?rest_route=\/wp\/v2\/posts"}],"about":[{"href":"http:\/\/yavuzalogan.com\/index.php?rest_route=\/wp\/v2\/types\/post"}],"author":[{"embeddable":true,"href":"http:\/\/yavuzalogan.com\/index.php?rest_route=\/wp\/v2\/users\/1"}],"replies":[{"embeddable":true,"href":"http:\/\/yavuzalogan.com\/index.php?rest_route=%2Fwp%2Fv2%2Fcomments&post=1534"}],"version-history":[{"count":1,"href":"http:\/\/yavuzalogan.com\/index.php?rest_route=\/wp\/v2\/posts\/1534\/revisions"}],"predecessor-version":[{"id":1536,"href":"http:\/\/yavuzalogan.com\/index.php?rest_route=\/wp\/v2\/posts\/1534\/revisions\/1536"}],"wp:attachment":[{"href":"http:\/\/yavuzalogan.com\/index.php?rest_route=%2Fwp%2Fv2%2Fmedia&parent=1534"}],"wp:term":[{"taxonomy":"category","embeddable":true,"href":"http:\/\/yavuzalogan.com\/index.php?rest_route=%2Fwp%2Fv2%2Fcategories&post=1534"},{"taxonomy":"post_tag","embeddable":true,"href":"http:\/\/yavuzalogan.com\/index.php?rest_route=%2Fwp%2Fv2%2Ftags&post=1534"}],"curies":[{"name":"wp","href":"https:\/\/api.w.org\/{rel}","templated":true}]}}