{"id":1530,"date":"2023-12-03T10:40:16","date_gmt":"2023-12-03T08:40:16","guid":{"rendered":"http:\/\/yavuzalogan.com\/?p=1530"},"modified":"2023-12-03T10:40:16","modified_gmt":"2023-12-03T08:40:16","slug":"degisim-nedir","status":"publish","type":"post","link":"http:\/\/yavuzalogan.com\/?p=1530","title":{"rendered":"DE\u011e\u0130\u015e\u0130M NED\u0130R?"},"content":{"rendered":"\n<figure class=\"wp-block-image size-large\"><img loading=\"lazy\" decoding=\"async\" width=\"1024\" height=\"492\" src=\"http:\/\/yavuzalogan.com\/wp-content\/uploads\/2023\/12\/DEgisim-Goya-1024x492.png\" alt=\"\" class=\"wp-image-1531\" srcset=\"http:\/\/yavuzalogan.com\/wp-content\/uploads\/2023\/12\/DEgisim-Goya-1024x492.png 1024w, http:\/\/yavuzalogan.com\/wp-content\/uploads\/2023\/12\/DEgisim-Goya-500x240.png 500w, http:\/\/yavuzalogan.com\/wp-content\/uploads\/2023\/12\/DEgisim-Goya-768x369.png 768w, http:\/\/yavuzalogan.com\/wp-content\/uploads\/2023\/12\/DEgisim-Goya-1536x738.png 1536w, http:\/\/yavuzalogan.com\/wp-content\/uploads\/2023\/12\/DEgisim-Goya.png 1916w\" sizes=\"auto, (max-width: 767px) 89vw, (max-width: 1000px) 54vw, (max-width: 1071px) 543px, 580px\" \/><\/figure>\n\n\n\n<p>Yavuz Alogan<\/p>\n\n\n\n<p>&nbsp;&nbsp;&nbsp;&nbsp;&nbsp;&nbsp;&nbsp; Sorunlar\u0131 s\u0131n\u0131fland\u0131rmak ve s\u0131ralamak do\u011fru d\u00fc\u015f\u00fcnme y\u00f6nteminin esas\u0131n\u0131 olu\u015fturur. &nbsp;<\/p>\n\n\n\n<p>S\u0131n\u0131fland\u0131rd\u0131\u011f\u0131n\u0131z sorunlar\u0131 tek tek, birbirine kar\u0131\u015ft\u0131rmadan fakat aralar\u0131nda ba\u011flant\u0131 kurarak \u00e7\u00f6z\u00fcmlemeniz gerekir. \u00c7\u00f6z\u00fcmlemedi\u011finiz, anlamad\u0131\u011f\u0131n\u0131z sorunu \u00e7\u00f6zemezsiniz. Sorunlar\u0131 anlay\u0131p \u00e7\u00f6z\u00fcmledikten sonra onlar\u0131 s\u0131ralaman\u0131z,&nbsp; bir sorunlar hiyerar\u015fisi olu\u015fturman\u0131z gerekir, \u00e7\u00fcnk\u00fc baz\u0131 sorunlar \u00f6nceliklidir, di\u011fer sorunlar\u0131n da \u00e7\u00f6z\u00fclmesini sa\u011flar.<\/p>\n\n\n\n<p>&nbsp;&nbsp;&nbsp;&nbsp;&nbsp;&nbsp;&nbsp; Ba\u015fka deyi\u015fle bir sorunun \u00e7\u00f6z\u00fcm\u00fcnde ba\u015fka sorunlar\u0131n \u00e7\u00f6z\u00fcm\u00fcn\u00fc bulabilir ya da bu sorunlar\u0131n \u00e7\u00f6z\u00fcm\u00fcn\u00fc ba\u015flatabilirsiniz.<\/p>\n\n\n\n<p>&nbsp;&nbsp;&nbsp;&nbsp;&nbsp;&nbsp;&nbsp; Mesela hilafet sorunu \u00e7\u00f6z\u00fcld\u00fc\u011f\u00fcnde (3 Mart 1924), ayn\u0131 g\u00fcn i\u00e7inde tevhid-i tedrisat yasas\u0131n\u0131n \u00e7\u0131kar\u0131lmas\u0131, iki sene sonra Mecelle\u2019nin yerine T\u00fcrk Medeni Kanunu\u2019nun kabul\u00fc (1926) m\u00fcmk\u00fcn olmu\u015f; ard\u0131ndan, bilimsel \u00f6rg\u00fcn e\u011fitim ve halk e\u011fitimiyle laiklik ilkesinin anayasaya girmesi (1937) i\u00e7in gerekli sosyal ortam haz\u0131rlanm\u0131\u015ft\u0131r. &nbsp;Yani bir \u015fey de\u011fi\u015fti\u011fi i\u00e7in (hilafetin kald\u0131r\u0131lmas\u0131), di\u011fer \u015feyler (laik bilimsel e\u011fitim, medeni kanun vb) m\u00fcmk\u00fcn olabilmi\u015ftir.<\/p>\n\n\n\n<p>&nbsp;&nbsp;&nbsp;&nbsp;&nbsp;&nbsp;&nbsp; Demek ki s\u0131ralamada acil olan\u0131 \u00f6ne almak, esas halkay\u0131 yakalamak belirleyicidir.<\/p>\n\n\n\n<p>&nbsp;&nbsp;&nbsp;&nbsp;&nbsp;&nbsp;&nbsp; G\u00fcn\u00fcm\u00fczde de ayn\u0131 y\u00f6ntem ge\u00e7erli. \u00d6nce halk aras\u0131ndaki uzla\u015fmaz ideolojik \u00e7eli\u015fkiyi (i\u00e7 sava\u015f potansiyeli), bu \u00e7eli\u015fkiyi \u00e7arpan etkisiyle a\u011f\u0131rla\u015ft\u0131ran demografik bozulma sorunuyla birlikte \u00e7\u00f6zeceksiniz.&nbsp; Bu sorunu \u00e7\u00f6zemezseniz, mevcut sorunlar\u0131n hi\u00e7birini \u00e7\u00f6zemezsiniz. Bu sorun \u00e7\u00f6z\u00fcms\u00fcz kald\u0131\u011f\u0131 s\u00fcrece, di\u011fer sorunlar i\u00e7in buldu\u011funuz her \u00e7\u00f6z\u00fcm, \u00e7at\u0131\u015fma ortam\u0131nda daha b\u00fcy\u00fck bir sorun olarak kar\u015f\u0131n\u0131za \u00e7\u0131kacakt\u0131r.<\/p>\n\n\n\n<p>&nbsp;&nbsp;&nbsp;&nbsp;&nbsp;&nbsp;&nbsp; \u00c7\u00f6z\u00fcm\u00fcn ancak siyas\u00ee iktidar konumundan gelebilece\u011fini de unutmayacaks\u0131n\u0131z. &nbsp;Siyas\u00ee iktidar\u0131n bu sorunu neden \u00e7\u00f6zmek istemedi\u011fini, tam tersine azd\u0131rmak i\u00e7in elinden geleni yapt\u0131\u011f\u0131n\u0131 da bu arada d\u00fc\u015f\u00fcneceksiniz.<\/p>\n\n\n\n<p>&nbsp;&nbsp;&nbsp;&nbsp;&nbsp;&nbsp;&nbsp; Bu soruna dokunmadan ittifaklar sorununu ana halka olarak kavrarsan\u0131z (\u00f6nce NATO\u2019dan, AB\u2019den \u00e7\u0131kal\u0131m!) sorunlar\u0131 de\u011fil, \u00fclkeyi \u00e7\u00f6zm\u00fc\u015f olursunuz.<\/p>\n\n\n\n<p>Siyas\u00ee iktidar\u0131n kurdu\u011fu sistemin \u00fclkeyi g\u00f6t\u00fcrmekte oldu\u011fu yer tart\u0131\u015fmaya yer b\u0131rakmayacak kadar a\u00e7\u0131kt\u0131r: \u015feriat kurallar\u0131n\u0131n h\u00e2kim oldu\u011fu bir t\u00fcr Ortado\u011fu diktat\u00f6rl\u00fc\u011f\u00fc! &nbsp;Tepede diktat\u00f6r, a\u015fa\u011f\u0131da onu me\u015fru g\u00f6rerek rant payla\u015f\u0131m\u0131 i\u00e7in birbiriyle bo\u011fu\u015fan fikirsiz ve ilkesiz siyas\u00ee partiler! Bir t\u00fcr yozla\u015fm\u0131\u015f me\u015fruti monar\u015fi\u2026<\/p>\n\n\n\n<p>&nbsp;&nbsp;&nbsp;&nbsp;&nbsp;&nbsp;&nbsp; &nbsp;Manzara-i umumiye bundan ibarettir.<\/p>\n\n\n\n<p>&nbsp;&nbsp;&nbsp;&nbsp;&nbsp;&nbsp;&nbsp;&nbsp;&nbsp; Bunu de\u011fi\u015ftirmeden neyi de\u011fi\u015ftirecek, hangi ittifaktan \u00e7\u0131k\u0131p nereye gireceksiniz?&nbsp;<\/p>\n\n\n\n<p>&nbsp;Mevcut ko\u015fullarda Bat\u0131\u2019yla ba\u011flar\u0131 koparmak, uluslararas\u0131 \u00f6rg\u00fctlerden ve her t\u00fcrl\u00fc d\u0131\u015f denetimden \u00e7\u0131kmak, &nbsp;sadece diktat\u00f6rl\u00fck s\u00fcrecini h\u0131zland\u0131racak, onu &nbsp;kolayla\u015ft\u0131racak ve yerle\u015ftirecektir. Bat\u0131\u2019yla zaten \u00e7at\u0131\u015fmakta olan potansiyel m\u00fcttefikler (Rusya ve \u00c7in) &nbsp;kopu\u015f s\u00fcrecini ba\u015flatmaya yeltendi\u011fi anda siyas\u00ee iktidar\u0131 destekleyecekler, onun ba\u015fat ideolojisini kutsayacaklard\u0131r. Zaten T\u00fcrkiye\u2019yi de\u011fil, bat\u0131 kar\u015f\u0131t\u0131 oldu\u011fu \u00f6l\u00e7\u00fcde AKP zihniyetini desteklemektedirler.<\/p>\n\n\n\n<p>&nbsp;&nbsp;&nbsp;&nbsp;&nbsp;&nbsp;&nbsp; Fakat Bat\u0131 bizi b\u00f6lmeye \u00e7al\u0131\u015f\u0131yor!<\/p>\n\n\n\n<p>&nbsp;&nbsp;&nbsp;&nbsp;&nbsp;&nbsp;&nbsp; Elbette \u00e7al\u0131\u015f\u0131r. Siz kendinizi b\u00f6lm\u00fc\u015fs\u00fcn\u00fcz.<\/p>\n\n\n\n<p>Ba\u015f\u0131n\u0131zdaki Saray \u00fcniter ulus-devlet ilkesini b\u00fct\u00fcn d\u00fcnyan\u0131n g\u00f6z\u00fc \u00f6n\u00fcnde sorgulam\u0131\u015f, \u00fclkenin 36 etnik gruptan m\u00fcte\u015fekkil bir anas\u0131r-\u0131 \u0130sl\u00e2m (farkl\u0131 etnik unsurlar\u0131n \u0130slam\u2019da birli\u011fi) oldu\u011funu ilan etmi\u015f; milleti \u00fcmmet olarak tan\u0131mlam\u0131\u015f; Osmanl\u0131 eyalet sistemini alenen savunmu\u015f, hatta uygulamaya te\u015febb\u00fcs etmi\u015f; \u201c\u00e7\u00f6z\u00fcm s\u00fcreci\u201dyle federasyon, konfederasyon,&nbsp; demokratik-tik \u00f6zerklik gibi konular\u0131 b\u00fct\u00fcn d\u00fcnyan\u0131n g\u00f6z\u00fc \u00f6n\u00fcnde tart\u0131\u015ft\u0131rm\u0131\u015f, solcu gibi duran tan\u0131nm\u0131\u015f neoliberal entelijansiyay\u0131 bu y\u00f6nde may\u0131n e\u015fe\u011fi olarak kullanm\u0131\u015f\u2026&nbsp; Fakat &nbsp;\u201c\u00e7\u00f6z\u00fcm s\u00fcrecinde\u201d oy kaybetti\u011fini g\u00f6r\u00fcnce durmu\u015f. Bu kez \u201ciri olaca\u011f\u0131z, diri olaca\u011f\u0131z\u201d demeye ba\u015flam\u0131\u015f fakat b\u00f6l\u00fcc\u00fc partinin siyasette kilit konumuna, meclisteki temsiliyetine muhaf\u0131zl\u0131k ederek yeni bir \u201c\u00e7\u00f6z\u00fcm s\u00fcreci\u201dni hep canl\u0131 tutmu\u015f. &nbsp;&nbsp;&nbsp;<\/p>\n\n\n\n<p>\u201cBenim kimli\u011fim yanl\u0131\u015f, ben asl\u0131nda bu \u015fey de\u011fil ba\u015fka bir \u015feyim\u201d derseniz, d\u0131\u015f g\u00fc\u00e7lerin bir k\u0131sm\u0131 elinize hemen yeni bir kimlik tutu\u015fturmaya \u00e7al\u0131\u015f\u0131r, di\u011fer bir k\u0131sm\u0131 da \u201csen hakikaten ba\u015fka bir \u015feysin, bu yolda devam et, asl\u0131na d\u00f6n,\u201d diye sizi alk\u0131\u015flar.<\/p>\n\n\n\n<p>Siz yolu bizzat a\u00e7arsan\u0131z elbette sizi b\u00f6lmeye, \u0130srail\u2019e stratejik derinlik kazand\u0131racak m\u00fcttefik bir K\u00fcrt devletini s\u0131n\u0131rlar\u0131n\u0131z\u0131n i\u00e7ine sokmaya, sizi asker\u00ee olarak d\u00f6rt bir yandan ku\u015fat\u0131p her konuda taviz koparmaya \u00e7al\u0131\u015f\u0131rlar. &nbsp;&nbsp;Eski haritalar\u0131 \u00e7\u0131kar\u0131p g\u00f6zden ge\u00e7irirler, kimlik sorununuzu a\u011f\u0131rla\u015ft\u0131rmak i\u00e7in ellerinden geleni yaparlar. &nbsp;<\/p>\n\n\n\n<p>Marifet bat\u0131l\u0131lar\u0131n b\u00f6yle \u015feyleri ak\u0131llar\u0131ndan bile ge\u00e7iremeyecekleri kadar g\u00fc\u00e7l\u00fc, itibarl\u0131, \u015faibesiz, demokrasinin b\u00fct\u00fcn kurum ve kurallar\u0131n\u0131 i\u015fleten bir sistem kurabilmek, sa\u011flam bir Toplum S\u00f6zle\u015fmesi\u2019yle kimli\u011finizi b\u00fct\u00fcn d\u00fcnyaya kabul ettirebilmektir. O zaman i\u00e7inde bulundu\u011funuz ittifaklar\u0131n size bak\u0131\u015f\u0131 de\u011fi\u015fir, ba\u011f\u0131ms\u0131z d\u0131\u015f politika imk\u00e2n\u0131 do\u011far, \u00f6n\u00fcn\u00fczdeki se\u00e7enekleri de\u011ferlendirirsiniz.<\/p>\n\n\n\n<p>NATO ve AB elbette bizim modernli\u011fimizin, sek\u00fcler hayat tarz\u0131m\u0131z\u0131n g\u00fcvencesi de\u011fildir ve hi\u00e7 olmam\u0131\u015ft\u0131r. Biz modern, \u00fcretken,&nbsp; yurtta\u015f hukukuna ba\u011fl\u0131, kad\u0131n&nbsp; ve \u00e7ocuk haklar\u0131na sayg\u0131l\u0131&nbsp; uygar bir \u00fcniter ulus-devlet kurdu\u011fumuzda, \u00e7ok partili hayata ge\u00e7i\u015f denemeleri yapt\u0131\u011f\u0131m\u0131zda, ne NATO ne de AB vard\u0131. Irk\u00e7\u0131l\u0131k ve fa\u015fizm Avrupa\u2019y\u0131 kas\u0131p kavuruyordu.<\/p>\n\n\n\n<p>Muazzam bir ba\u015flang\u0131\u00e7 yapt\u0131k fakat Cumhuriyetimizin kurulu\u015f ilkelerine s\u00fcreklilik kazand\u0131ramad\u0131k, at\u0131lan temelleri geli\u015ftiremedik, Devrim Kanunlar\u0131\u2019n\u0131 ve 1961 Anayasas\u0131\u2019n\u0131n getirdi\u011fi kurumlar\u0131 ve denetim mekanizmalar\u0131n\u0131 muhafaza ve m\u00fcdafaa edemedik.<\/p>\n\n\n\n<p>Sorunlar\u0131n \u00e7\u00f6z\u00fcm\u00fc buradan ba\u015flayacak.<\/p>\n\n\n\n<p>D\u00fc\u015ft\u00fc\u011f\u00fcn\u00fcz yerden kalkars\u0131n\u0131z. D\u00fc\u015ft\u00fc\u011f\u00fcn\u00fcz yerde hayal kurmazs\u0131n\u0131z.&nbsp; &nbsp;&nbsp;Sorunlar\u0131n d\u00fc\u011f\u00fcmlendi\u011fi nokta siyas\u00ee iktidar\u0131n kendisi ve onun kurdu\u011fu sistemdir. \u0130ktidar ve sistem, kitlelerin kat\u0131l\u0131m\u0131yla de\u011fi\u015ftirilmedik\u00e7e, hi\u00e7bir \u015fey de\u011fi\u015fmez. &nbsp;<\/p>\n\n\n\n<p>B\u00f6yle bir de\u011fi\u015fim i\u00e7in \u00f6nce bak\u0131\u015f a\u00e7\u0131s\u0131n\u0131 de\u011fi\u015ftirmek gerekir.<\/p>\n\n\n\n<p>Siyas\u00ee partilerin rant\/servet payla\u015f\u0131m sava\u015f\u0131na d\u00f6n\u00fc\u015fm\u00fc\u015f bo\u011fu\u015fmalar\u0131ndan, kar\u015f\u0131l\u0131kl\u0131 at\u0131\u015fma ve dala\u015fmalar\u0131ndan medet umacak, onlar\u0131n niyetlerine \u00e2let olacak ve\/ya da mevcut sisteme yol g\u00f6sterip g\u00f6n\u00fcll\u00fc dan\u0131\u015fmanl\u0131k yapacak yerde, devrimci bir bak\u0131\u015f a\u00e7\u0131s\u0131 geli\u015ftirmek gerekir.&nbsp;<\/p>\n\n\n\n<p>Bakt\u0131\u011f\u0131n\u0131z \u015feyin g\u00f6r\u00fcnt\u00fcs\u00fcne al\u0131\u015fmayacaks\u0131n\u0131z, olanlar\u0131 normal kar\u015f\u0131lamayacaks\u0131n\u0131z, istibdad\u0131 kanun \u00e7\u0131karabiliyor diye me\u015fru kabul etmeyeceksiniz, ona ak\u0131l \u00f6\u011fretmeye de \u00e7al\u0131\u015fmayacaks\u0131n\u0131z. Tebe\u015firle yere \u00e7izilmi\u015f dairenin i\u00e7inde durmayacaks\u0131n\u0131z, d\u0131\u015f\u0131na \u00e7\u0131kacaks\u0131n\u0131z. De\u011fi\u015fim budur, b\u00f6yle ba\u015flar! <em>Veryans\u0131n<\/em>, 03. 12. 2023<\/p>\n","protected":false},"excerpt":{"rendered":"<p>Yavuz Alogan &nbsp;&nbsp;&nbsp;&nbsp;&nbsp;&nbsp;&nbsp; Sorunlar\u0131 s\u0131n\u0131fland\u0131rmak ve s\u0131ralamak do\u011fru d\u00fc\u015f\u00fcnme y\u00f6nteminin esas\u0131n\u0131 olu\u015fturur. &nbsp; S\u0131n\u0131fland\u0131rd\u0131\u011f\u0131n\u0131z sorunlar\u0131 tek tek, birbirine kar\u0131\u015ft\u0131rmadan fakat aralar\u0131nda ba\u011flant\u0131 kurarak \u00e7\u00f6z\u00fcmlemeniz gerekir. \u00c7\u00f6z\u00fcmlemedi\u011finiz, anlamad\u0131\u011f\u0131n\u0131z sorunu \u00e7\u00f6zemezsiniz. Sorunlar\u0131 anlay\u0131p \u00e7\u00f6z\u00fcmledikten sonra onlar\u0131 s\u0131ralaman\u0131z,&nbsp; bir sorunlar hiyerar\u015fisi olu\u015fturman\u0131z gerekir, \u00e7\u00fcnk\u00fc baz\u0131 sorunlar \u00f6nceliklidir, di\u011fer sorunlar\u0131n da \u00e7\u00f6z\u00fclmesini sa\u011flar. &nbsp;&nbsp;&nbsp;&nbsp;&nbsp;&nbsp;&nbsp; Ba\u015fka deyi\u015fle bir sorunun \u00e7\u00f6z\u00fcm\u00fcnde &hellip; <\/p>\n<p class=\"link-more\"><a href=\"http:\/\/yavuzalogan.com\/?p=1530\" class=\"more-link\">Continue reading<span class=\"screen-reader-text\"> &#8220;DE\u011e\u0130\u015e\u0130M NED\u0130R?&#8221;<\/span><\/a><\/p>\n","protected":false},"author":1,"featured_media":0,"comment_status":"open","ping_status":"open","sticky":false,"template":"","format":"standard","meta":{"footnotes":""},"categories":[1],"tags":[],"class_list":["post-1530","post","type-post","status-publish","format-standard","hentry","category-uncategorized"],"_links":{"self":[{"href":"http:\/\/yavuzalogan.com\/index.php?rest_route=\/wp\/v2\/posts\/1530","targetHints":{"allow":["GET"]}}],"collection":[{"href":"http:\/\/yavuzalogan.com\/index.php?rest_route=\/wp\/v2\/posts"}],"about":[{"href":"http:\/\/yavuzalogan.com\/index.php?rest_route=\/wp\/v2\/types\/post"}],"author":[{"embeddable":true,"href":"http:\/\/yavuzalogan.com\/index.php?rest_route=\/wp\/v2\/users\/1"}],"replies":[{"embeddable":true,"href":"http:\/\/yavuzalogan.com\/index.php?rest_route=%2Fwp%2Fv2%2Fcomments&post=1530"}],"version-history":[{"count":1,"href":"http:\/\/yavuzalogan.com\/index.php?rest_route=\/wp\/v2\/posts\/1530\/revisions"}],"predecessor-version":[{"id":1532,"href":"http:\/\/yavuzalogan.com\/index.php?rest_route=\/wp\/v2\/posts\/1530\/revisions\/1532"}],"wp:attachment":[{"href":"http:\/\/yavuzalogan.com\/index.php?rest_route=%2Fwp%2Fv2%2Fmedia&parent=1530"}],"wp:term":[{"taxonomy":"category","embeddable":true,"href":"http:\/\/yavuzalogan.com\/index.php?rest_route=%2Fwp%2Fv2%2Fcategories&post=1530"},{"taxonomy":"post_tag","embeddable":true,"href":"http:\/\/yavuzalogan.com\/index.php?rest_route=%2Fwp%2Fv2%2Ftags&post=1530"}],"curies":[{"name":"wp","href":"https:\/\/api.w.org\/{rel}","templated":true}]}}