{"id":1522,"date":"2023-11-19T10:55:08","date_gmt":"2023-11-19T08:55:08","guid":{"rendered":"http:\/\/yavuzalogan.com\/?p=1522"},"modified":"2023-11-19T10:55:08","modified_gmt":"2023-11-19T08:55:08","slug":"reel-politika-ihtiyaci","status":"publish","type":"post","link":"http:\/\/yavuzalogan.com\/?p=1522","title":{"rendered":"REEL POL\u0130T\u0130KA \u0130HT\u0130YACI"},"content":{"rendered":"\n<figure class=\"wp-block-image size-large\"><img loading=\"lazy\" decoding=\"async\" width=\"1024\" height=\"682\" src=\"http:\/\/yavuzalogan.com\/wp-content\/uploads\/2023\/11\/Turkiye-icin-karar-vakti-1024x682.jpg\" alt=\"\" class=\"wp-image-1523\" srcset=\"http:\/\/yavuzalogan.com\/wp-content\/uploads\/2023\/11\/Turkiye-icin-karar-vakti-1024x682.jpg 1024w, http:\/\/yavuzalogan.com\/wp-content\/uploads\/2023\/11\/Turkiye-icin-karar-vakti-450x300.jpg 450w, http:\/\/yavuzalogan.com\/wp-content\/uploads\/2023\/11\/Turkiye-icin-karar-vakti-768x511.jpg 768w, http:\/\/yavuzalogan.com\/wp-content\/uploads\/2023\/11\/Turkiye-icin-karar-vakti.jpg 1368w\" sizes=\"auto, (max-width: 767px) 89vw, (max-width: 1000px) 54vw, (max-width: 1071px) 543px, 580px\" \/><\/figure>\n\n\n\n<p>Yavuz Alogan<\/p>\n\n\n\n<p>T\u00fcrkiye\u2019nin Saray Rejimi alt\u0131nda Bat\u0131\u2019dan siyas\u00ee ve k\u00fclt\u00fcrel kopu\u015funu isteyenler ve bekleyenler, &nbsp;kar\u015f\u0131devrim s\u00fcrecinin tamamlanmas\u0131na pe\u015finen raz\u0131 olmu\u015flard\u0131r. Raz\u0131 olduklar\u0131 \u015fey,&nbsp; milletin \u00fcmmet olarak tan\u0131mlanmas\u0131, Devlet\u2019in din\u00ee esaslarla, toplumun da yeni bir mecelle ahk\u00e2m\u0131yla, yani \u0130slam\u00ee \u00f6zel hukuk kurallar\u0131yla y\u00f6netilmesidir.<\/p>\n\n\n\n<p>Saray Rejimi\u2019nin yaratt\u0131\u011f\u0131 iktisad\u00ee ve toplumsal ko\u015fullar, rejimin siyas\u00ee toplum \u00fczerinde kurdu\u011fu ideolojik hegemonyayla birlikte dikkate al\u0131nd\u0131\u011f\u0131nda, Bat\u0131\u2019dan kopu\u015fun farkl\u0131 bir sonu\u00e7 vermesi kesinlikle imk\u00e2ns\u0131zd\u0131r.<\/p>\n\n\n\n<p>Ba\u015fka deyi\u015fle, Bat\u0131\u2019dan kopu\u015f, daha demokratik, yurtta\u015f haklar\u0131na sayg\u0131l\u0131, emek\u00e7i kesimlerin \u00f6rg\u00fctlenmesine yol a\u00e7an bir rejimin kurulmas\u0131na yol a\u00e7mayacak, Saray\u2019a kendi program\u0131n\u0131 h\u0131zla tamamlama imk\u00e2n\u0131 sa\u011flayacakt\u0131r.<\/p>\n\n\n\n<p>&nbsp;&nbsp;&nbsp;&nbsp;&nbsp;&nbsp;&nbsp; Siyas\u00ee kopu\u015ftan NATO\u2019dan \u00e7\u0131k\u0131lmas\u0131n\u0131, AB perspektifinin terk edilmesini; k\u00fclt\u00fcrel kopu\u015ftan ise g\u00fcn\u00fcm\u00fczde mill\u00ee olarak tan\u0131mlanan \u0130sl\u00e2m\u00ee&nbsp; hayat tarz\u0131na ters d\u00fc\u015fen ya da onunla \u00e7eli\u015fen her t\u00fcrl\u00fc&nbsp; k\u00fclt\u00fcrel yarat\u0131c\u0131l\u0131\u011f\u0131n ve faaliyetin Devlet eliyle g\u00f6zden d\u00fc\u015f\u00fcr\u00fclmesini, zamanla yasaklanmas\u0131n\u0131 anl\u0131yoruz. K\u00fclt\u00fcrel kopu\u015f zaten ba\u015flam\u0131\u015ft\u0131r ve s\u00fcrmektedir.<\/p>\n\n\n\n<p>&nbsp;&nbsp;&nbsp;&nbsp;&nbsp;&nbsp;&nbsp; T\u00fcrkiye i\u00e7in bu kopu\u015f kesin ve geri d\u00f6n\u00fc\u015fs\u00fcz olacakt\u0131r. Mesela Rusya i\u00e7in bu kesinlik ge\u00e7erli de\u011fildir. Sosyal gelenekleri, dini ve k\u00fclt\u00fcr\u00fcyle Rusya&nbsp; 16. y\u00fczy\u0131ldan g\u00fcn\u00fcm\u00fcze zaten Bat\u0131 k\u00fclt\u00fcr\u00fcn\u00fcn i\u00e7inde geli\u015fmi\u015f, evrensel k\u00fclt\u00fcre katk\u0131da bulunmu\u015f, Ayd\u0131nlanma \u00e7a\u011f\u0131n\u0131n kazan\u0131mlar\u0131n\u0131 i\u00e7selle\u015ftirmi\u015f, e\u011fitim, bilim ve teknikte ula\u015ft\u0131\u011f\u0131 y\u00fcksek seviyeyi korumu\u015ftur.&nbsp; Siyas\u00ee\/\u00e7at\u0131\u015fmal\u0131 konjonkt\u00fcr sona erdi\u011finde Rusya\u2019n\u0131n siyas\u00ee entegrasyonu kald\u0131\u011f\u0131 yerden devam edecek, k\u00fclt\u00fcrel yap\u0131s\u0131 ve sosyal g\u00f6renekleri de\u011fi\u015fmeyecektir.<\/p>\n\n\n\n<p>&nbsp;&nbsp;&nbsp;&nbsp;&nbsp;&nbsp;&nbsp; T\u00fcrkiye ise son yirmi y\u0131l i\u00e7inde her bak\u0131mdan gerilemi\u015f, a\u011f\u0131r bir toplumsal anomi ya\u015fayarak Cumhuriyet Devrimi\u2019nin getirdi\u011fi neredeyse b\u00fct\u00fcn siyas\u00ee ve k\u00fclt\u00fcrel normlar\u0131 kaybetmi\u015f, a\u011f\u0131r bir varolu\u015fsal sorunun i\u00e7ine yuvarlanarak kimli\u011fini kaybetmi\u015f, \u00fcmmet ithalat\u0131yla demografik yap\u0131s\u0131 bozulmu\u015f, siyas\u00ee iktidar\u0131n bilin\u00e7li olarak halk aras\u0131nda yaratt\u0131\u011f\u0131 uzla\u015fmaz \u00e7eli\u015fkiler vahim bir i\u00e7 sava\u015f potansiyeli yaratm\u0131\u015ft\u0131r.<\/p>\n\n\n\n<p>&nbsp;&nbsp;&nbsp;&nbsp;&nbsp;&nbsp;&nbsp; NATO\u2019dan \u00e7\u0131kmas\u0131 ya da \u00e7\u0131kar\u0131lmas\u0131 durumunda T\u00fcrkiye\u2019nin Adalar Denizi, Do\u011fu Akdeniz ve K\u0131br\u0131s, Balkanlar, G\u00fcney Kafkasya ve Karadeniz \u00fczerinden kar\u015f\u0131la\u015ft\u0131\u011f\u0131 bask\u0131 ve tehditler artacak ve Sevr Haritas\u0131 yeniden g\u00fcndeme gelebilecektir. Bu&nbsp; ortamda Rusya\u2019n\u0131n I. D\u00fcnya Sava\u015f\u0131 jeopoliti\u011fini g\u00f6zden ge\u00e7irmesi, II. Nikolay\u2019\u0131n asker\u00ee uzmanlar\u0131n\u0131n \u0130stanbul\u2019un ve Marmara\u2019n\u0131n fethi i\u00e7in haz\u0131rlad\u0131klar\u0131 ayr\u0131nt\u0131l\u0131 planlar\u0131 en az\u0131ndan hat\u0131rlamas\u0131, taleplerde bulunmas\u0131 beklenmelidir (bu konuda bkz. Altay Cengizer 2017, \u00f6zellikle Bl.19, s. 511-555).<\/p>\n\n\n\n<p>Rusya\u2019n\u0131n T\u00fcrkiye\u2019yle ittifak\u0131 stratejik de\u011fil taktiktir; Karadeniz jeopoliti\u011finin, Ukrayna sava\u015f\u0131n\u0131n ve enerji krizinin dinamikleriyle belirlenmi\u015ftir ve bunlarla s\u0131n\u0131rl\u0131d\u0131r. Rusya, T\u00fcrkiye\u2019yi &nbsp;g\u00fcneyindeki \u201cb\u00f6lgesel devletler\u201dden biri olarak g\u00f6rmekte, Karadeniz jeopoliti\u011fi nedeniyle&nbsp; \u00f6nemsemektedir.&nbsp; NATO\u2019yla ters d\u00fc\u015ft\u00fc\u011f\u00fc, Bat\u0131 kar\u015f\u0131t\u0131 e\u011filimler sergiledi\u011fi \u00f6l\u00e7\u00fcde AKP\u2019yi ve onun kar\u015f\u0131 devrimini desteklemeyi s\u00fcrd\u00fcrecektir. &nbsp;\u00c7in de AKP\u2019yi Bat\u0131\u2019dan koptu\u011fu \u00f6l\u00e7\u00fcde destekleyecektir; tam bir kopu\u015fun ger\u00e7ekle\u015fmesi h\u00e2linde,&nbsp; jeopolitik (T\u00fcrkiye limanlar\u0131n\u0131n, stratejik tesislerinin sat\u0131n al\u0131nmas\u0131) ve ekonomik (kendi halk\u0131n\u0131n refah seviyesini art\u0131rmak i\u00e7in ucuz T\u00fcrk i\u015fg\u00fcc\u00fcn\u00fcn s\u00f6m\u00fcr\u00fclmesi i\u00e7in bat\u0131l\u0131 firmalar\u0131n terk etti\u011fi alanlara yat\u0131r\u0131mlar vs) hedeflerini g\u00f6zetecektir.<\/p>\n\n\n\n<p>B\u00fct\u00fcn bu nedenlerden \u00f6t\u00fcr\u00fc mevcut konjonkt\u00fcr, yani ekonomik, toplumsal, k\u00fclt\u00fcrel, jeopolitik ko\u015fullardan olu\u015fan toplu durum dikkate al\u0131nd\u0131\u011f\u0131nda,&nbsp; Amiral Cihat Yayc\u0131\u2019n\u0131n \u201cT\u00fcrkiye\u2019nin NATO \u00fcyeli\u011fi T\u00fcrkiye\u2019yi NATO\u2019dan koruyor\u201d s\u00f6z\u00fc reel politik ger\u00e7e\u011fin ifadesidir. Reel politika mevcut durumdan ve k\u00fcresel g\u00fc\u00e7 dengelerinden hareket eder, ideolojik kayg\u0131lar\u0131, i\u00e7 kamuoyunun bask\u0131s\u0131n\u0131, siyas\u00ee iktidar partisinin se\u00e7men kayg\u0131lar\u0131n\u0131, se\u00e7im hedeflerini dikkate almaz.<\/p>\n\n\n\n<p>T\u00fcrkiye NATO\u2019nun i\u00e7inde kalarak, Kuzey Atlantik \u0130ttifak\u0131 i\u00e7inde kendi hak ve yetkilerini sonuna kadar kullanmal\u0131, kendi taleplerini ve tezlerini savunmal\u0131d\u0131r.<\/p>\n\n\n\n<p>Bu y\u00f6nde baz\u0131 geli\u015fmeler olumludur.<\/p>\n\n\n\n<p>Mesela Deniz Kuvvetleri Komutan\u0131 Oramiral Tatl\u0131o\u011flu\u2019nun \u201cKaradeniz\u2019de ABD ve NATO\u2019yu istemiyoruz\u201d \u00e7\u0131k\u0131\u015f\u0131,&nbsp; Cumhuriyet\u2019in Y\u00fcz\u00fcnc\u00fc Y\u0131l T\u00f6reni\u2019nde donanman\u0131n Vahidettin K\u00f6\u015fk\u00fc\u2019n\u00fc selamlamas\u0131na ra\u011fmen, \u00e7ok \u00f6nemli ve de\u011ferlidir. 2011\u2019de&nbsp; yurtsever Kemalist amiraller ABD\u2019nin taleplerine kar\u015f\u0131 Karadeniz g\u00fcvenli\u011fini k\u0131y\u0131da\u015f \u00fclkelerin sa\u011flamas\u0131n\u0131 ve Montr\u00f6\u2019ye uyulmas\u0131n\u0131 savunduklar\u0131 i\u00e7in tutuklanm\u0131\u015flard\u0131. \u015eimdi ayn\u0131 g\u00f6r\u00fc\u015f\u00fc Kuvvet Komutan\u0131\u2019ndan i\u015fitiyoruz. NATO\u2019nun i\u00e7inde kalarak NATO\u2019ya direnmek, d\u0131\u015f\u0131na \u00e7\u0131k\u0131p NATO\u2019yu cepheye alarak direnmekten daha kolayd\u0131r.<\/p>\n\n\n\n<p>Devlet\u2019in ba\u015f\u0131nda kim olursa olsun g\u00f6ze batan jeopolitik duruma kay\u0131ts\u0131z kalamayaca\u011f\u0131n\u0131 anl\u0131yoruz.&nbsp; Fakat bunlar yetmez\u2026 Tezlerinizi, taleplerinizi kabul ettirebilmeniz i\u00e7in itibarl\u0131 olman\u0131z, demokratik kurumlar\u0131n ve i\u00e7 cephenin deste\u011fini alman\u0131z gerekir. &nbsp;<\/p>\n\n\n\n<p>T\u00fcrkiye\u2019nin rejim sorununu \u00e7\u00f6zmesi, Kemalist Devrimi tamamlayarak Toplum S\u00f6zle\u015fmesi\u2019ni yenilemesi, halk aras\u0131ndaki uzla\u015fmaz \u00e7eli\u015fkileri \u00e7\u00f6z\u00fcme ba\u011flayarak \u0130\u00e7 Cephe\u2019yi tahkim etmesi, bir Kurucu Meclis\u2019in yapaca\u011f\u0131 anayasayla&nbsp; laik, demokratik, sosyal hukuk devletini b\u00fct\u00fcn kurumlar\u0131 ve kuvvetler ay\u0131r\u0131m\u0131\/dengesiyle yeniden kurmas\u0131, Saray\u2019\u0131n yetkilerini TBMM\u2019ye, Cumhur\u2019un temsilini de \u00c7ankaya K\u00f6\u015fk\u00fc\u2019ne iade etmesi gerekir.<\/p>\n\n\n\n<p>T\u00fcrkiye bunu yapabilecek tarihsel birikime sahiptir. Sa\u011fc\u0131, solcu, \u00fclk\u00fcc\u00fc, dindar, ateist herkesin,&nbsp; her t\u00fcrl\u00fc muhalefetin yurtta\u015fl\u0131k bilinciyle bu birikime sahip \u00e7\u0131kmas\u0131 gerekir. &nbsp;Tam ba\u011f\u0131ms\u0131zl\u0131k, temsil kabiliyeti olan sahici bir parlamenter sistem, iktisadi ve toplumsal kalk\u0131nma, laik bilimsel e\u011fitim \u00fczerinde en geni\u015f mutabakat\u0131 sa\u011flamak zorunludur.<\/p>\n\n\n\n<p>Bu rejim nas\u0131l de\u011fi\u015fir, yaratt\u0131\u011f\u0131 tehlikeler nas\u0131l bertaraf edilir diye d\u00fc\u015f\u00fcnmek, nereden \u00e7\u0131k\u0131p nereye girelim, kiminle ittifak edelim diye d\u00fc\u015f\u00fcnmekten daha g\u00fcncel, ak\u0131lc\u0131 ve ger\u00e7ek\u00e7idir. Kuraca\u011f\u0131n\u0131z hi\u00e7bir ittifak i\u00e7 sorununuzu \u00e7\u00f6zmeyecektir.<\/p>\n\n\n\n<p>Fakat \u00f6ncelikle T\u00fcrkiye\u2019nin geleneksel d\u0131\u015f politika konseptine ve karar alma y\u00f6ntemlerine hemen, acilen d\u00f6nmesi zorunludur. En \u00f6nemlisi, siyas\u00ee iktidar\u0131n Hamas-\u0130srail \u00e7at\u0131\u015fmas\u0131nda oldu\u011fu gibi ideolojik saplant\u0131larla hareket etmesini \u00f6nlemek, sava\u015flar\u0131n yay\u0131lma e\u011filimi g\u00f6sterdi\u011fi bir ortamda so\u011fukkanl\u0131 reel politika izlemek gerekir.&nbsp;<\/p>\n\n\n\n<p>Arap Birli\u011fi ve \u0130sl\u00e2m Birli\u011fi zirve toplant\u0131s\u0131nda b\u00fct\u00fcn devletler&nbsp; Gazze \u00e7at\u0131\u015fmas\u0131nda&nbsp; Filistin Kurtulu\u015f \u00d6rg\u00fct\u00fc\u2019n\u00fc (FK\u00d6) Filistin halk\u0131n\u0131n me\u015fru temsilcisi olarak muhatap al\u0131rken ve \u201cT\u00fcm Filistinli grup ve g\u00fc\u00e7lere FK\u00d6 \u00e7at\u0131s\u0131 alt\u0131nda toplanma ve FK\u00d6\u2019n\u00fcn liderli\u011findeki ulusal ortakl\u0131k \u00e7er\u00e7evesindeki sorumluluklar\u0131n\u0131 yerine getirme\u201d \u00e7a\u011fr\u0131s\u0131 yaparken, Say\u0131n Saray\u2019\u0131n Hamas\u2019tan yana neredeyse militan bir &nbsp;tav\u0131r sergilemesi diplomatik bir facia olmu\u015ftur. \u00dcstelik d\u00fcr\u00fcst bir tutum da de\u011fildir. K\u00fcrecik \u00dcss\u00fc \u00e7al\u0131\u015f\u0131yor ve Amerikan u\u00e7aklar\u0131 \u0130ncirlik\u2019ten kalk\u0131p K\u0131br\u0131s\u2019taki Agratur \u00fcss\u00fc \u00fczerinden&nbsp; \u0130srail\u2019e Filistinlileri \u00f6ld\u00fcrmesi i\u00e7in m\u00fchimmat ta\u015f\u0131yor (bkz. Fikret Akf\u0131rat, \u201c\u0130ncirlik\u2019ten \u0130srail\u2019e Silah Ta\u015f\u0131nd\u0131,\u201d <em>Ayd\u0131nl\u0131k<\/em>, 19. 11.23).<\/p>\n\n\n\n<p>L\u00fcbnan Hizbullah\u2019\u0131 ve \u0130ran bile ihtiyatl\u0131 bir dil kullan\u0131rken, Say\u0131n Reis\u2019in&nbsp; \u00f6\u011frenci derne\u011fi ba\u015fkan\u0131 gibi davranarak, kendi halk\u0131n\u0131n \u00e7oluk \u00e7ocuk par\u00e7alanarak, yak\u0131larak, ezilerek \u00f6lmesine ve vatan\u0131n\u0131 kaybetmesine sebep olan, \u00fcstelik \u0130srail\u2019le sava\u015fma kapasitesi de g\u00f6steremeyen Hamas\u2019\u0131 \u201ckurtulu\u015f ve m\u00fccahit grubu\u201d olarak muhatap almas\u0131 ne i\u00e7eride ne de d\u0131\u015far\u0131da politik getirisi olabilecek bir g\u00f6steri\u015ften ibarettir.<\/p>\n\n\n\n<p>Devletler bu \u015fekilde karar almazlar, devlet ba\u015fkanlar\u0131 duygular\u0131yla konu\u015fmazlar. Devlet\u2019in karar alma tarz\u0131 ve ideolojik saplant\u0131n\u0131n tezah\u00fcr\u00fc olarak duygusall\u0131k, ba\u015fl\u0131 ba\u015f\u0131na bir beka sorunu olarak \u00fclkenin gelece\u011fini tehdit etmektedir. &nbsp;<em>Veryans\u0131n<\/em>, 19. 11. 2023<\/p>\n","protected":false},"excerpt":{"rendered":"<p>Yavuz Alogan T\u00fcrkiye\u2019nin Saray Rejimi alt\u0131nda Bat\u0131\u2019dan siyas\u00ee ve k\u00fclt\u00fcrel kopu\u015funu isteyenler ve bekleyenler, &nbsp;kar\u015f\u0131devrim s\u00fcrecinin tamamlanmas\u0131na pe\u015finen raz\u0131 olmu\u015flard\u0131r. Raz\u0131 olduklar\u0131 \u015fey,&nbsp; milletin \u00fcmmet olarak tan\u0131mlanmas\u0131, Devlet\u2019in din\u00ee esaslarla, toplumun da yeni bir mecelle ahk\u00e2m\u0131yla, yani \u0130slam\u00ee \u00f6zel hukuk kurallar\u0131yla y\u00f6netilmesidir. Saray Rejimi\u2019nin yaratt\u0131\u011f\u0131 iktisad\u00ee ve toplumsal ko\u015fullar, rejimin siyas\u00ee toplum \u00fczerinde kurdu\u011fu ideolojik &hellip; <\/p>\n<p class=\"link-more\"><a href=\"http:\/\/yavuzalogan.com\/?p=1522\" class=\"more-link\">Continue reading<span class=\"screen-reader-text\"> &#8220;REEL POL\u0130T\u0130KA \u0130HT\u0130YACI&#8221;<\/span><\/a><\/p>\n","protected":false},"author":1,"featured_media":0,"comment_status":"open","ping_status":"open","sticky":false,"template":"","format":"standard","meta":{"footnotes":""},"categories":[1],"tags":[],"class_list":["post-1522","post","type-post","status-publish","format-standard","hentry","category-uncategorized"],"_links":{"self":[{"href":"http:\/\/yavuzalogan.com\/index.php?rest_route=\/wp\/v2\/posts\/1522","targetHints":{"allow":["GET"]}}],"collection":[{"href":"http:\/\/yavuzalogan.com\/index.php?rest_route=\/wp\/v2\/posts"}],"about":[{"href":"http:\/\/yavuzalogan.com\/index.php?rest_route=\/wp\/v2\/types\/post"}],"author":[{"embeddable":true,"href":"http:\/\/yavuzalogan.com\/index.php?rest_route=\/wp\/v2\/users\/1"}],"replies":[{"embeddable":true,"href":"http:\/\/yavuzalogan.com\/index.php?rest_route=%2Fwp%2Fv2%2Fcomments&post=1522"}],"version-history":[{"count":1,"href":"http:\/\/yavuzalogan.com\/index.php?rest_route=\/wp\/v2\/posts\/1522\/revisions"}],"predecessor-version":[{"id":1524,"href":"http:\/\/yavuzalogan.com\/index.php?rest_route=\/wp\/v2\/posts\/1522\/revisions\/1524"}],"wp:attachment":[{"href":"http:\/\/yavuzalogan.com\/index.php?rest_route=%2Fwp%2Fv2%2Fmedia&parent=1522"}],"wp:term":[{"taxonomy":"category","embeddable":true,"href":"http:\/\/yavuzalogan.com\/index.php?rest_route=%2Fwp%2Fv2%2Fcategories&post=1522"},{"taxonomy":"post_tag","embeddable":true,"href":"http:\/\/yavuzalogan.com\/index.php?rest_route=%2Fwp%2Fv2%2Ftags&post=1522"}],"curies":[{"name":"wp","href":"https:\/\/api.w.org\/{rel}","templated":true}]}}