{"id":1519,"date":"2023-11-12T09:36:56","date_gmt":"2023-11-12T07:36:56","guid":{"rendered":"http:\/\/yavuzalogan.com\/?p=1519"},"modified":"2023-11-12T09:36:56","modified_gmt":"2023-11-12T07:36:56","slug":"ne-kadar-anayasa","status":"publish","type":"post","link":"http:\/\/yavuzalogan.com\/?p=1519","title":{"rendered":"NE KADAR ANAYASA"},"content":{"rendered":"\n<p>O KADAR ANAYASA MAHKEMES\u0130<\/p>\n\n\n\n<figure class=\"wp-block-image size-large\"><img loading=\"lazy\" decoding=\"async\" width=\"860\" height=\"1024\" src=\"http:\/\/yavuzalogan.com\/wp-content\/uploads\/2023\/11\/Ne-kadar-anayasa-860x1024.jpg\" alt=\"\" class=\"wp-image-1520\" srcset=\"http:\/\/yavuzalogan.com\/wp-content\/uploads\/2023\/11\/Ne-kadar-anayasa-860x1024.jpg 860w, http:\/\/yavuzalogan.com\/wp-content\/uploads\/2023\/11\/Ne-kadar-anayasa-252x300.jpg 252w, http:\/\/yavuzalogan.com\/wp-content\/uploads\/2023\/11\/Ne-kadar-anayasa-768x914.jpg 768w, http:\/\/yavuzalogan.com\/wp-content\/uploads\/2023\/11\/Ne-kadar-anayasa.jpg 881w\" sizes=\"auto, (max-width: 767px) 89vw, (max-width: 1000px) 54vw, (max-width: 1071px) 543px, 580px\" \/><\/figure>\n\n\n\n<p>Yavuz Alogan<\/p>\n\n\n\n<p>&nbsp;&nbsp;&nbsp;&nbsp;&nbsp;&nbsp;&nbsp;&nbsp; Bizim ku\u015fak \u015fu s\u00f6zleri ezbere bilir:<\/p>\n\n\n\n<p>&nbsp;&nbsp;&nbsp;&nbsp;&nbsp;&nbsp;&nbsp; \u201cAnayasa\u2019n\u0131n tamam\u0131n\u0131 veya bir k\u0131sm\u0131n\u0131 ta\u011fyir ve tebdil veya ilgaya ve bu kanunla te\u015fekk\u00fcl etmi\u015f olan TBMM\u2019yi \u0131skata ve vazifesini yapmaktan men\u2019e cebren te\u015febb\u00fcs\u2026\u201d<\/p>\n\n\n\n<p>&nbsp;&nbsp;&nbsp;&nbsp;&nbsp;&nbsp;&nbsp; TCK\u2019n\u0131n 146. Maddesinde yer alan bu ifade,12 Mart d\u00f6neminde g\u00fcnde birka\u00e7 kez ajans haberlerinde tekrarlan\u0131r, gazete man\u015fetlerinde okurun g\u00f6z\u00fcne sokulurdu.<\/p>\n\n\n\n<p>&nbsp;&nbsp;&nbsp;&nbsp;&nbsp;&nbsp;&nbsp; O s\u0131rada Ba\u015fbakan Nihat Erim 61 Anayasas\u0131\u2019n\u0131n \u00fczerine \u201c\u015fal \u00f6rtmek\u201dten s\u00f6z ederdi, \u00e7\u00fcnk\u00fc siyas\u00eeler ve burjuvazi anayasa y\u00fcz\u00fcnden \u00fclkenin y\u00f6netilemedi\u011fini, anayasan\u0131n getirdi\u011fi \u00f6zg\u00fcrl\u00fcklerin fazla m\u00fcstehcen oldu\u011funu s\u00f6ylerlerdi.<\/p>\n\n\n\n<p>B\u00f6ylece dokunulmaz zannedilen 61 Anayasas\u0131 ta\u011fyir ve tebdil edildi, yani bozuldu ve de\u011fi\u015ftirildi.<\/p>\n\n\n\n<p>&nbsp;&nbsp;&nbsp;&nbsp;&nbsp;&nbsp;&nbsp; Anayasay\u0131 bu \u015fekilde ta\u011fyir ve tebdil eden siyas\u00ee iktidara do\u011fal olarak bir \u015fey yap\u0131lmad\u0131 fakat 61 Anayasas\u0131\u2019n\u0131n getirdi\u011fi \u00f6zg\u00fcrl\u00fckleri savunan b\u00fct\u00fcn bir entelijansiya, profes\u00f6r\u00fcnden yazar\u0131na \u015fairine k\u00f6y \u00f6\u011fretmenine kadar tutukland\u0131, \u201ccebren te\u015febb\u00fcs\u201dten yarg\u0131lanan yirmili ya\u015flar\u0131nda gen\u00e7ler idam edildi, &nbsp;kolayca teslim al\u0131nabilecekleri \u0131ss\u0131z mezralarda, da\u011f k\u00f6ylerinde, sokak ortas\u0131nda kur\u015funland\u0131.<\/p>\n\n\n\n<p>Biz hukukun ne oldu\u011funu o zaman anlad\u0131k.<\/p>\n\n\n\n<p>&nbsp;&nbsp;&nbsp;&nbsp;&nbsp;&nbsp;&nbsp; 12 Eyl\u00fcl generalleri 61 Anayasas\u0131\u2019n\u0131 ilga ettiler, yani ortadan kald\u0131rd\u0131lar, kendi hukuk\u00e7ular\u0131n\u0131 toplay\u0131p yeni bir Anayasa yapt\u0131rd\u0131lar. &nbsp;Yapt\u0131rd\u0131klar\u0131 Anayasa s\u00fcrekli ta\u011fyir ve tebdil edildi; &nbsp;30 y\u0131lda 19 kez, 96 maddesi ise 184 kez de\u011fi\u015ftirildi.<\/p>\n\n\n\n<p>&nbsp;&nbsp;&nbsp;&nbsp;&nbsp;&nbsp;&nbsp; AKP yirmi y\u0131l boyunca Anayasa\u2019n\u0131n \u00fczerinde tepindi. Anayasa\u2019n\u0131n de\u011fi\u015ftirilmesi teklif dahi edilemeyecek maddelerinde yer alan Atat\u00fcrk milliyet\u00e7ili\u011fini, laikli\u011fi, demokratikli\u011fi, sosyalli\u011fi fiilen yok etti; iki referandumla kuvvetler ayr\u0131l\u0131\u011f\u0131n\u0131 kald\u0131rd\u0131; TBMM\u2019yi fiilen \u0131skat etti (d\u00fc\u015f\u00fcrd\u00fc), rejimi de\u011fi\u015ftirdi, Devleti partinin i\u00e7inde eritti, TSK\u2019y\u0131 ay\u0131klay\u0131p par\u00e7alayarak Saray\u2019a ba\u011flad\u0131.<\/p>\n\n\n\n<p>Hepimiz aval aval bakt\u0131k, \u00e7e\u015fitli yorumlar yapt\u0131k.<\/p>\n\n\n\n<p>Bu kez Say\u0131n Saray, iyice ta\u011fyir ve tebdil etti\u011fi anayasay\u0131 ilga etmeye, \u201cmilletin \u00e7e\u015fitlili\u011fini ve zenginli\u011fini yans\u0131tan\u201d kendi anayasas\u0131n\u0131 yapmaya koyuldu.<\/p>\n\n\n\n<p>&nbsp;&nbsp;&nbsp;&nbsp;&nbsp;&nbsp;&nbsp; Bu ahval ve \u015ferait i\u00e7inde \u201cT\u00fcrkiye bir hukuk devletidir\u2026\u201d diye lafa ba\u015flayan ve \u201cAnayasa \u00f6yle de\u011fil de \u015f\u00f6yledir, \u015funa de\u011fil de buna amirdir\u2026\u201d gibi \u015feyler s\u00f6yleyen ki\u015fi ya sahtek\u00e2rd\u0131r ya ahmakt\u0131r ya da zaman\u0131n\u0131 \u015fa\u015f\u0131rm\u0131\u015f, nerede ya\u015fad\u0131\u011f\u0131n\u0131 neler oldu\u011funu anlamaktan aciz, mevcut hukuka h\u00e2l\u00e2 Muammer Aksoylar\u0131n, M\u00fcmtaz Sosyallar\u0131n g\u00f6z\u00fcyle bakan bir \u015fa\u015fk\u0131nd\u0131r.<\/p>\n\n\n\n<p>&nbsp;&nbsp;&nbsp;&nbsp;&nbsp;&nbsp;&nbsp; Cumhuriyet Devrimi\u2019nin b\u00fct\u00fcn kazan\u0131mlar\u0131 fiilen yok edilmi\u015f; Saray, devrald\u0131\u011f\u0131 rejimi temellerine kadar y\u0131km\u0131\u015ft\u0131r. \u015eimdi kendi rejimini kurmak i\u00e7in tam te\u015febb\u00fcs h\u00e2lindedir.<\/p>\n\n\n\n<p>&nbsp;&nbsp;&nbsp;&nbsp;&nbsp;&nbsp;&nbsp; \u00dclkede Anayasa fiilen yok edilmi\u015fse, Anayasa Mahkemesi\u2019ne (AYM) ne gerek var? Elbette onu da kald\u0131racaklar. Var olmayan anayasan\u0131n mahkemesi mi olur? Ne kadar anayasa o kadar anayasa mahkemesi! 1961 Anayasas\u0131\u2019ndan kalan en sa\u011flam kurumu yok edip yerine Cumhurba\u015fkanl\u0131\u011f\u0131\u2019na ba\u011fl\u0131 bir Y\u00fcksek Mahkeme kurabilirler mesela.<\/p>\n\n\n\n<p>&nbsp;&nbsp;&nbsp;&nbsp;&nbsp;&nbsp;&nbsp; Bir Yarg\u0131tay dairesinin AYM \u00fcyeleri hakk\u0131nda su\u00e7 duyurusunda bulunmas\u0131 rezaletin son perdesini ard\u0131na kadar a\u00e7t\u0131. Say\u0131n Reis, \u201cAnayasa ile Yarg\u0131tay aras\u0131ndaki tart\u0131\u015fma yeni bir anayasa yap\u0131lmas\u0131 gere\u011fini ortaya koydu,\u201d diyerek sahneye h\u00e2kim oldu. Zavall\u0131 AYM kendisini savunmak i\u00e7in \u015fu ana kadar a\u011fz\u0131n\u0131 a\u00e7\u0131p iki laf edemedi. Kuzular\u0131n sessizli\u011fi i\u00e7inde kaderinin tecelli etmesini bekliyor. &nbsp;Sans\u00fcr yasas\u0131na yap\u0131lan itiraz\u0131 reddederek durumu kurtarmaya \u00e7al\u0131\u015ft\u0131, ama nafile! Ter\u00f6re yard\u0131mdan tutuklansalar, kap\u0131lar\u0131na kilit vurulsa kim ne diyebilecek?<\/p>\n\n\n\n<p>&nbsp;&nbsp;&nbsp;&nbsp;&nbsp;&nbsp;&nbsp; Tart\u0131\u015fman\u0131n hukukla al\u00e2kas\u0131 olmad\u0131\u011f\u0131n\u0131, Devlet\u2019in i\u00e7indeki hizipler m\u00fccadelesinin yarg\u0131ya yans\u0131mas\u0131yla patlak verdi\u011fini, muhtemelen Saray taraf\u0131ndan ba\u015flat\u0131ld\u0131\u011f\u0131n\u0131 ya da yol verildi\u011fini ve bundan sonra&nbsp; 2023 Anayasas\u0131\u2019n\u0131n yap\u0131m\u0131na gerek\u00e7e sa\u011flayacak \u015fekilde &nbsp;y\u00f6nlendirilece\u011fini anl\u0131yoruz.<\/p>\n\n\n\n<p>&nbsp;&nbsp;&nbsp;&nbsp;&nbsp;&nbsp;&nbsp; Bug\u00fcn AYM i\u00e7indeki bilmem ne yolculara kar\u015f\u0131 Yarg\u0131tay 3. Dairesi\u2019ndeki filanca grup ba\u015fkald\u0131r\u0131r; yar\u0131n Mill\u00ee Savunma Bakanl\u0131\u011f\u0131\u2019ndaki Sivri K\u00fcl\u00e2h tarikat\u0131na kar\u015f\u0131, 3. Ordu\u2019nun bilmem ka\u00e7\u0131nc\u0131 t\u00fcmenindeki Yass\u0131 K\u00fclah cemaati isyan eder.&nbsp; Say\u0131n Reis, bizzat vurgulayarak belirtti\u011fi gibi, bu tart\u0131\u015fma ve isyanlara \u201chakem\u201d olarak m\u00fcdahale eder,&nbsp; devletin i\u00e7indeki \u00e7at\u0131\u015fmalar\u0131 y\u00f6nlendirerek tarikat ve cemaatler aras\u0131nda kendi liderli\u011fine tam bir mutabakat sa\u011flama \u00e7abas\u0131yla, \u201c2023 Anayasas\u0131\u201dn\u0131 yapar ve g\u00f6nl\u00fcndeki rejimi kurar.<\/p>\n\n\n\n<p>&nbsp;&nbsp;&nbsp;&nbsp;&nbsp;&nbsp;&nbsp; 1961 Anayasas\u0131\u2019n\u0131 belle\u011finden silmi\u015f siyas\u00ee partilerin bu anayasan\u0131n getirdi\u011fi en \u00f6nemli kurum olan Anayasa Mahkemesi i\u00e7in kararl\u0131 bir m\u00fccadele vereceklerini d\u00fc\u015f\u00fcnmek sa\u00e7ma olur. Bug\u00fcne kadar Saray\u2019\u0131n her anayasa darbesine boyun e\u011fdiler, eski rejimin y\u0131k\u0131nt\u0131lar\u0131 aras\u0131nda kendilerine yer a\u00e7t\u0131lar, g\u00fczelce i\u00e7ine yerle\u015ftiler. Birka\u00e7 k\u00fc\u00e7\u00fck taviz, biraz bah\u015fi\u015f kar\u015f\u0131l\u0131\u011f\u0131nda 2023 anayasas\u0131n\u0131 da sineye \u00e7ekecekler, uyum sa\u011flayacaklard\u0131r.<\/p>\n\n\n\n<p>&nbsp;&nbsp;&nbsp;&nbsp;&nbsp;&nbsp;&nbsp; Say\u0131n Reis,&nbsp; halk aras\u0131ndaki uzla\u015fmaz \u00e7eli\u015fkilerin, devlet kurumlar\u0131 aras\u0131ndaki \u00e7at\u0131\u015fmalar\u0131n,&nbsp; birbirine d\u00fc\u015fman ve rakip fakat Cumhuriyet kar\u015f\u0131tl\u0131\u011f\u0131nda birle\u015fen tarikat ve cemaatlerin Y\u00fcce Hakemi kimli\u011fine b\u00fcr\u00fcnerek, yakas\u0131na Atat\u00fcrk rozeti ili\u015ftirilmi\u015f &nbsp;&nbsp;\u015feriat\u00e7\u0131 bir Louis Bonaparte kisvesiyle tarih sahnesine \u00e7\u0131k\u0131yor. Bu kar\u0131\u015f\u0131k kimli\u011fin hay\u0131rlara m\u0131, yoksa \u015ferlere mi vesile olaca\u011f\u0131n\u0131 elbette zaman g\u00f6sterecek.<\/p>\n\n\n\n<p>&nbsp;&nbsp;&nbsp;&nbsp;&nbsp;&nbsp;&nbsp; Burada tuhaf olan, \u015fu s\u0131ralarda Saray\u2019\u0131n b\u00fct\u00fcn bunlar\u0131 yapabilecek ideolojik, politik ve \u00f6rg\u00fctsel g\u00fcc\u00fc, kendisini kurucu irade olarak yap\u0131land\u0131rabilece\u011fi ulusal ve uluslararas\u0131 itibar\u0131, her t\u00fcrl\u00fc hukuk\u00ee me\u015fruiyeti kaybetmi\u015f olmas\u0131d\u0131r. En zay\u0131f oldu\u011fu anda kar\u015f\u0131devriminin en a\u011f\u0131r darbesini indirmeye haz\u0131rlan\u0131yor.&nbsp;&nbsp;&nbsp;&nbsp;&nbsp;&nbsp;&nbsp; Para ve demagoji d\u0131\u015f\u0131nda silah\u0131 yok. Paras\u0131 azald\u0131k\u00e7a demagojisi art\u0131yor. Fakat elinde netice verecek \u015fekilde kullanabilece\u011fi bir sopa kesinlikle yok. G\u00fcc\u00fcn\u00fc, &nbsp;pervas\u0131zca bl\u00f6f yapma c\u00fcret ve kabiliyetinden al\u0131yor. <em>Veryans\u0131n<\/em>, 12. 11. 2023<\/p>\n","protected":false},"excerpt":{"rendered":"<p>O KADAR ANAYASA MAHKEMES\u0130 Yavuz Alogan &nbsp;&nbsp;&nbsp;&nbsp;&nbsp;&nbsp;&nbsp;&nbsp; Bizim ku\u015fak \u015fu s\u00f6zleri ezbere bilir: &nbsp;&nbsp;&nbsp;&nbsp;&nbsp;&nbsp;&nbsp; \u201cAnayasa\u2019n\u0131n tamam\u0131n\u0131 veya bir k\u0131sm\u0131n\u0131 ta\u011fyir ve tebdil veya ilgaya ve bu kanunla te\u015fekk\u00fcl etmi\u015f olan TBMM\u2019yi \u0131skata ve vazifesini yapmaktan men\u2019e cebren te\u015febb\u00fcs\u2026\u201d &nbsp;&nbsp;&nbsp;&nbsp;&nbsp;&nbsp;&nbsp; TCK\u2019n\u0131n 146. Maddesinde yer alan bu ifade,12 Mart d\u00f6neminde g\u00fcnde birka\u00e7 kez ajans haberlerinde tekrarlan\u0131r, gazete &hellip; <\/p>\n<p class=\"link-more\"><a href=\"http:\/\/yavuzalogan.com\/?p=1519\" class=\"more-link\">Continue reading<span class=\"screen-reader-text\"> &#8220;NE KADAR ANAYASA&#8221;<\/span><\/a><\/p>\n","protected":false},"author":1,"featured_media":0,"comment_status":"open","ping_status":"open","sticky":false,"template":"","format":"standard","meta":{"footnotes":""},"categories":[1],"tags":[],"class_list":["post-1519","post","type-post","status-publish","format-standard","hentry","category-uncategorized"],"_links":{"self":[{"href":"http:\/\/yavuzalogan.com\/index.php?rest_route=\/wp\/v2\/posts\/1519","targetHints":{"allow":["GET"]}}],"collection":[{"href":"http:\/\/yavuzalogan.com\/index.php?rest_route=\/wp\/v2\/posts"}],"about":[{"href":"http:\/\/yavuzalogan.com\/index.php?rest_route=\/wp\/v2\/types\/post"}],"author":[{"embeddable":true,"href":"http:\/\/yavuzalogan.com\/index.php?rest_route=\/wp\/v2\/users\/1"}],"replies":[{"embeddable":true,"href":"http:\/\/yavuzalogan.com\/index.php?rest_route=%2Fwp%2Fv2%2Fcomments&post=1519"}],"version-history":[{"count":1,"href":"http:\/\/yavuzalogan.com\/index.php?rest_route=\/wp\/v2\/posts\/1519\/revisions"}],"predecessor-version":[{"id":1521,"href":"http:\/\/yavuzalogan.com\/index.php?rest_route=\/wp\/v2\/posts\/1519\/revisions\/1521"}],"wp:attachment":[{"href":"http:\/\/yavuzalogan.com\/index.php?rest_route=%2Fwp%2Fv2%2Fmedia&parent=1519"}],"wp:term":[{"taxonomy":"category","embeddable":true,"href":"http:\/\/yavuzalogan.com\/index.php?rest_route=%2Fwp%2Fv2%2Fcategories&post=1519"},{"taxonomy":"post_tag","embeddable":true,"href":"http:\/\/yavuzalogan.com\/index.php?rest_route=%2Fwp%2Fv2%2Ftags&post=1519"}],"curies":[{"name":"wp","href":"https:\/\/api.w.org\/{rel}","templated":true}]}}