{"id":1511,"date":"2023-10-29T09:50:42","date_gmt":"2023-10-29T07:50:42","guid":{"rendered":"http:\/\/yavuzalogan.com\/?p=1511"},"modified":"2023-10-29T09:50:42","modified_gmt":"2023-10-29T07:50:42","slug":"cumhuriyetin-trajedisi","status":"publish","type":"post","link":"http:\/\/yavuzalogan.com\/?p=1511","title":{"rendered":"CUMHUR\u0130YET\u0130N TRAJED\u0130S\u0130"},"content":{"rendered":"\n<figure class=\"wp-block-image size-full is-resized\"><img loading=\"lazy\" decoding=\"async\" width=\"485\" height=\"280\" src=\"http:\/\/yavuzalogan.com\/wp-content\/uploads\/2023\/10\/maziden-atiye.jpeg\" alt=\"\" class=\"wp-image-1512\" style=\"aspect-ratio:1.7321428571428572;width:678px;height:auto\"\/><\/figure>\n\n\n\n<p>\u00a0\u00a0\u00a0\u00a0\u00a0\u00a0\u00a0\u00a0\u00a0\u00a0\u00a0\u00a0\u00a0\u00a0\u00a0\u00a0\u00a0\u00a0\u00a0\u00a0\u00a0\u00a0\u00a0\u00a0 \u00a0\u00a0\u00a0\u00a0<\/p>\n\n\n\n<p>Yavuz Alogan<\/p>\n\n\n\n<p>&nbsp;&nbsp;&nbsp;&nbsp;&nbsp;&nbsp;&nbsp; Cumhuriyet Bayram\u0131 kutlamalar\u0131, hatta Cumhuriyet\u2019in kendisi bile &nbsp;&nbsp;bende derin bir tragedya duygusu uyand\u0131r\u0131yor. &nbsp;T\u00fcrkiye Cumhuriyeti\u2019nin durumunu trajik buluyorum.<\/p>\n\n\n\n<p>Ge\u00e7en y\u0131l net k\u00e2r\u0131 y\u00fczde 400 artan bankac\u0131l\u0131k sekt\u00f6r\u00fcn\u00fcn, i\u015fi t\u0131k\u0131r\u0131nda holdinglerin, irili ufakl\u0131 kapitalist \u015firketlerin birbiriyle yar\u0131\u015fan &nbsp;&nbsp;pahal\u0131, duygusal ve&nbsp; bombo\u015f Atat\u00fcrk kliplerini, pop m\u00fczi\u011fi sanat\u00e7\u0131lar\u0131n\u0131n insan\u0131n i\u00e7ini bayan ya da mar\u015f formunda bestelenmi\u015f i\u00e7eriksiz&nbsp; \u015fark\u0131lar\u0131n\u0131,&nbsp; Avc\u0131lar Belediyesi\u2019nin semt kad\u0131nlar\u0131na Cumhuriyet kutlamas\u0131 diye Arap\u00e7a m\u00fczik e\u015fli\u011finde g\u00f6bek att\u0131rd\u0131\u011f\u0131 sahneyi, bilgisayar marifetiyle imal edilen sa\u00e7ma&nbsp; ve komik Atat\u00fcrk foto\u011fraf ve videolar\u0131n\u0131 izlerken kendimi iyi hissetmiyorum.<\/p>\n\n\n\n<p>Herkesin sevdi\u011fi, be\u011fendi\u011fi \u015feye \u201cmaskot\u201d diyoruz.<\/p>\n\n\n\n<p>Saray Rejimi\u2019nin Mustafa Kemal\u2019i devrimci karakterinden, Ayd\u0131nlanma d\u00fc\u015f\u00fcncesinden, getirdi\u011fi Devrim Kanunlar\u0131\u2019ndan soyutlayarak bir maskota d\u00f6n\u00fc\u015ft\u00fcrmek istedi\u011fini; bunu gayet bilin\u00e7li bir tutumla yapt\u0131\u011f\u0131n\u0131; bu y\u00f6nde her t\u00fcrl\u00fc \u201cyarat\u0131c\u0131\u201d (!) giri\u015fime tam bir serbestlik tan\u0131d\u0131\u011f\u0131n\u0131 anl\u0131yoruz.<\/p>\n\n\n\n<p>Baz\u0131lar\u0131 i\u00e7in o art\u0131k bir maskot!<\/p>\n\n\n\n<p>Al\u0131p yakan\u0131za takacaks\u0131n\u0131z, suretini kahve fincan\u0131n\u0131n \u00fczerinde g\u00f6receksiniz,&nbsp; bayra\u011fa ili\u015ftirip balkonunuza asacaks\u0131n\u0131z. Reisiniz m\u00fcnasip g\u00f6rd\u00fc\u011f\u00fcnde, mesela bir se\u00e7im \u00f6ncesinde, onun kost\u00fcm\u00fcn\u00fc giyecek, onun arkas\u0131na saklan\u0131p size el sallayacak, T\u00fcrkiye\u2019yi onun hedeflerine kendisinin ula\u015ft\u0131rd\u0131\u011f\u0131n\u0131 iddia, hatta il\u00e2n ettirecek. \u00d6ylece bakacaks\u0131n\u0131z\u2026&nbsp; Ya da bu b\u00fcy\u00fck sahteli\u011fi g\u00f6rmezden gelerek, bu muazzam ve bilin\u00e7li hokkabazl\u0131\u011fa itiraz etmeden kendi bildi\u011finiz Atat\u00fcrk\u2019\u00fc ve art\u0131k yerinde yeller esen Cumhuriyet\u2019i anlatacak, b\u00f6ylece ruhunuzu kurtaracaks\u0131n\u0131z. &nbsp;<\/p>\n\n\n\n<p>\u015eu son yirmi y\u0131l i\u00e7inde Cumhuriyet\u2019in b\u00fct\u00fcn kurumlar\u0131 yok edilmi\u015f, b\u00fct\u00fcn bakanl\u0131klar ve idar\u00ee te\u015fkilat tarikatlara teslim edilmi\u015f, \u00fclkenin b\u00fct\u00fcn varl\u0131klar\u0131 pe\u015fke\u015f \u00e7ekilmi\u015f ya da ya\u011fmalanm\u0131\u015f, \u201cmill\u00ee\u201d olan&nbsp; hi\u00e7bir \u015fey&nbsp; kalmam\u0131\u015f, laiklik ve Devrim Kanunlar\u0131 ayaklar alt\u0131nda \u00e7i\u011fnenmi\u015f,&nbsp; tevhid-i tedrisat ilga edilerek e\u011fitim imamlara teslim edilmi\u015f\u2026<\/p>\n\n\n\n<p>Yirmi y\u0131l boyunca medya marifeti ve e\u011fitim sistemiyle halk\u0131n yar\u0131s\u0131n\u0131n bilincinden Cumhuriyet silinmi\u015f. \u00d6teki yar\u0131s\u0131na Cumhuriyet Bayram\u0131\u2019n\u0131 kendi ba\u015f\u0131na sokaklarda kutlamaktan ba\u015fka se\u00e7enek b\u0131rak\u0131lmam\u0131\u015f.<\/p>\n\n\n\n<p>B\u00fct\u00fcn bunlar\u0131 g\u00f6r\u00fcyorsunuz, biliyorsunuz, ya\u015f\u0131yorsunuz ve televizyona \u00e7\u0131k\u0131p ya da kaleme sar\u0131l\u0131p, Saray Rejimi\u2019nin yava\u015flat\u0131lm\u0131\u015f kar\u015f\u0131devrimi hakk\u0131nda tek kelime etmeden, \u201cCumhuriyet Devrimi\u2019nden geriye ne kald\u0131?\u201d diye sormadan, sorgulamadan, Atat\u00fcrk \u015f\u00f6yle devlet adam\u0131yd\u0131, &nbsp;b\u00f6yle devrimciydi, zeybek de oynard\u0131, Hatay\u2019\u0131 da kurtard\u0131 diye anlat\u0131yorsunuz.<\/p>\n\n\n\n<p>Bunu nas\u0131l yapabiliyorsunuz?&nbsp; &nbsp;&nbsp;<\/p>\n\n\n\n<p>Bu yaz\u0131ya e\u015flik eden foto\u011fraf\u0131 \u0130stanbul sokaklar\u0131nda g\u00f6rd\u00fc\u011f\u00fcm an a\u011f\u0131r bir tragedya duygusu beni esir ald\u0131. &nbsp;Bizim aymazl\u0131\u011f\u0131m\u0131z, korkakl\u0131\u011f\u0131m\u0131z ve b\u00fct\u00fcn muhalefet partilerinin vahim ihaneti y\u00fcz\u00fcnden Ortado\u011fu\u2019da ayakta kalmay\u0131 beceren, laiklik kar\u015f\u0131t\u0131 b\u00fct\u00fcn faaliyetlerin zirvesini olu\u015fturan son \u0130hvan\u0131 M\u00fcslimin Reisi, \u201c\u0130kinci Atat\u00fcrk\u201d suretine b\u00fcr\u00fcnm\u00fc\u015f, bizi m\u00e2ziden (ge\u00e7mi\u015ften) al\u0131p \u00e2tiye (gelece\u011fe) g\u00f6t\u00fcr\u00fcyormu\u015f!<\/p>\n\n\n\n<p>\u00d6yle mi?<\/p>\n\n\n\n<p>Saray\u2019da Y\u00fcz\u00fcnc\u00fc Y\u0131l resepsiyonu&nbsp; iptal edildi diye herkes \u00e7ok \u00fcz\u00fcld\u00fc. Nas\u0131l olurmu\u015f da Riyaset-i Cumhur y\u00fcz\u00fcnc\u00fc y\u0131lda resepsiyon vermezmi\u015f! Bence iyi oldu. En az\u0131ndan bir riyak\u00e2rl\u0131k sahnesi eksik kald\u0131.<\/p>\n\n\n\n<p>Cumhuriyet\u2019in g\u00f6rkemli 50. Y\u0131l kutlamalar\u0131n\u0131 hat\u0131rlat\u0131yorlar. Niye elli y\u0131l \u00f6nceki gibi kutlam\u0131yor mu\u015fuz? &nbsp;<\/p>\n\n\n\n<p>Elli y\u0131l \u00f6nce Mustafa Kemal\u2019in askeri Oramiral Fahri Korut\u00fcrk Cumhurba\u015fkan\u0131 s\u0131fat\u0131yla \u00c7ankaya\u2019da oturuyordu. Cumhuriyet\u2019in muhaf\u0131zlar\u0131 Saray\u2019\u0131n Hassa Ordusu\u2019na d\u00f6n\u00fc\u015fmemi\u015fti. Tek bir \u00f6zg\u00fcn 50. Y\u0131l Mar\u015f\u0131 bestelenmi\u015f, Cumhurba\u015fkanl\u0131\u011f\u0131 Senfoni Orkestras\u0131 taraf\u0131ndan icra edilmi\u015f, her kafadan ayr\u0131 bir mar\u015f ve bayg\u0131n Atat\u00fcrk \u015fark\u0131s\u0131 y\u00fckselmemi\u015fti. Kutlamalar i\u00e7in b\u00fct\u00fcn devlet te\u015fkilat\u0131n\u0131 g\u00f6revlendiren bir kanun \u00e7\u0131kar\u0131lm\u0131\u015f, Resm\u00ee&nbsp; Gazete\u2019de yay\u0131mlanarak y\u00fcr\u00fcrl\u00fc\u011fe girmi\u015fti.<\/p>\n\n\n\n<p>Y\u00fcz\u00fcnc\u00fc y\u0131lda Saray neden b\u00f6yle \u015feyler yapm\u0131yor diye soran ki\u015fi, olup bitenin fark\u0131nda olmayan bir ahmak olabilir ancak! Niye yaps\u0131n, zorlayan m\u0131 var!<\/p>\n\n\n\n<p>Yirmili ya\u015flar\u0131nda devrimci gen\u00e7ler olarak \u201cM\u00fcjdeler var yurdumun topra\u011f\u0131na ta\u015f\u0131na\u201d diye ba\u015flayan 50. Y\u0131l mar\u015f\u0131yla dalga ge\u00e7ti\u011fimizi hat\u0131rl\u0131yorum. \u0130nsan baz\u0131 \u015feylerin de\u011ferini aradan yar\u0131m y\u00fczy\u0131l ge\u00e7ince anl\u0131yor.<\/p>\n\n\n\n<p>Neyse, konuyu da\u011f\u0131tmayal\u0131m\u2026<\/p>\n\n\n\n<p>Saray tam bir y\u0131ld\u0131r \u201cT\u00fcrkiye Y\u00fczy\u0131l\u0131\u201d kampanyas\u0131 y\u00fcr\u00fcterek Cumhuriyet Devrimi\u2019nin y\u00fcz\u00fcnc\u00fc y\u0131l co\u015fkusunu bo\u015faltt\u0131,&nbsp; g\u00f6steri\u015fli t\u00f6renlerle, medya kampanyas\u0131yla kendi kar\u015f\u0131devrimini Atat\u00fcrk Devrimleri\u2019nin \u00fczerine boca etti, onu g\u00f6zlerden uzakla\u015ft\u0131rd\u0131, paketleyip m\u00e2ziye havale etti. &nbsp;\u201cHuzurun y\u00fczy\u0131l\u0131\u201d, \u201cUla\u015ft\u0131rman\u0131n y\u00fczy\u0131l\u0131\u201d, \u201cE\u011fitimin y\u00fczy\u0131l\u0131\u201d, \u201c\u00dcretimin y\u00fczy\u0131l\u0131\u201d, \u201cG\u00fcc\u00fcn y\u00fczy\u0131l\u0131\u201d, \u201cSavunman\u0131n y\u00fczy\u0131l\u0131\u201d, \u201cBilimin y\u00fczy\u0131l\u0131\u201d, \u201cEnerjinin y\u00fczy\u0131l\u0131\u201d, \u201c\u015eefkatin y\u00fczy\u0131l\u0131\u201d ve \u201cSa\u011fl\u0131\u011f\u0131n y\u00fczy\u0131l\u0131\u201d diyerek, Cumhuriyet\u2019in 100. Y\u0131l\u0131\u2019n\u0131 anlams\u0131zla\u015ft\u0131rd\u0131, kutlanamaz h\u00e2le getirdi. Fark etmediniz mi?&nbsp;&nbsp;<\/p>\n\n\n\n<p>Atat\u00fcrk ve silah arkada\u015flar\u0131n\u0131n kurdu\u011fu Cumhuriyet\u2019in 100. y\u0131l\u0131 yok,&nbsp; Saray Rejimi\u2019nin \u201cT\u00fcrkiye Y\u00fczy\u0131l\u0131\u201d var. Anlamad\u0131n\u0131z m\u0131?<\/p>\n\n\n\n<p>Anlamad\u0131n\u0131z! Bizimle dalga ge\u00e7tiklerini, bizi aldat\u0131p avuttuklar\u0131n\u0131, &nbsp;son darbeyi indirmek i\u00e7in dikkatli ad\u0131mlarla f\u0131rsat kollad\u0131klar\u0131n\u0131, bildi\u011fimiz Cumhuriyet\u2019in bir anayasal\u0131k can\u0131 kald\u0131\u011f\u0131n\u0131 da anlamad\u0131n\u0131z. &nbsp;<\/p>\n\n\n\n<p>Ayasofya\u2019n\u0131n ibadete a\u00e7\u0131l\u0131\u015f t\u00f6reninin Cumhuriyet Devrimi\u2019ne kar\u015f\u0131 en b\u00fcy\u00fck kalk\u0131\u015fma oldu\u011funu,&nbsp; devlet ricalinin eli k\u0131l\u0131\u00e7l\u0131 imam\u0131n arkas\u0131nda topluca namaza durarak b\u00fct\u00fcn d\u00fcnyaya, \u201cT\u00fcrkiye art\u0131k laik bir \u00fclke de\u011fildir\u201d mesaj\u0131 verdi\u011fini de anlamam\u0131\u015ft\u0131n\u0131z. &nbsp;Anlasayd\u0131n\u0131z ne olacakt\u0131? Alt taraf\u0131 iki tivit atard\u0131n\u0131z. Ben anlad\u0131m mesela, iki&nbsp; yaz\u0131 yazd\u0131m\u2026 Ne oldu?<\/p>\n\n\n\n<p>Filistin\u2019e destek mitinglerinde i\u015fitti\u011fimiz \u201cHilafet isteriz,\u201d \u201cYa\u015fas\u0131n \u015feriat\u201d sloganlar\u0131n\u0131 hafife almaman\u0131z\u0131 tavsiye ederim. Bu gidi\u015fle \u00f6yle bir g\u00fcn gelebilir ki mevcut Cumhurba\u015fkan\u0131\u2019n\u0131, holdingle\u015fmi\u015f, paraya doymu\u015f, rehavete g\u00f6m\u00fclm\u00fc\u015f tarikat ve cemaatlerin sa\u00e7mal\u0131klar\u0131n\u0131 bile mumla arars\u0131n\u0131z!<\/p>\n\n\n\n<p>Mustafa Kemal\u2019in \u201cEfendiler, yar\u0131n Cumhuriyet\u2019i ilan edece\u011fiz\u201d s\u00f6z\u00fcn\u00fcn 100. y\u0131l\u0131nda \u00fclkenin Cumhurba\u015fkan\u0131, cihat\u00e7\u0131 Hamas\u2019a destek mitingi yapt\u0131 ve &nbsp;\u201cs\u0131n\u0131rlar\u0131m\u0131z\u0131 a\u00e7t\u0131\u011f\u0131m\u0131z karde\u015flerimize yapt\u0131\u011f\u0131m\u0131z gibi, bug\u00fcn de Gazze i\u00e7in k\u0131yamday\u0131z,\u201d dedi.<\/p>\n\n\n\n<p>Bug\u00fcn Deniz Kuvvetleri \u0130stanbul Bo\u011faz\u0131\u2019nda resmige\u00e7it yapacak. S\u0131raya dizilmi\u015f sava\u015f gemileri ve g\u00fcvertedeki askerler,&nbsp; Atat\u00fcrk\u2019\u00fcn hat\u0131ras\u0131n\u0131 temsil eden Dolmabah\u00e7e Saray\u0131\u2019n\u0131 de\u011fil, emperyalistlerin gemisiyle \u00fclkeden ka\u00e7an Halife Sultan Vahidettin\u2019in k\u00f6\u015fk\u00fcn\u00fc selamlayacaklar.&nbsp;<\/p>\n\n\n\n<p>Bu olay\u0131n sembolik de\u011feri size belki bir \u015fey anlatmayacak fakat Cumhuriyet kar\u015f\u0131tlar\u0131na, Ayd\u0131nlanma d\u00fc\u015fmanlar\u0131na b\u00fcy\u00fck cesaret ve c\u00fcret kazand\u0131racak, kendilerini g\u00fcvende hissetmelerini sa\u011flayacak.<\/p>\n\n\n\n<p>Tragedya duygusuna gelince\u2026<\/p>\n\n\n\n<p>Klasik tragedyada oyunun kahraman\u0131, ba\u015flang\u0131\u00e7ta t\u0131pk\u0131 bizim cumhuriyetimiz gibi ayd\u0131nl\u0131k, ahlakl\u0131, erdemli ve d\u00fcr\u00fcstt\u00fcr. Tutarl\u0131d\u0131r fakat zaman i\u00e7inde kendi zaaflar\u0131ndan kaynaklanan bir b\u00fcy\u00fck hata yapar. Buna \u201chamartiya\u201d denir.<\/p>\n\n\n\n<p>Hamartiya\u2019y\u0131 peripeti izler. Trajik kahraman\u0131n yapt\u0131\u011f\u0131 hata (hamartiya)&nbsp; onun kaderinde bir de\u011fi\u015fime (peripeti) neden olmu\u015f, y\u00f6n\u00fcn\u00fc kaybettirmi\u015f, talihini d\u00f6nd\u00fcrm\u00fc\u015f, baht\u0131n\u0131 karartm\u0131\u015ft\u0131r.<\/p>\n\n\n\n<p>Bunun ard\u0131ndan \u201canagnorisis\u201d gelir. Bu a\u015famada tragedya kahraman\u0131 dalg\u0131nl\u0131ktan s\u0131yr\u0131l\u0131r, sebep sonu\u00e7 ili\u015fkisi kurarak Hakikat\u2019e ula\u015f\u0131r. Sisler i\u00e7inde kaybolan, o zamana kadar g\u00f6remedi\u011fi ba\u015fka karakterleri, tarihi ki\u015fileri tan\u0131r. Fakat art\u0131k yapabilece\u011fi bir \u015fey yoktur, \u00e7\u00fcnk\u00fc devir de\u011fi\u015fmi\u015f, \u201czaman \u00e7\u0131\u011f\u0131r\u0131ndan \u00e7\u0131km\u0131\u015f\u201dt\u0131r ve \u201c\u00c7\u00fcr\u00fcm\u00fc\u015f bir \u015feyler vard\u0131r bu Danimarka Krall\u0131\u011f\u0131\u2019nda!\u201d<\/p>\n\n\n\n<p>Ve nihayet \u201ckatharsis\u201d ger\u00e7ekle\u015fir. Bu b\u00f6l\u00fcmde kahraman\u0131m\u0131z i\u00e7sel, zihinsel bir ar\u0131nmadan ge\u00e7er.&nbsp; Tragedyan\u0131n kahraman\u0131, olanlar kar\u015f\u0131s\u0131nda deh\u015fete d\u00fc\u015fen seyirciyle birlikte duygular\u0131n\u0131 d\u0131\u015fa vurur.<\/p>\n\n\n\n<p>\u015eimdi bu a\u015famaday\u0131z. Duygular\u0131m\u0131z\u0131 d\u0131\u015fa vurmak ve eyleme ge\u00e7mek zorunday\u0131z.<\/p>\n\n\n\n<p>T\u00fcrkiye Cumhuriyeti 2000\u2019li y\u0131llar\u0131n ba\u015f\u0131nda yapt\u0131\u011f\u0131 ve yirmi y\u0131l boyunca tekrarlad\u0131\u011f\u0131, b\u00f6ylece bata\u011fa sapland\u0131\u011f\u0131 hatalar zincirini b\u00fct\u00fcn d\u00fcnyay\u0131 ayd\u0131nlatacak \u201caras\u0131z devrimler\u201dle k\u0131rmak zorundad\u0131r. \u00c7ok ge\u00e7 olmadan\u2026 <em>Veryans\u0131n<\/em>, 29. 10. 2023\u00a0<\/p>\n","protected":false},"excerpt":{"rendered":"<p>\u00a0\u00a0\u00a0\u00a0\u00a0\u00a0\u00a0\u00a0\u00a0\u00a0\u00a0\u00a0\u00a0\u00a0\u00a0\u00a0\u00a0\u00a0\u00a0\u00a0\u00a0\u00a0\u00a0\u00a0 \u00a0\u00a0\u00a0\u00a0 Yavuz Alogan &nbsp;&nbsp;&nbsp;&nbsp;&nbsp;&nbsp;&nbsp; Cumhuriyet Bayram\u0131 kutlamalar\u0131, hatta Cumhuriyet\u2019in kendisi bile &nbsp;&nbsp;bende derin bir tragedya duygusu uyand\u0131r\u0131yor. &nbsp;T\u00fcrkiye Cumhuriyeti\u2019nin durumunu trajik buluyorum. Ge\u00e7en y\u0131l net k\u00e2r\u0131 y\u00fczde 400 artan bankac\u0131l\u0131k sekt\u00f6r\u00fcn\u00fcn, i\u015fi t\u0131k\u0131r\u0131nda holdinglerin, irili ufakl\u0131 kapitalist \u015firketlerin birbiriyle yar\u0131\u015fan &nbsp;&nbsp;pahal\u0131, duygusal ve&nbsp; bombo\u015f Atat\u00fcrk kliplerini, pop m\u00fczi\u011fi sanat\u00e7\u0131lar\u0131n\u0131n insan\u0131n i\u00e7ini bayan ya da &hellip; <\/p>\n<p class=\"link-more\"><a href=\"http:\/\/yavuzalogan.com\/?p=1511\" class=\"more-link\">Continue reading<span class=\"screen-reader-text\"> &#8220;CUMHUR\u0130YET\u0130N TRAJED\u0130S\u0130&#8221;<\/span><\/a><\/p>\n","protected":false},"author":1,"featured_media":0,"comment_status":"open","ping_status":"open","sticky":false,"template":"","format":"standard","meta":{"footnotes":""},"categories":[1],"tags":[],"class_list":["post-1511","post","type-post","status-publish","format-standard","hentry","category-uncategorized"],"_links":{"self":[{"href":"http:\/\/yavuzalogan.com\/index.php?rest_route=\/wp\/v2\/posts\/1511","targetHints":{"allow":["GET"]}}],"collection":[{"href":"http:\/\/yavuzalogan.com\/index.php?rest_route=\/wp\/v2\/posts"}],"about":[{"href":"http:\/\/yavuzalogan.com\/index.php?rest_route=\/wp\/v2\/types\/post"}],"author":[{"embeddable":true,"href":"http:\/\/yavuzalogan.com\/index.php?rest_route=\/wp\/v2\/users\/1"}],"replies":[{"embeddable":true,"href":"http:\/\/yavuzalogan.com\/index.php?rest_route=%2Fwp%2Fv2%2Fcomments&post=1511"}],"version-history":[{"count":1,"href":"http:\/\/yavuzalogan.com\/index.php?rest_route=\/wp\/v2\/posts\/1511\/revisions"}],"predecessor-version":[{"id":1513,"href":"http:\/\/yavuzalogan.com\/index.php?rest_route=\/wp\/v2\/posts\/1511\/revisions\/1513"}],"wp:attachment":[{"href":"http:\/\/yavuzalogan.com\/index.php?rest_route=%2Fwp%2Fv2%2Fmedia&parent=1511"}],"wp:term":[{"taxonomy":"category","embeddable":true,"href":"http:\/\/yavuzalogan.com\/index.php?rest_route=%2Fwp%2Fv2%2Fcategories&post=1511"},{"taxonomy":"post_tag","embeddable":true,"href":"http:\/\/yavuzalogan.com\/index.php?rest_route=%2Fwp%2Fv2%2Ftags&post=1511"}],"curies":[{"name":"wp","href":"https:\/\/api.w.org\/{rel}","templated":true}]}}