{"id":1497,"date":"2023-10-01T09:45:50","date_gmt":"2023-10-01T07:45:50","guid":{"rendered":"http:\/\/yavuzalogan.com\/?p=1497"},"modified":"2023-10-01T09:45:50","modified_gmt":"2023-10-01T07:45:50","slug":"gezi-parkindan-halk-ayaklanmasina","status":"publish","type":"post","link":"http:\/\/yavuzalogan.com\/?p=1497","title":{"rendered":"GEZ\u0130 PARKINDAN HALK AYAKLANMASINA"},"content":{"rendered":"\n<figure class=\"wp-block-image size-full\"><img loading=\"lazy\" decoding=\"async\" width=\"592\" height=\"351\" src=\"http:\/\/yavuzalogan.com\/wp-content\/uploads\/2023\/10\/Gezi.jpg\" alt=\"\" class=\"wp-image-1498\" srcset=\"http:\/\/yavuzalogan.com\/wp-content\/uploads\/2023\/10\/Gezi.jpg 592w, http:\/\/yavuzalogan.com\/wp-content\/uploads\/2023\/10\/Gezi-500x296.jpg 500w\" sizes=\"auto, (max-width: 592px) 100vw, 592px\" \/><\/figure>\n\n\n\n<p>Yavuz Alogan<\/p>\n\n\n\n<p>&nbsp;&nbsp;&nbsp;&nbsp;&nbsp;&nbsp;&nbsp; Haziran 2013\u2019te \u0130stanbul\u2019da ba\u015flayarak T\u00fcrkiye\u2019nin neredeyse tamam\u0131na yay\u0131lan protesto g\u00f6sterileri neoliberal iktisat politikalar\u0131na ve sosyal-devletin s\u00f6n\u00fcmlenmesine kar\u015f\u0131 b\u00fct\u00fcn d\u00fcnyada g\u00f6r\u00fclen isyanlardan biriydi.<\/p>\n\n\n\n<p>&nbsp;&nbsp;&nbsp;&nbsp;&nbsp;&nbsp;&nbsp; Bizdeki g\u00f6sterilerin ba\u015flang\u0131c\u0131, yay\u0131lmas\u0131, slogan ve talepleri do\u011fal olarak&nbsp;&nbsp; farkl\u0131yd\u0131.<\/p>\n\n\n\n<p>&nbsp;&nbsp;&nbsp;&nbsp;&nbsp;&nbsp;&nbsp; Olaylar bir provokasyonla ba\u015flad\u0131: Gezi Park\u0131\u2019ndaki \u00e7ad\u0131rlar\u0131n ate\u015fe verilmesi. Zab\u0131ta memurlar\u0131n\u0131n s\u00f6kmeye ba\u015flad\u0131klar\u0131 \u00e7ad\u0131rlar\u0131 yakma talimat\u0131 veren \u0130l Emniyet M\u00fcd\u00fcr Yard\u0131mc\u0131s\u0131 daha sonra FET\u00d6\u2019den yarg\u0131land\u0131.<\/p>\n\n\n\n<p>&nbsp;&nbsp;&nbsp;&nbsp;&nbsp;&nbsp;&nbsp; Protesto g\u00f6sterileri \u0130stanbul\u2019a yay\u0131lmaya ba\u015flad\u0131\u011f\u0131nda,&nbsp; PKK\u2019nin sivil uzant\u0131s\u0131 olan partinin baz\u0131 unsurlar\u0131 rol almaya \u00e7al\u0131\u015ft\u0131lar fakat kendi adamlar\u0131 taraf\u0131ndan durduruldular. Daha sonra BDP E\u015fba\u015fkan\u0131 Selahattin Demirta\u015f \u201cGezi\u2019ye mesafe koyduk,\u201d diyecekti; \u201cH\u00fck\u00fcmeti devirecek, darbeye do\u011fru g\u00f6t\u00fcrecek bir halk hareketini \u00e7\u0131karabilir miyiz anlay\u0131\u015f\u0131 vard\u0131.\u201d &nbsp;O s\u0131rada \u201c\u00c7\u00f6z\u00fcm S\u00fcreci\u201d devam ediyordu. AKP\u2019nin yan\u0131nda durmay\u0131 uygun g\u00f6rd\u00fcler.<\/p>\n\n\n\n<p>&nbsp;&nbsp;&nbsp;&nbsp;&nbsp;&nbsp;&nbsp; Neyse, uzatmayal\u0131m\u2026<\/p>\n\n\n\n<p>&nbsp;&nbsp;&nbsp;&nbsp;&nbsp;&nbsp;&nbsp; Haziran Ayaklanmas\u0131\u2019ndan sonra, solcu gibi duran liberaller, sevimli bir \u201cgezici \/ \u00e7apulcu\u201d tipolojisi yaratmaya \u00e7al\u0131\u015ft\u0131lar. Genellikle \u00fcniversite \u00f6\u011frencisi olan &nbsp;\u201cGezici\u201d gen\u00e7, \u201corant\u0131s\u0131z zek\u00e2\u201d sergileyerek protesto g\u00f6sterilerine mizah katm\u0131\u015f, polisle ve her \u015feyle dalga ge\u00e7en yarat\u0131c\u0131 sloganlarla, duvar yaz\u0131lar\u0131yla ortam\u0131 \u015fenlendirmi\u015f ve renklendirmi\u015fti. Bunda elbette do\u011fruluk pay\u0131 vard\u0131 fakat bu yapay, imal edilmi\u015f bir tipolojiydi. Nitekim Haziran\u2019dan sonra s\u00f6z konusu karakter birden kayboldu, bir daha g\u00f6r\u00fclmedi.&nbsp; &nbsp;&nbsp;<\/p>\n\n\n\n<p>&nbsp;&nbsp;&nbsp;&nbsp;&nbsp;&nbsp;&nbsp; Ge\u00e7mi\u015fte ya\u015fanan benzer olaylarla k\u0131yasland\u0131\u011f\u0131nda polis Haziran Ayaklanmas\u0131 s\u0131ras\u0131nda dikkatli davrand\u0131. Birka\u00e7 istisna d\u0131\u015f\u0131nda i\u00e7 disiplinini bozmad\u0131. Yetmi\u015fli y\u0131llarda g\u00f6r\u00fcld\u00fc\u011f\u00fc gibi ayr\u0131 bir politik \u00f6zne olarak h\u0131n\u00e7la hareket etmedi. G\u00f6stericilerin birle\u015fmesini \u00f6nlemek i\u00e7in kitleyi sokakta manevra yaparak b\u00f6lmeye, k\u00fc\u00e7\u00fclterek da\u011f\u0131tmaya \u00e7al\u0131\u015ft\u0131. Polisin g\u00f6stericilerle yak\u0131n temastan ka\u00e7\u0131nma \u00e7abas\u0131 a\u015f\u0131r\u0131 gaz kullanmas\u0131na yol a\u00e7t\u0131. Aksi halde kay\u0131plar daha fazla olurdu (8 g\u00f6sterici, 2 polis hayat\u0131n\u0131 kaybetti;&nbsp; yakla\u015f\u0131k 10 000 ki\u015fi yaraland\u0131).<\/p>\n\n\n\n<p>&nbsp;&nbsp;&nbsp;&nbsp;&nbsp;&nbsp;&nbsp; Ankara\u2019daki olaylar s\u0131ras\u0131nda ayak\u00fcst\u00fc konu\u015ftu\u011fum iki polisin isteksizli\u011fi dikkatimi \u00e7ekti. Birisi, atamas\u0131 yap\u0131lmayan bir \u00f6\u011fretmendi. Di\u011feri, liseyi bitirdikten sonra babas\u0131n\u0131n marangoz d\u00fckk\u00e2n\u0131nda \u00e7al\u0131\u015f\u0131rken polis olmaya karar vermi\u015fti. \u00d6zel olarak yeti\u015ftirilmi\u015f, AKP ideolojisiyle endoktrine edilmi\u015f ki\u015filer de\u011fil, polis \u00fcniformas\u0131 giydirilmi\u015f bildi\u011fimiz yurdum insanlar\u0131yd\u0131.<\/p>\n\n\n\n<p>&nbsp;&nbsp;&nbsp;&nbsp;&nbsp;&nbsp;&nbsp; AKP h\u00fck\u00fcmeti de ba\u015flang\u0131\u00e7ta \u00e7ok anlay\u0131\u015fl\u0131yd\u0131. \u201cGezici\u201d gen\u00e7lere hak veriyor, eylemlerini neredeyse makul buluyordu.<\/p>\n\n\n\n<p>Mesela zaman\u0131n Mill\u00ee E\u011fitim Bakan\u0131 Nabi Avc\u0131 \u00f6zele\u015ftiri yapt\u0131. \u201cMuhalefetin senelerce u\u011fra\u015fsa da ba\u015faramayaca\u011f\u0131 bir \u015feyi biz &nbsp;be\u015f g\u00fcnde ba\u015fard\u0131k ve normal ko\u015fullarda bir araya gelmesi d\u00fc\u015f\u00fcn\u00fclemeyecek olan birbirinden \u00e7ok farkl\u0131 kesim, grup, fraksiyonlar\u0131 toz duman i\u00e7erisinde birbirleriyle bulu\u015fturduk,\u201d dedi (<em>H\u00fcrriyet<\/em>, 02. 06.13)<\/p>\n\n\n\n<p>B\u00fclent Ar\u0131n\u00e7 bile \u015f\u00f6yle dedi: \u201c\u00c7evreye duyarl\u0131 insanlar\u0131n oldu\u011funu kabul ediyoruz. Kimisi sanat\u00e7\u0131, kimisi halktan, kimisi yazar, kimisi \u00e7izer. \u0130stanbul&#8217;un ye\u015fil alan\u0131n\u0131n AVM&#8217;ye d\u00f6n\u00fc\u015fmesine kar\u015f\u0131 \u00e7\u0131kt\u0131lar. Takdirle kar\u015f\u0131lamak laz\u0131m\u201d (<em>Milliyet<\/em>, 01. 06. 13).<\/p>\n\n\n\n<p>Devlet Bah\u00e7eli &nbsp;\u201cGeziciler\u201de sahip \u00e7\u0131kt\u0131, Ba\u015fbakan Erdo\u011fan\u2019\u0131n \u201cbir istikrars\u0131zl\u0131k kayna\u011f\u0131\u201d oldu\u011funu s\u00f6yledi. Ona hitaben, \u201cBil ki T\u00fcrk gen\u00e7li\u011fini sana \u00e7i\u011fnetmeyiz, b\u00f6ld\u00fcrmeyiz, teslim etmeyiz ve yedirmeyiz,\u201d dedi (<em>Milliyet<\/em>, 11. 06. 13). &nbsp;O s\u0131rada Taksim\u2019de baz\u0131 g\u00f6stericiler h\u00fck\u00fcmeti protesto ederken Bozkurt i\u015fareti yap\u0131yorlard\u0131. &nbsp;K\u0131l\u0131\u00e7daro\u011flu ise \u201cOnlar T\u00fcrkiye\u2019nin gen\u00e7leri!\u201d diye seslendi. \u201cOnlar\u0131n hakl\u0131 eylemlerinin yan\u0131nda kap\u0131 gibi CHP duracakt\u0131r&#8221; (<em>NTV Haber<\/em>, 11.06.13).<\/p>\n\n\n\n<p>Fakat protesto g\u00f6sterileri ve y\u00fcr\u00fcy\u00fc\u015fler \u00fclke sath\u0131na yay\u0131ld\u0131k\u00e7a, halk kat\u0131na indik\u00e7e, &nbsp;\u201cGezici\u201d gen\u00e7lerin a\u011fa\u00e7 \u00e7i\u00e7ek sevgisi gerilerde kald\u0131. Gen\u00e7lerin \u201corant\u0131s\u0131z\u201d zek\u00e2s\u0131, yerini halk\u0131n ba\u011fr\u0131ndan kopan deh\u015fet verici, azimli bir b\u00fcy\u00fck \u00f6fkeye b\u0131rakt\u0131, h\u00fck\u00fcmeti tehdit eden sloganlar meydanlar\u0131 \u00e7\u0131nlatmaya ba\u015flad\u0131.<\/p>\n\n\n\n<p>Ve ne zaman ki milyonlar soka\u011fa \u00e7\u0131kmaya, sloganlar ve talepler de\u011fi\u015fmeye, &nbsp;kalpakl\u0131 gen\u00e7 Mustafa Kemal posterleri ve T\u00fcrk bayraklar\u0131yla y\u00fcr\u00fcyen s\u0131radan insanlar \u201cMustafa Kemal\u2019in askerleriyiz!\u201d \u201cT\u00fcrkiye laiktir, laik kalacak!\u201d diye slogan atmaya, \u201cH\u00fck\u00fcmet istifa\u201d diye ba\u011f\u0131rmaya, polisle \u00f6l\u00fcm\u00fcne \u00e7at\u0131\u015fmaya ba\u015flad\u0131, i\u015fte o zaman i\u015fin rengi de\u011fi\u015fti, h\u00fck\u00fcmette \u015fafak att\u0131! &nbsp;<\/p>\n\n\n\n<p>Protesto g\u00f6sterileri siyas\u00ee iktidara kar\u015f\u0131 Cumhuriyet\u00e7i bir halk ayaklanmas\u0131na d\u00f6n\u00fc\u015fm\u00fc\u015ft\u00fc.<\/p>\n\n\n\n<p>&nbsp;&nbsp;&nbsp;&nbsp;&nbsp;&nbsp;&nbsp; O s\u0131rada h\u00e2l\u00e2 FET\u00d6 \u00f6rg\u00fct\u00fcyle sarma\u015f dola\u015f&nbsp; ulusalc\u0131lara kar\u015f\u0131&nbsp; operasyonlar y\u00fcr\u00fcten h\u00fck\u00fcmet (17-25 Aral\u0131k\u2019a daha birka\u00e7 ay vard\u0131) &nbsp;hemen a\u011f\u0131z de\u011fi\u015ftirdi. &nbsp;Olaylar s\u0131ras\u0131nda yurt d\u0131\u015f\u0131nda olan Ba\u015fbakan \u00fclkeye d\u00f6ner d\u00f6nmez sabah\u0131n 3\u2019\u00fcnde otob\u00fcs \u00fczerinden \u0130stanbul\u2019daki taraftarlar\u0131na hitap etti, onlar\u0131 \u00e7evresinde toplay\u0131p tahkim etti. Ard\u0131ndan Bakanlar Kurulu\u2019nu toplay\u0131p h\u00fck\u00fcmeti hizaya soktu. Bu toplant\u0131 s\u0131ras\u0131nda bir bakan\u0131 bizzat pataklad\u0131\u011f\u0131 iddia edilecekti.<\/p>\n\n\n\n<p>Ve nihayet Say\u0131n Reis i\u00e7 sava\u015f\u0131 bile g\u00f6ze ald\u0131\u011f\u0131n\u0131 \u015fu s\u00f6zlerle ifade etti: \u201c\u015eu anda evlerinde bizim zorla tuttu\u011fumuz bu \u00fclkenin en az y\u00fczde 50\u2019si var.\u201d<\/p>\n\n\n\n<p>&nbsp;&nbsp;&nbsp;&nbsp;&nbsp;&nbsp;&nbsp; Kitlesel g\u00f6sterilerin Cumhuriyet\u2019i, Mustafa Kemal\u2019i, laikli\u011fi savunan, h\u00fck\u00fcmetin istifas\u0131n\u0131 talep eden milyonlarca insan\u0131n protestosuna d\u00f6n\u00fc\u015fmesi, siyas\u00ee iktidarda derin bir korku yaratt\u0131. O g\u00fcnden sonra bu korku asla eksilmedi, s\u00fcrekli artt\u0131. &nbsp;<\/p>\n\n\n\n<p>Haziran olaylar\u0131n\u0131n son sahnesinde b\u00fct\u00fcn de\u011ferleriyle birlikte yok etmeye \u00e7al\u0131\u015ft\u0131klar\u0131 laik Cumhuriyet\u2019in dirili\u015fini, iktidarlar\u0131n\u0131n muhtemel ak\u0131betini g\u00f6rm\u00fc\u015flerdi.<\/p>\n\n\n\n<p>&nbsp;&nbsp;&nbsp;&nbsp;&nbsp;&nbsp;&nbsp; Mutlaka bir su\u00e7lu bulmalar\u0131, ibret olsun diye cezaland\u0131rmalar\u0131 gerekiyordu.&nbsp; Sonunda bula bula g\u00f6stericilere kumanya da\u011f\u0131tt\u0131, oturmalar\u0131 i\u00e7in sandalye verdi diye Osman Kavala\u2019y\u0131 buldular. Oysa Kavala, Haziran Ayaklanmas\u0131\u2019nda siyas\u00ee iktidar\u0131 ve b\u00fct\u00fcn gericileri korkutan \u015feye, Cumhuriyet de\u011ferlerine, en az onlar kadar yabanc\u0131 ve kar\u015f\u0131yd\u0131.<\/p>\n\n\n\n<p>&nbsp;&nbsp;&nbsp;&nbsp;&nbsp;&nbsp;&nbsp; Divan Oteli\u2019nin kap\u0131lar\u0131n\u0131 g\u00f6stericilere a\u00e7an me\u015fhur i\u015fadam\u0131na dokunmad\u0131lar mesela, hakk\u0131nda dava bile a\u00e7mad\u0131lar. Osman Kavala\u2019y\u0131 ise bir numaral\u0131 halk d\u00fc\u015fman\u0131 ilan ettiler, a\u011f\u0131rla\u015ft\u0131r\u0131lm\u0131\u015f m\u00fcebbet hapse mahk\u00fbm ettiler,&nbsp; onu a\u015fa\u011f\u0131layan televizyon dizisi bile yapt\u0131lar.&nbsp;<\/p>\n\n\n\n<p>Bu tuhaf durumu Say\u0131n Reis\u2019in bilinmeyen -bug\u00fcn bilmedi\u011fimiz ama ileride mutlaka a\u00e7\u0131\u011fa \u00e7\u0131kacak- bir nedenle Osman Kavala\u2019ya duydu\u011fu intikamc\u0131 nefret duygusundan ba\u015fka bir \u015feyle a\u00e7\u0131klamak m\u00fcmk\u00fcn g\u00f6r\u00fcnm\u00fcyor. Adama takm\u0131\u015f bir kere, \u00e7ok \u00f6nceden kafas\u0131nda m\u00fcebbete mahk\u00fbm etmi\u015f.<\/p>\n\n\n\n<p>&nbsp;&nbsp;&nbsp;&nbsp;&nbsp;&nbsp;&nbsp; \u201cGezi davas\u0131\u201dnda haklar\u0131nda verilen mahk\u00fbmiyet kararlar\u0131 Yarg\u0131tay taraf\u0131ndan onanan&nbsp; ki\u015filerin Haziran Ayaklanmas\u0131\u2019n\u0131n iktidar \u00e7evrelerini \u00f6zellikle korkutan b\u00f6l\u00fcm\u00fcyle ne \u00f6rg\u00fctleyici, ne azmettirici ne de&nbsp; kat\u0131l\u0131mc\u0131 olarak&nbsp; ili\u015fkileri olabilir. Su\u00e7 olmadan ceza verilmi\u015f, T\u00fcrkiye\u2019nin k\u0131demli hukuk\u00e7ular\u0131ndan Turgut Kazan, \u201cSon altm\u0131\u015f y\u0131ld\u0131r bu kadar vicdans\u0131z bir karar g\u00f6rmedim,\u201d demi\u015ftir.<\/p>\n\n\n\n<p>&nbsp;&nbsp;&nbsp;&nbsp;&nbsp;&nbsp;&nbsp; Son tahlilde Haziran Ayaklanmas\u0131 siyas\u00ee iktidara kar\u015f\u0131 ba\u015fta laiklik olmak \u00fczere Cumhuriyet devrimlerini savunan, kendili\u011finden bir halk hareketine d\u00f6n\u00fc\u015fm\u00fc\u015ft\u00fcr ve bu \u00f6zelli\u011fiyle 2007 Cumhuriyet Mitingleri\u2019nin devam\u0131, \u00f6n\u00fcm\u00fczdeki y\u0131llarda patlak verecek benzer halk hareketlerinin habercisi, provas\u0131d\u0131r.<\/p>\n\n\n\n<p>Haziran Ayaklanmas\u0131, sosyal devlet, toplumsal kalk\u0131nma, e\u015fitlik \u00f6zg\u00fcrl\u00fck karde\u015flik talepleriyle bu y\u00fczy\u0131lda d\u00fcnyan\u0131n her yerinde y\u00fckselen ve y\u00fckselecek olan b\u00fcy\u00fck halk hareketlerinden biri olarak tarihteki yerini alm\u0131\u015ft\u0131r; onurumuz ve gururumuzdur.<\/p>\n\n\n\n<p>Belle\u011fimde \u00e7ok belirgin \u00fc\u00e7 g\u00f6r\u00fcnt\u00fc kald\u0131.<\/p>\n\n\n\n<p>Birincisi, aileleriyle birlikte insanlar\u0131n sabah\u0131n ikisinde evlerinden \u00e7\u0131k\u0131p ellerinde bayraklarla mar\u015flar s\u00f6yleyerek k\u00f6pr\u00fcden ge\u00e7ip Be\u015fikta\u015f\u2019taki polis barikat\u0131na do\u011fru y\u00fcr\u00fcy\u00fc\u015fleridir.<\/p>\n\n\n\n<p>\u0130kincisi,&nbsp; Ankara K\u0131z\u0131lay Meydan\u0131\u2019n\u0131n orta yerinde iri yap\u0131l\u0131 bir kad\u0131n\u0131n polisin att\u0131\u011f\u0131 gaz kaps\u00fcllerine, sars\u0131lmadan, elindeki T\u00fcrk bayra\u011f\u0131n\u0131 geni\u015f kol hareketleriyle sallamaya devam ederek direnmesidir.<\/p>\n\n\n\n<p>\u00dc\u00e7\u00fcnc\u00fcs\u00fc, Ankara Seyranba\u011flar\u0131\u2019nda ellili ya\u015flar\u0131nda bir adam\u0131n aya\u011f\u0131nda \u00e7izgili pijamas\u0131, \u00fczerinde atlet fanilas\u0131yla gaz bulutlar\u0131n\u0131n aras\u0131ndan elinde bir kalasla \u00e7\u0131k\u0131p polis panzerini durdurmaya \u00e7al\u0131\u015fmas\u0131d\u0131r.<\/p>\n\n\n\n<p>Onlar emek\u00e7i insanlard\u0131. &nbsp;Cumhuriyet de\u011ferlerine ba\u011fl\u0131 T\u00fcrk halk\u0131n\u0131n ta kendisiydi. Bu \u00fclkenin Kurulu\u015f \u0130lkeleri\u2019ne d\u00f6nerek varl\u0131\u011f\u0131n\u0131 s\u00fcrd\u00fcrmesi bug\u00fcn de onlar\u0131n verece\u011fi m\u00fccadeleye ba\u011fl\u0131. <em>Veryans\u0131n<\/em>, 01.10.2023<\/p>\n","protected":false},"excerpt":{"rendered":"<p>Yavuz Alogan &nbsp;&nbsp;&nbsp;&nbsp;&nbsp;&nbsp;&nbsp; Haziran 2013\u2019te \u0130stanbul\u2019da ba\u015flayarak T\u00fcrkiye\u2019nin neredeyse tamam\u0131na yay\u0131lan protesto g\u00f6sterileri neoliberal iktisat politikalar\u0131na ve sosyal-devletin s\u00f6n\u00fcmlenmesine kar\u015f\u0131 b\u00fct\u00fcn d\u00fcnyada g\u00f6r\u00fclen isyanlardan biriydi. &nbsp;&nbsp;&nbsp;&nbsp;&nbsp;&nbsp;&nbsp; Bizdeki g\u00f6sterilerin ba\u015flang\u0131c\u0131, yay\u0131lmas\u0131, slogan ve talepleri do\u011fal olarak&nbsp;&nbsp; farkl\u0131yd\u0131. &nbsp;&nbsp;&nbsp;&nbsp;&nbsp;&nbsp;&nbsp; Olaylar bir provokasyonla ba\u015flad\u0131: Gezi Park\u0131\u2019ndaki \u00e7ad\u0131rlar\u0131n ate\u015fe verilmesi. Zab\u0131ta memurlar\u0131n\u0131n s\u00f6kmeye ba\u015flad\u0131klar\u0131 \u00e7ad\u0131rlar\u0131 yakma talimat\u0131 veren \u0130l &hellip; <\/p>\n<p class=\"link-more\"><a href=\"http:\/\/yavuzalogan.com\/?p=1497\" class=\"more-link\">Continue reading<span class=\"screen-reader-text\"> &#8220;GEZ\u0130 PARKINDAN HALK AYAKLANMASINA&#8221;<\/span><\/a><\/p>\n","protected":false},"author":1,"featured_media":0,"comment_status":"open","ping_status":"open","sticky":false,"template":"","format":"standard","meta":{"footnotes":""},"categories":[1],"tags":[],"class_list":["post-1497","post","type-post","status-publish","format-standard","hentry","category-uncategorized"],"_links":{"self":[{"href":"http:\/\/yavuzalogan.com\/index.php?rest_route=\/wp\/v2\/posts\/1497","targetHints":{"allow":["GET"]}}],"collection":[{"href":"http:\/\/yavuzalogan.com\/index.php?rest_route=\/wp\/v2\/posts"}],"about":[{"href":"http:\/\/yavuzalogan.com\/index.php?rest_route=\/wp\/v2\/types\/post"}],"author":[{"embeddable":true,"href":"http:\/\/yavuzalogan.com\/index.php?rest_route=\/wp\/v2\/users\/1"}],"replies":[{"embeddable":true,"href":"http:\/\/yavuzalogan.com\/index.php?rest_route=%2Fwp%2Fv2%2Fcomments&post=1497"}],"version-history":[{"count":1,"href":"http:\/\/yavuzalogan.com\/index.php?rest_route=\/wp\/v2\/posts\/1497\/revisions"}],"predecessor-version":[{"id":1499,"href":"http:\/\/yavuzalogan.com\/index.php?rest_route=\/wp\/v2\/posts\/1497\/revisions\/1499"}],"wp:attachment":[{"href":"http:\/\/yavuzalogan.com\/index.php?rest_route=%2Fwp%2Fv2%2Fmedia&parent=1497"}],"wp:term":[{"taxonomy":"category","embeddable":true,"href":"http:\/\/yavuzalogan.com\/index.php?rest_route=%2Fwp%2Fv2%2Fcategories&post=1497"},{"taxonomy":"post_tag","embeddable":true,"href":"http:\/\/yavuzalogan.com\/index.php?rest_route=%2Fwp%2Fv2%2Ftags&post=1497"}],"curies":[{"name":"wp","href":"https:\/\/api.w.org\/{rel}","templated":true}]}}