{"id":1493,"date":"2023-09-29T16:29:42","date_gmt":"2023-09-29T14:29:42","guid":{"rendered":"http:\/\/yavuzalogan.com\/?p=1493"},"modified":"2023-09-29T16:29:42","modified_gmt":"2023-09-29T14:29:42","slug":"yeni-devlete-yeni-anayasa-girisimi","status":"publish","type":"post","link":"http:\/\/yavuzalogan.com\/?p=1493","title":{"rendered":"YEN\u0130 DEVLETE YEN\u0130 ANAYASA G\u0130R\u0130\u015e\u0130M\u0130"},"content":{"rendered":"\n<p><\/p>\n\n\n\n<figure class=\"wp-block-image size-large\"><img loading=\"lazy\" decoding=\"async\" width=\"1024\" height=\"692\" src=\"http:\/\/yavuzalogan.com\/wp-content\/uploads\/2023\/09\/Resim1-1-1024x692.jpg\" alt=\"\" class=\"wp-image-1495\" srcset=\"http:\/\/yavuzalogan.com\/wp-content\/uploads\/2023\/09\/Resim1-1-1024x692.jpg 1024w, http:\/\/yavuzalogan.com\/wp-content\/uploads\/2023\/09\/Resim1-1-444x300.jpg 444w, http:\/\/yavuzalogan.com\/wp-content\/uploads\/2023\/09\/Resim1-1-768x519.jpg 768w, http:\/\/yavuzalogan.com\/wp-content\/uploads\/2023\/09\/Resim1-1.jpg 1240w\" sizes=\"auto, (max-width: 767px) 89vw, (max-width: 1000px) 54vw, (max-width: 1071px) 543px, 580px\" \/><\/figure>\n\n\n\n<p><\/p>\n\n\n\n<p>Yavuz Alogan<\/p>\n\n\n\n<p><\/p>\n\n\n\n<p>Hakikatle y\u00fczle\u015fmek zordur, \u00e7\u00fcnk\u00fc insana sorumluluk y\u00fckler.\u00a0 Y\u00fckten ka\u00e7\u0131nmak i\u00e7in hakikati anlamazdan g\u00f6rmezden gelirsiniz, hal\u0131n\u0131n alt\u0131na s\u00fcp\u00fcr\u00fcrs\u00fcn\u00fcz. Fakat hakikat hal\u0131n\u0131n alt\u0131nda rahat durmaz, s\u00fcrekli ba\u015f\u0131n\u0131 \u00e7\u0131kar\u0131p size varl\u0131\u011f\u0131n\u0131 hissettirir.<\/p>\n\n\n\n<p>\u201cYeni bir devlet kurulmad\u0131\u011f\u0131na g\u00f6re yeni bir anayasa yap\u0131lamaz\u201d g\u00f6r\u00fc\u015f\u00fc, hakikatin ta kendisini; yani son yirmi y\u0131l i\u00e7inde yeni bir devletin ad\u0131m ad\u0131m kurulmu\u015f, &nbsp;rejimin de\u011fi\u015fmi\u015f oldu\u011fu ger\u00e7e\u011fini g\u00f6rmezden gelmenin,&nbsp; fark\u0131nda de\u011filmi\u015f gibi davranman\u0131n tipik \u00f6rne\u011fidir.<\/p>\n\n\n\n<p>Milyonlarca yurtta\u015f\u0131n kat\u0131ld\u0131\u011f\u0131 2007 Cumhuriyet Mitingleri\u2019ne ra\u011fmen 2010 Referandumu\u2019yla ve milyonlarca yurtta\u015f\u0131n isyan etti\u011fi&nbsp; 2013 Haziran g\u00f6sterilerine ra\u011fmen 2017 Referandumu\u2019yla T\u00fcrkiye\u2019nin y\u00f6netim sistemi de\u011fi\u015ftirildi, parlamento &nbsp;etkisiz bir &nbsp;siyas\u00ee oyun alan\u0131na d\u00f6n\u00fc\u015ft\u00fcr\u00fcl\u00fcrken b\u00fct\u00fcn devlet yetkilerini elinde toplayan bir Saray h\u00fck\u00fcmdarl\u0131\u011f\u0131 kuruldu.<\/p>\n\n\n\n<p>Bu yeni bir devlettir.<\/p>\n\n\n\n<p>\u015eimdi bu devlet,&nbsp; yaratt\u0131\u011f\u0131 fiili durumu hukuk\u00ee bir dayana\u011fa kavu\u015fturmak i\u00e7in yeni bir anayasa yapacak.<\/p>\n\n\n\n<p>Son genel se\u00e7imlerin ortaya \u00e7\u0131kard\u0131\u011f\u0131, \u00e7o\u011funlu\u011funu gericilerin \/ b\u00f6l\u00fcc\u00fclerin \/ i\u015fbirlik\u00e7ilerin olu\u015fturdu\u011fu Meclis, &nbsp;muhtemelen 31 Mart &nbsp;yerel se\u00e7imlerinden sonra anayasay\u0131 g\u00fcndemine alacak. Say\u0131n Saray\u2019\u0131n, Kabo\u011flu\u2019nun, PKK\u2019nin, Hizbullah\u2019\u0131n, T\u00dcS\u0130AD\u2019\u0131n ve k\u00fc\u00e7\u00fck gerici\/liberal partilerin anayasa taslaklar\u0131 \u00e7ekmecelerden \u00e7\u0131kar\u0131lacak, bunlar\u0131n pek \u00e7ok ortak noktas\u0131 birle\u015ftirilerek yeni bir anayasa tasla\u011f\u0131 haz\u0131rlanacak. &nbsp;Milletvekilleri ba\u011fl\u0131 kalacaklar\u0131na yemin ettikleri anayasan\u0131n tamam\u0131n\u0131 \u201cta\u011fyir, tebdil ve ilga\u201d ederek yeni bir anayasa yapacaklar.<\/p>\n\n\n\n<p>Siz bunun kar\u015f\u0131s\u0131na, Kurucu Meclis ve Toplum S\u00f6zle\u015fmesi fikriyle \u00e7\u0131k\u0131p, n\u00fcfusun yar\u0131dan fazlas\u0131n\u0131 harekete ge\u00e7iremiyorsan\u0131z ge\u00e7mi\u015f olsun. Meclis\u2019te 400 oy bulunamasa da 360 oy bulunur ve \u201c2023 Anayasas\u0131\u201d denilen metin k\u0131l pay\u0131yla referandumdan \u00e7\u0131kar.<\/p>\n\n\n\n<p>Vahim durum bundan ibarettir.<\/p>\n\n\n\n<p>Bundan sonra yap\u0131lacak genel se\u00e7imlerde TBMM\u2019de \u00e7o\u011funlu\u011fu ele ge\u00e7iren her siyas\u00ee parti kendi parti program\u0131n\u0131, ya da her siyas\u00ee partiler grubu farkl\u0131 parti programlar\u0131n\u0131n ortak noktalar\u0131n\u0131 esas alarak Meclis oylamas\u0131yla anayasa yapabilecek ya da kendi anayasa tasla\u011f\u0131n\u0131 referanduma g\u00f6t\u00fcrebilecektir. Bu tuhaf anayasa yapma y\u00f6nteminin yolu daha \u015fimdiden a\u00e7\u0131lm\u0131\u015ft\u0131r.<\/p>\n\n\n\n<p>Saray, do\u011fal olarak, 2053 hedefleri do\u011frultusunda anayasaya kendi program\u0131n\u0131 azami \u00f6l\u00e7\u00fcde sokmaya \u00e7al\u0131\u015facak.<\/p>\n\n\n\n<p>Muhalefet partileri k\u00fc\u00e7\u00fck b\u00fcy\u00fck belediye rantlar\u0131na kendi adamlar\u0131n\u0131n \u00e7\u00f6kmesini temin maksad\u0131yla delege pazarlar\u0131 kurup kendi i\u00e7lerinde mikro iktidar\/menfaat m\u00fccadelesine giri\u015fmi\u015fken, Saray\u2019\u0131n adamlar\u0131&nbsp; \u201c2023 Anayasas\u0131\u201d konusunda nab\u0131z yokluyor, kafa kar\u0131\u015ft\u0131rarak ortam\u0131 haz\u0131rl\u0131yorlar. Asl\u0131nda anayasa tart\u0131\u015fmalar\u0131n\u0131n g\u00fcndemini belirliyorlar. Bir s\u00fcre sonra b\u00fct\u00fcn siyas\u00ee toplum, daha \u00f6nce &nbsp;defalarca g\u00f6r\u00fcld\u00fc\u011f\u00fc gibi, Saray\u2019\u0131n belirledi\u011fi g\u00fcndem \u00fczerinden anayasa tart\u0131\u015fmalar\u0131na \u00e7ekilecek.<\/p>\n\n\n\n<p>TBMM Ba\u015fkan\u0131 Numan Kurtulmu\u015f, anayasayla ilgili g\u00fcndemi belirlemeye \u00e7al\u0131\u015ft\u0131klar\u0131n\u0131 a\u00e7\u0131k\u00e7a s\u00f6yledi: \u201cE\u011fer siyas\u00ee iklimi do\u011fru bir \u015fekilde olu\u015fturmay\u0131 ba\u015farabilirsek, ben T\u00fcrkiye&#8217;nin bu d\u00f6nemde yeni anayasay\u0131 yapabilecek bir imk\u00e2na kavu\u015faca\u011f\u0131 kanaatindeyim,\u201d dedi.<\/p>\n\n\n\n<p>\u015eu anda iklimi olu\u015fturuyorlar.<\/p>\n\n\n\n<p>Peki nas\u0131l bir anayasa yapacaklar?<\/p>\n\n\n\n<p>Say\u0131n Kurtulmu\u015f\u2019un s\u00f6zleriyle \u201cb\u00fcrokratik oligar\u015fi\u201dnin iradesini esas almayan bir anayasa yapacaklarm\u0131\u015f. &nbsp;Yeni anayasa,&nbsp; se\u00e7kin z\u00fcmrelerin iradesini de\u011fil mill\u00ee iradeyi esas alacak, atanm\u0131\u015flar taraf\u0131ndan de\u011fil se\u00e7ilmi\u015fler taraf\u0131ndan yap\u0131lacakm\u0131\u015f.<\/p>\n\n\n\n<p>Bu bir uvert\u00fcrd\u00fcr, yani perde a\u00e7\u0131lmadan \u00f6nce orkestran\u0131n \u00e7ald\u0131\u011f\u0131 giri\u015f \/ haz\u0131rl\u0131k b\u00f6l\u00fcm\u00fcd\u00fcr. &nbsp;Perde a\u00e7\u0131ld\u0131\u011f\u0131nda \u00fcniter ulus-devlet\u2019in, milleti ve devletiyle b\u00f6l\u00fcnmez b\u00fct\u00fcnl\u00fc\u011f\u00fcn, \u201cT\u00fcrk\u201d kavram\u0131n\u0131n, laiklik ba\u015fta olmak \u00fczere Atat\u00fcrk \u0130lke ve \u0130nk\u0131l\u00e2plar\u0131\u2019n\u0131n, 1921 anayasas\u0131n\u0131n, devletin dini iman\u0131 gibi sorunlar\u0131n tart\u0131\u015f\u0131ld\u0131\u011f\u0131n\u0131 g\u00f6receksiniz. &nbsp;&nbsp;<\/p>\n\n\n\n<p>Saray b\u00fct\u00fcn bu sorunlar\u0131 siyas\u00ee topluma tart\u0131\u015ft\u0131rd\u0131ktan sonra mevcut Meclis yeni bir anayasa tasla\u011f\u0131 haz\u0131rlayacak.<\/p>\n\n\n\n<p>Sonra pek \u00e7ok genel se\u00e7im olacak, \u015fimdiki se\u00e7ilmi\u015fler gidecek, farkl\u0131 program\u0131 olan ba\u015fka se\u00e7ilmi\u015fler gelecek. \u00d6n\u00fcm\u00fczdeki on y\u0131llar, hatta y\u00fczy\u0131llar i\u00e7inde meclis \u00e7o\u011funlu\u011funu ele ge\u00e7iren her parti ya da partiler grubu kendi anayasas\u0131n\u0131 yapacak.&nbsp; \u00d6yle mi? T\u00fcrkiye\u2019nin anayasa yapma y\u00f6ntemi bu mu olacak? \u0130ktidara gelen her parti ya da partiler koalisyonu kendi anayasa tasla\u011f\u0131n\u0131 da beraberinde mi getirecek?<\/p>\n\n\n\n<p>Servet transferinin, gelir b\u00f6l\u00fc\u015f\u00fcm\u00fcnde adaletsizli\u011fin, a\u015f\u0131r\u0131 h\u0131rs\u0131zl\u0131k ve yolsuzlu\u011fun yol a\u00e7t\u0131\u011f\u0131 toplumsal bunal\u0131m nedeniyle se\u00e7men taban\u0131 s\u00fcrekli eriyen Saray, yirmi y\u0131ll\u0131k iktidar\u0131n\u0131n en zay\u0131f ve karars\u0131z d\u00f6neminde \u201cs\u0131f\u0131rdan anayasa\u201d yapma c\u00fcretini mevcut TBMM\u2019nin ideolojik yap\u0131s\u0131nda bulmaktad\u0131r. CHP, Cumhuriyet kar\u015f\u0131t\u0131 k\u00fc\u00e7\u00fck partileri Meclis\u2019e ta\u015f\u0131m\u0131\u015f, Saray\u2019\u0131n yeni anayasas\u0131n\u0131 kabul ettirece\u011fi gerici \/ b\u00f6l\u00fcc\u00fc \/i\u015fbirlik\u00e7i \u00e7o\u011funlu\u011fu takviye etmi\u015ftir.<\/p>\n\n\n\n<p>Milletin tamam\u0131n\u0131 temsil etmeyen bu Meclis\u2019in yapaca\u011f\u0131 \u201c2023 Anayasas\u0131\u201d halk\u0131n yar\u0131dan fazlas\u0131n\u0131 yabanc\u0131la\u015ft\u0131racak, itirazlara, direni\u015flere, giderek \u00e7at\u0131\u015fmalara yol a\u00e7acak; T\u00fcrk milletini b\u00fct\u00fcn fertleriyle kaderde, k\u0131van\u00e7ta ve tasada ortak k\u0131lma hedefinden vazge\u00e7ilmesi, halk aras\u0131ndaki uzla\u015fmaz \u00e7eli\u015fkileri tehlikeli bi\u00e7imde keskinle\u015ftirecektir.<\/p>\n\n\n\n<p>Saray\u2019\u0131n bundan sonra iyice \u00e7e\u015fitlenece\u011fi anla\u015f\u0131lan anayasa g\u00fcndemine hapsolacak yerde, Kurucu Meclis fikri etraf\u0131nda parlamento d\u0131\u015f\u0131 bir muhalefet olu\u015fturmak; laik, demokratik, sosyal hukuk devleti hedefini kuvvetle savunmak gerekir. <em>Veryans\u0131n<\/em>, 29. 09. 2023&nbsp; &nbsp;<\/p>\n","protected":false},"excerpt":{"rendered":"<p>Yavuz Alogan Hakikatle y\u00fczle\u015fmek zordur, \u00e7\u00fcnk\u00fc insana sorumluluk y\u00fckler.\u00a0 Y\u00fckten ka\u00e7\u0131nmak i\u00e7in hakikati anlamazdan g\u00f6rmezden gelirsiniz, hal\u0131n\u0131n alt\u0131na s\u00fcp\u00fcr\u00fcrs\u00fcn\u00fcz. Fakat hakikat hal\u0131n\u0131n alt\u0131nda rahat durmaz, s\u00fcrekli ba\u015f\u0131n\u0131 \u00e7\u0131kar\u0131p size varl\u0131\u011f\u0131n\u0131 hissettirir. \u201cYeni bir devlet kurulmad\u0131\u011f\u0131na g\u00f6re yeni bir anayasa yap\u0131lamaz\u201d g\u00f6r\u00fc\u015f\u00fc, hakikatin ta kendisini; yani son yirmi y\u0131l i\u00e7inde yeni bir devletin ad\u0131m ad\u0131m kurulmu\u015f, &hellip; <\/p>\n<p class=\"link-more\"><a href=\"http:\/\/yavuzalogan.com\/?p=1493\" class=\"more-link\">Continue reading<span class=\"screen-reader-text\"> &#8220;YEN\u0130 DEVLETE YEN\u0130 ANAYASA G\u0130R\u0130\u015e\u0130M\u0130&#8221;<\/span><\/a><\/p>\n","protected":false},"author":1,"featured_media":0,"comment_status":"open","ping_status":"open","sticky":false,"template":"","format":"standard","meta":{"footnotes":""},"categories":[1],"tags":[],"class_list":["post-1493","post","type-post","status-publish","format-standard","hentry","category-uncategorized"],"_links":{"self":[{"href":"http:\/\/yavuzalogan.com\/index.php?rest_route=\/wp\/v2\/posts\/1493","targetHints":{"allow":["GET"]}}],"collection":[{"href":"http:\/\/yavuzalogan.com\/index.php?rest_route=\/wp\/v2\/posts"}],"about":[{"href":"http:\/\/yavuzalogan.com\/index.php?rest_route=\/wp\/v2\/types\/post"}],"author":[{"embeddable":true,"href":"http:\/\/yavuzalogan.com\/index.php?rest_route=\/wp\/v2\/users\/1"}],"replies":[{"embeddable":true,"href":"http:\/\/yavuzalogan.com\/index.php?rest_route=%2Fwp%2Fv2%2Fcomments&post=1493"}],"version-history":[{"count":1,"href":"http:\/\/yavuzalogan.com\/index.php?rest_route=\/wp\/v2\/posts\/1493\/revisions"}],"predecessor-version":[{"id":1496,"href":"http:\/\/yavuzalogan.com\/index.php?rest_route=\/wp\/v2\/posts\/1493\/revisions\/1496"}],"wp:attachment":[{"href":"http:\/\/yavuzalogan.com\/index.php?rest_route=%2Fwp%2Fv2%2Fmedia&parent=1493"}],"wp:term":[{"taxonomy":"category","embeddable":true,"href":"http:\/\/yavuzalogan.com\/index.php?rest_route=%2Fwp%2Fv2%2Fcategories&post=1493"},{"taxonomy":"post_tag","embeddable":true,"href":"http:\/\/yavuzalogan.com\/index.php?rest_route=%2Fwp%2Fv2%2Ftags&post=1493"}],"curies":[{"name":"wp","href":"https:\/\/api.w.org\/{rel}","templated":true}]}}