{"id":1333,"date":"2023-02-26T10:14:35","date_gmt":"2023-02-26T08:14:35","guid":{"rendered":"http:\/\/yavuzalogan.com\/?p=1333"},"modified":"2023-02-26T10:14:35","modified_gmt":"2023-02-26T08:14:35","slug":"devlet-ve-deprem-ve-istifa","status":"publish","type":"post","link":"http:\/\/yavuzalogan.com\/?p=1333","title":{"rendered":"DEVLET VE DEPREM VE \u0130ST\u0130FA"},"content":{"rendered":"\n<figure class=\"wp-block-image size-full\"><img loading=\"lazy\" decoding=\"async\" width=\"680\" height=\"447\" src=\"http:\/\/yavuzalogan.com\/wp-content\/uploads\/2023\/02\/ISTIFA.jpg\" alt=\"\" class=\"wp-image-1334\" srcset=\"http:\/\/yavuzalogan.com\/wp-content\/uploads\/2023\/02\/ISTIFA.jpg 680w, http:\/\/yavuzalogan.com\/wp-content\/uploads\/2023\/02\/ISTIFA-456x300.jpg 456w\" sizes=\"auto, (max-width: 680px) 100vw, 680px\" \/><\/figure>\n\n\n\n<p>Yavuz Alogan<\/p>\n\n\n\n<p>&nbsp;&nbsp;&nbsp;&nbsp;&nbsp;&nbsp;&nbsp; &nbsp;&nbsp;17 A\u011fustos G\u00f6lc\u00fck depreminin \u201cOrada kimse yok mu?\u201d sorusundan, 6 \u015eubat depreminin \u201cBuraya kimse gelmedi\u201d s\u00f6z\u00fcne kadar tam 24 &nbsp;&nbsp;y\u0131l ge\u00e7ti.<\/p>\n\n\n\n<p>&nbsp;&nbsp;&nbsp;&nbsp;&nbsp;&nbsp;&nbsp; Bu uzun s\u00fcre i\u00e7inde Devlet evreler h\u00e2linde tek bir siyas\u00ee partiye indirgendi, geni\u015fleyerek Cumhuriyet\u2019in b\u00fct\u00fcn kurumlar\u0131n\u0131 yuttu. Fakat yuttu\u011funu sindiremedi. Sindirmek i\u00e7in u\u011fra\u015ft\u0131k\u00e7a halka yoksulluk, mutsuzluk, umutsuzluk getirdi, sonunda \u00f6l\u00fcm ve y\u0131k\u0131m ac\u0131s\u0131 ya\u015fatt\u0131.<\/p>\n\n\n\n<p>&nbsp;&nbsp;&nbsp;&nbsp;&nbsp;&nbsp;&nbsp; \u0130ktidar partisini devlet zanneden ahmaklar ya da \u015fahsi menfaatleri gerektirdi\u011fi i\u00e7in \u00e7evresindeki \u00fc\u00e7 be\u015f dan\u0131\u015fman\u0131 ve s\u0131rda\u015f\u0131yla birlikte iktidar koltu\u011funda oturan tek bir adam\u0131 devlet gibi g\u00f6steren fikir hokkabazlar\u0131, kendileri gibi d\u00fc\u015f\u00fcnmeyen, asgari d\u00fczeyde de olsa i\u015flevlerini yerine getiren bir Devlet isteyen herkesi \u201cdevlet d\u00fc\u015fman\u0131\u201d gibi g\u00f6stermeye \u00e7al\u0131\u015ft\u0131lar. &nbsp;\u015eahsi ve siyas\u00ee menfaatlerini Saray\u2019\u0131n kar\u015f\u0131devrimiyle ve nihai hedefleriyle tevhit eden muhterisleri bu devir ge\u00e7tikten, foyalar\u0131 ortaya \u00e7\u0131kt\u0131ktan sonra, sokakta her kim g\u00f6r\u00fcrse y\u00fczlerine t\u00fck\u00fcrecektir. Niyetlerini anl\u0131yoruz; her s\u00f6zlerini, her k\u0131v\u0131rtmalar\u0131n\u0131 ve \u0131k\u0131nmalar\u0131n\u0131 deftere yaz\u0131yoruz.<\/p>\n\n\n\n<p>&nbsp;&nbsp;&nbsp;&nbsp;&nbsp;&nbsp;&nbsp; Binlerce yurtta\u015f\u0131n kan\u0131yla \u0131slanm\u0131\u015f \u00e7\u00fcr\u00fck beton, insan kemikleriyle kar\u0131\u015fm\u0131\u015f pasl\u0131 demir, ezilmi\u015f par\u00e7alanm\u0131\u015f ev e\u015fyalar\u0131, k\u0131r\u0131k mobilyalar, oyuncaklar, aile alb\u00fcmleri ve her t\u00fcrl\u00fc g\u00fcndelik e\u015fyadan olu\u015fan 200 milyon ton enkaz\u0131&nbsp; kamyonlarla karman \u00e7orman g\u00f6t\u00fcr\u00fcp bo\u015faltacak yer elbette bulunur; ancak &nbsp;sokaktan toplanm\u0131\u015f liyakatsiz &nbsp;kadrolar\u0131yla kendisini devlet olarak tan\u0131mlayan siyas\u00ee partinin \u015fu son yirmi y\u0131l i\u00e7inde yaratt\u0131\u011f\u0131 k\u00fclt\u00fcrel, ideolojik, kurumsal, maddi ve manevi enkaz\u0131 &nbsp;kald\u0131rmak i\u00e7in hayat\u0131n her alan\u0131nda devrim yapmak gerekir.<\/p>\n\n\n\n<p>&nbsp;&nbsp;&nbsp;&nbsp;&nbsp;&nbsp;&nbsp; Fakat \u00f6nce istifa\u2026 &nbsp;Servetlerini T\u00fcrk Milleti\u2019ne beyan edip istifa etmeleri gerekir. &nbsp;&nbsp;&nbsp;&nbsp;&nbsp;&nbsp;<\/p>\n\n\n\n<p>&nbsp;&nbsp;&nbsp;&nbsp;&nbsp;&nbsp;&nbsp; Sadece tek bir c\u00fcmlenin yans\u0131tt\u0131\u011f\u0131 tedbirsizlik, umursamazl\u0131k, bilimden uzakl\u0131k, insafs\u0131zl\u0131k ve partizanl\u0131k bile asgari vicdan sahibinin istifas\u0131n\u0131 gerektirir.<\/p>\n\n\n\n<p>O c\u00fcmle \u015fudur: \u201c\u0130mar bar\u0131\u015f\u0131yla 1 milyon 700 000 vatanda\u015f\u0131m\u0131z\u0131n sorununu \u00e7\u00f6zd\u00fck.\u201d<\/p>\n\n\n\n<p>Kendisi de herhalde b\u00f6ylesine \u00e7ok y\u00f6nl\u00fc bir y\u0131k\u0131mla kar\u015f\u0131la\u015fmak, Cumhuriyet Devrimi\u2019nin intikam\u0131n\u0131 al\u0131yorum diye meydan\u0131 bo\u015f bulduk\u00e7a ilerleyerek bug\u00fcnk\u00fc \u00e7\u0131kmaz soka\u011fa girmek istemezdi. Niye istesin? B\u00f6yle adamlar ba\u015far\u0131l\u0131 olmak, herkes taraf\u0131ndan sevilmek, kendi d\u00fcnya g\u00f6r\u00fc\u015f\u00fcn\u00fc herkese ilim irfan diye benimsetmek isterler. K\u00f6pr\u00fcler, viyad\u00fckler, ikiz yollar yapm\u0131\u015f \u00fcmmeti gelip ge\u00e7sin diye, havaalanlar\u0131 a\u00e7m\u0131\u015f insanlar u\u00e7sun diye; kupon arazilere \u00e7ok katl\u0131 binalar, her yere devasa camiler yapm\u0131\u015f, e\u011fitim \u00f6\u011fretimi imam hatiple\u015ftirmi\u015f kindar ve dindar bir nesil yeti\u015fsin diye\u2026<\/p>\n\n\n\n<p>Ama olmam\u0131\u015f\u2026<\/p>\n\n\n\n<p>Ekonominin nass\u2019larla y\u00f6netilemeyece\u011fini; halk aras\u0131nda uzla\u015fmaz \u00e7eli\u015fkiler yarat\u0131l\u0131nca huzur olmayaca\u011f\u0131n\u0131; ordunun yap\u0131s\u0131 bozulunca g\u00fcvenli\u011fin sa\u011flanamayaca\u011f\u0131n\u0131; i\u015f ahlak\u0131ndan yoksun 400 bin ehliyetsiz m\u00fcteahhidin her t\u00fcrl\u00fc denetimden azade in\u015faat\/k\u00e2r ihtiras\u0131yla kentlerin imar edilemeyece\u011fini; liyakatsiz emir kullar\u0131n\u0131n y\u00f6netti\u011fi K\u0131z\u0131lay ve AFAD gibi kurumlar\u0131n \u00fclkeyi afetlerin zarar ziyan ve can kay\u0131plar\u0131na a\u00e7\u0131k b\u0131rakaca\u011f\u0131n\u0131 bu halk \u00e7ok a\u011f\u0131r bir bedel \u00f6deyerek \u00f6\u011frendi ve \u00f6\u011frenmeye devam edecek. Yetmedi mi?<\/p>\n\n\n\n<p>Art\u0131k isteseler de d\u00fczeltemezler. &nbsp;Girdikleri ak\u0131l mant\u0131k d\u0131\u015f\u0131 yoldan geri d\u00f6n\u00fcp milletin yarar\u0131na bir i\u015f yapmalar\u0131, mutabakat sa\u011flamalar\u0131 bu saatten sonra m\u00fcmk\u00fcn olmaz. Edindikleri y\u00f6netim tecr\u00fcbesinin niteli\u011fi, \u00e7evrelerine toplad\u0131klar\u0131 a\u00e7g\u00f6zl\u00fc liyakatsiz kadrolar\u0131n karakteri ve i\u015f yapma tarz\u0131, alay\u0131n\u0131n ideolojik zihniyeti bundan sonra atacaklar\u0131 her ad\u0131mda ayaklar\u0131na dolanacak ve isteseler de \u00fclkeyi enkaz\u0131n alt\u0131ndan \u00e7\u0131karmalar\u0131na engel olacak, halk\u0131 \u00e7ok daha b\u00fcy\u00fck felaketlere s\u00fcr\u00fckleyebilecek.<\/p>\n\n\n\n<p>Deprem felaketinin boy aynas\u0131nda kendilerini ger\u00e7ek boyutlar\u0131yla ve onlar\u0131 bug\u00fcne getiren yollar\u0131 geni\u015f bir perspektif i\u00e7inde g\u00f6rd\u00fcler. Sadece onlar de\u011fil, kendi se\u00e7menleri d\u00e2hil herkes g\u00f6rd\u00fc. &nbsp;\u015eik\u00e2yet edenlere en ceberrut tav\u0131rlarla hakaret etmelerinin sebebi budur.<\/p>\n\n\n\n<p>\u015eimdilik diktat\u00f6rl\u00fck kurma imk\u00e2n ve kabiliyetlerini k\u00fc\u00e7\u00fck ad\u0131mlarla test etmeye \u00e7al\u0131\u015f\u0131yorlar. Bir iki ad\u0131m sonra diktat\u00f6rl\u00fck kuramayacaklar\u0131n\u0131, b\u00f6yle bir kabiliyete de sahip olmad\u0131klar\u0131n\u0131 anlayacaklar.<\/p>\n\n\n\n<p>Diktat\u00f6rl\u00fck kurmak cidd\u00ee bir i\u015ftir; devlet kurumlar\u0131n\u0131, y\u00fcksek d\u00fczeyde \u00f6rg\u00fctlenme kapasitesini, ortak hedeflerde birle\u015fmi\u015f kadrolar\u0131 ve ne yapt\u0131\u011f\u0131n\u0131 bilen bask\u0131 ayg\u0131tlar\u0131n\u0131 gerektirir. Bunlar\u0131n hi\u00e7birine sahip olmayan bir iktidar; Meclis\u2019in yerine ge\u00e7mi\u015f da\u011f\u0131n\u0131k bir siyasi parti; siyas\u00ee partinin yerine ge\u00e7mi\u015f bir saray dan\u0131\u015fmanlar\u0131 ve ofis memurlar\u0131 toplulu\u011fu ve onlar\u0131n ba\u015f\u0131nda duran her \u015feye yetkili tek bir adamdan yap\u0131sal olarak diktat\u00f6rl\u00fck \u00e7\u0131kmaz. \u00c7\u0131ksa da tutunamaz, alt\u0131 bo\u015f.<\/p>\n\n\n\n<p>Neoliberal iktisat politikalar\u0131n\u0131 abartarak ya\u011fmac\u0131l\u0131\u011fa d\u00f6n\u00fc\u015ft\u00fcrm\u00fc\u015f, her \u015feyi ak\u0131\u015f\u0131na b\u0131rak\u0131rken kadrolar\u0131n\u0131 sadece zenginle\u015fme imk\u00e2n\u0131yla g\u00fcd\u00fclemi\u015f, kaderin plan\u0131na boyun e\u011ferek g\u00f6klerden gelecek karar\u0131 bekleyen bir iktidara bu \u00fclkenin ve halk\u0131n daha fazla katlanma ve boyun e\u011fme mecburiyeti yoktur.<\/p>\n\n\n\n<p>Bu y\u00fczden istifa etmeleri gerekir.<\/p>\n\n\n\n<p>Devlet Bah\u00e7eli\u2019nin \u201cBu b\u00fcy\u00fck felaket mucizelerle anlam k\u0131l\u0131nm\u0131\u015f, i\u00e7inde s\u0131r olan bir olay gibi geliyor bana\u201d s\u00f6z\u00fcne kat\u0131lmamak elde de\u011fil. Siyas\u00ee iktidar\u0131n ger\u00e7ek niteli\u011fiyle ilgili kitlesel bilin\u00e7 patlamas\u0131 bu b\u00fcy\u00fck felaketin mucizesi olacak ve Saray rejiminin b\u00fct\u00fcn s\u0131rlar\u0131 ortal\u0131\u011fa d\u00f6k\u00fclecektir. Cesaret korkudan daha bula\u015f\u0131c\u0131d\u0131r, \u00f6fkenin r\u00fczg\u00e2r\u0131n\u0131 arkas\u0131na ald\u0131\u011f\u0131nda orman yang\u0131n\u0131 gibi yay\u0131l\u0131r.<\/p>\n\n\n\n<p>Bu iktidarla se\u00e7ime gitmek cinayettir.<\/p>\n\n\n\n<p>May\u0131s\u2019ta ya da Haziran\u2019da yap\u0131lacak bir se\u00e7imin kazanan\u0131 olmaz. Saray iktidar\u0131n\u0131n normal demokratik prosed\u00fcrle iktidar\u0131n devrine raz\u0131 olmayaca\u011f\u0131, kazand\u0131\u011f\u0131 mevzileri korumak i\u00e7in akla gelen ve gelmeyen her yola tevess\u00fcl edece\u011fi a\u00e7\u0131kt\u0131r. Bunu ka\u00e7 kere s\u00f6ylediler zaten. \u201cMemleketi bunlara teslim edemeyiz,\u201d demediler mi? &nbsp;Siyaset yorumcular\u0131n\u0131n, i\u015fler iyice k\u00f6t\u00fcle\u015fmeden, felaketin faturas\u0131 \u00e7\u0131kmadan AKP se\u00e7ime gidecektir yorumu do\u011frudur ve televizyonda onlar\u0131 izleyen s\u0131radan yurtta\u015f\u0131n \u00f6fkeden sa\u00e7\u0131n\u0131 ba\u015f\u0131n\u0131 yolmas\u0131na sebebiyet verecek \u00f6l\u00e7\u00fcde derin bir \u00e7aresizli\u011fi yans\u0131tmaktad\u0131r. Bir \u00fclke bu kadar \u00e7aresiz, se\u00e7eneksiz olmamal\u0131.<\/p>\n\n\n\n<p>&nbsp;&nbsp;&nbsp;Y\u00fcce Meclis\u2019in ve siyas\u00ee toplumun kendi i\u00e7inden bir ge\u00e7ici se\u00e7im h\u00fck\u00fcmeti \u00e7\u0131karmas\u0131; kurulacak h\u00fck\u00fcmetin parti politikalar\u0131ndan ve oy kayg\u0131lar\u0131ndan ar\u0131nm\u0131\u015f bir anlay\u0131\u015fla Devlet\u2019i restore etmesi, devleti siyas\u00ee parti olmaktan kurtararak Devlet olarak yeniden i\u015fler h\u00e2le getirmesi, afet y\u00f6netimini yeniden \u00f6rg\u00fctlemesi, liyakatli ve kendi konusunda uzman siyaset d\u0131\u015f\u0131 ki\u015fileri kooptasyon yoluyla kapsay\u0131p yetkilendirmesi gerekir. Siyas\u00ee iktidara indirgenerek y\u0131prat\u0131lm\u0131\u015f olsa da devletin elinde her t\u00fcrl\u00fc bilgi, belge ve rapor vard\u0131r. &nbsp;Devlet\u2019in ekonomide ve afet y\u00f6netiminde acil \u00f6nlemler almas\u0131 ve se\u00e7im g\u00fcvenli\u011fini sa\u011flanmas\u0131, T\u00fcrkiye\u2019nin b\u00fct\u00fcn g\u00fcc\u00fcn\u00fc ve birikimini seferber etmesi gerekir.<\/p>\n\n\n\n<p>&nbsp;&nbsp;&nbsp;Bu felaket ortam\u0131nda siyas\u00ee partilerin fanatik ve sakar bir pop\u00fclizmle se\u00e7im yar\u0131\u015f\u0131na, a\u011f\u0131z dala\u015f\u0131na girmesi \u00fclkeyi i\u00e7inden \u00e7\u0131k\u0131lmas\u0131 zor bir kaosa s\u00fcr\u00fckleyecek ve iktidar kapan\u0131n elinde kalacakt\u0131r. Demokrasi istiyorsan\u0131z, se\u00e7mene bir d\u00fc\u015f\u00fcnme \/ karar verme aral\u0131\u011f\u0131 b\u0131rakman\u0131z, asgari ihtiya\u00e7lar\u0131 kar\u015f\u0131layarak \u00f6ncelikle se\u00e7im g\u00fcvenli\u011fini sa\u011flaman\u0131z gerekir. &nbsp;<em>Veryans\u0131n<\/em>, 26. 02. 2023 &nbsp;<\/p>\n","protected":false},"excerpt":{"rendered":"<p>Yavuz Alogan &nbsp;&nbsp;&nbsp;&nbsp;&nbsp;&nbsp;&nbsp; &nbsp;&nbsp;17 A\u011fustos G\u00f6lc\u00fck depreminin \u201cOrada kimse yok mu?\u201d sorusundan, 6 \u015eubat depreminin \u201cBuraya kimse gelmedi\u201d s\u00f6z\u00fcne kadar tam 24 &nbsp;&nbsp;y\u0131l ge\u00e7ti. &nbsp;&nbsp;&nbsp;&nbsp;&nbsp;&nbsp;&nbsp; Bu uzun s\u00fcre i\u00e7inde Devlet evreler h\u00e2linde tek bir siyas\u00ee partiye indirgendi, geni\u015fleyerek Cumhuriyet\u2019in b\u00fct\u00fcn kurumlar\u0131n\u0131 yuttu. Fakat yuttu\u011funu sindiremedi. Sindirmek i\u00e7in u\u011fra\u015ft\u0131k\u00e7a halka yoksulluk, mutsuzluk, umutsuzluk getirdi, sonunda \u00f6l\u00fcm &hellip; <\/p>\n<p class=\"link-more\"><a href=\"http:\/\/yavuzalogan.com\/?p=1333\" class=\"more-link\">Continue reading<span class=\"screen-reader-text\"> &#8220;DEVLET VE DEPREM VE \u0130ST\u0130FA&#8221;<\/span><\/a><\/p>\n","protected":false},"author":1,"featured_media":0,"comment_status":"open","ping_status":"open","sticky":false,"template":"","format":"standard","meta":{"footnotes":""},"categories":[1],"tags":[],"class_list":["post-1333","post","type-post","status-publish","format-standard","hentry","category-uncategorized"],"_links":{"self":[{"href":"http:\/\/yavuzalogan.com\/index.php?rest_route=\/wp\/v2\/posts\/1333","targetHints":{"allow":["GET"]}}],"collection":[{"href":"http:\/\/yavuzalogan.com\/index.php?rest_route=\/wp\/v2\/posts"}],"about":[{"href":"http:\/\/yavuzalogan.com\/index.php?rest_route=\/wp\/v2\/types\/post"}],"author":[{"embeddable":true,"href":"http:\/\/yavuzalogan.com\/index.php?rest_route=\/wp\/v2\/users\/1"}],"replies":[{"embeddable":true,"href":"http:\/\/yavuzalogan.com\/index.php?rest_route=%2Fwp%2Fv2%2Fcomments&post=1333"}],"version-history":[{"count":1,"href":"http:\/\/yavuzalogan.com\/index.php?rest_route=\/wp\/v2\/posts\/1333\/revisions"}],"predecessor-version":[{"id":1335,"href":"http:\/\/yavuzalogan.com\/index.php?rest_route=\/wp\/v2\/posts\/1333\/revisions\/1335"}],"wp:attachment":[{"href":"http:\/\/yavuzalogan.com\/index.php?rest_route=%2Fwp%2Fv2%2Fmedia&parent=1333"}],"wp:term":[{"taxonomy":"category","embeddable":true,"href":"http:\/\/yavuzalogan.com\/index.php?rest_route=%2Fwp%2Fv2%2Fcategories&post=1333"},{"taxonomy":"post_tag","embeddable":true,"href":"http:\/\/yavuzalogan.com\/index.php?rest_route=%2Fwp%2Fv2%2Ftags&post=1333"}],"curies":[{"name":"wp","href":"https:\/\/api.w.org\/{rel}","templated":true}]}}