{"id":1326,"date":"2023-02-19T09:56:39","date_gmt":"2023-02-19T07:56:39","guid":{"rendered":"http:\/\/yavuzalogan.com\/?p=1326"},"modified":"2023-02-19T09:56:39","modified_gmt":"2023-02-19T07:56:39","slug":"iktidar-ve-korku","status":"publish","type":"post","link":"http:\/\/yavuzalogan.com\/?p=1326","title":{"rendered":"\u0130KT\u0130DAR VE KORKU"},"content":{"rendered":"\n<figure class=\"wp-block-image size-large\"><img loading=\"lazy\" decoding=\"async\" width=\"1024\" height=\"576\" src=\"http:\/\/yavuzalogan.com\/wp-content\/uploads\/2023\/02\/Iktidar-ve-Korku-1024x576.png\" alt=\"\" class=\"wp-image-1327\" srcset=\"http:\/\/yavuzalogan.com\/wp-content\/uploads\/2023\/02\/Iktidar-ve-Korku-1024x576.png 1024w, http:\/\/yavuzalogan.com\/wp-content\/uploads\/2023\/02\/Iktidar-ve-Korku-500x281.png 500w, http:\/\/yavuzalogan.com\/wp-content\/uploads\/2023\/02\/Iktidar-ve-Korku-768x432.png 768w, http:\/\/yavuzalogan.com\/wp-content\/uploads\/2023\/02\/Iktidar-ve-Korku-1536x864.png 1536w, http:\/\/yavuzalogan.com\/wp-content\/uploads\/2023\/02\/Iktidar-ve-Korku.png 1920w\" sizes=\"auto, (max-width: 767px) 89vw, (max-width: 1000px) 54vw, (max-width: 1071px) 543px, 580px\" \/><\/figure>\n\n\n\n<p>\u00a0\u00a0\u00a0\u00a0\u00a0\u00a0\u00a0\u00a0\u00a0\u00a0\u00a0\u00a0\u00a0\u00a0\u00a0\u00a0\u00a0\u00a0\u00a0\u00a0\u00a0\u00a0\u00a0\u00a0\u00a0\u00a0\u00a0\u00a0\u00a0\u00a0\u00a0\u00a0\u00a0\u00a0 <\/p>\n\n\n\n<p>Yavuz Alogan<\/p>\n\n\n\n<p>&nbsp;&nbsp;&nbsp;&nbsp;&nbsp;&nbsp;&nbsp; &nbsp;Mevcut ko\u015fullarda iki soru \u00f6ne \u00e7\u0131k\u0131yor:<\/p>\n\n\n\n<p>Kendisini devlet olarak yap\u0131land\u0131ran siyas\u00ee partiyi bir arada tutan nedir?<\/p>\n\n\n\n<p>&nbsp;&nbsp;&nbsp;&nbsp;&nbsp;&nbsp;&nbsp; Ve ikincisi;<\/p>\n\n\n\n<p>&nbsp;&nbsp;&nbsp;&nbsp;&nbsp;&nbsp;&nbsp; &nbsp;Mutlak iktidar sahibinin s\u0131n\u0131rs\u0131z ihtiras\u0131n\u0131 dizginleyecek olan nedir?<\/p>\n\n\n\n<p>&nbsp;&nbsp;&nbsp;&nbsp;&nbsp;&nbsp;&nbsp; Birinci soruyu y\u0131llar \u00f6nce yapt\u0131\u011f\u0131m\u0131z bir sohbet s\u0131ras\u0131nda merhum Tekta\u015f A\u011fao\u011flu yorumlam\u0131\u015ft\u0131. \u201c\u0130ktidarlar\u0131 tehlikeye girdi\u011finde,\u201d demi\u015fti, \u201cbunlar birle\u015firler ve evi dozerle y\u0131k\u0131lmak istenen gecekondu ahalisi gibi varl\u0131klar\u0131n\u0131 savunurlar.\u201d&nbsp; Dozeri durduramayacaklar\u0131n\u0131, y\u0131k\u0131m\u0131 \u00f6nleyemeyeceklerini ak\u0131llar\u0131yla anlam\u0131\u015flard\u0131r fakat kendilerini tutamazlar; ellerine ne ge\u00e7erse, ta\u015f sopa toprak f\u0131rlat\u0131rlar, a\u011flay\u0131p ba\u011f\u0131r\u0131rlar.&nbsp; \u00c7\u00fcnk\u00fc sahip olduklar\u0131 tek varl\u0131k ellerinden al\u0131nmaktad\u0131r.<\/p>\n\n\n\n<p>\u0130yice g\u00fc\u00e7ten d\u00fc\u015ferek y\u0131k\u0131lma s\u00fcrecine giren siyas\u00ee iktidar, merkezinden \u00e7evresine kadar kendili\u011finden, i\u00e7g\u00fcd\u00fcsel bir tutumla, panik h\u00e2linde kendi elleriyle kurdu\u011fu yap\u0131y\u0131 ayakta tutmaya, savunmaya \u00e7al\u0131\u015facakt\u0131r.<\/p>\n\n\n\n<p>&nbsp;&nbsp;&nbsp;&nbsp;&nbsp;&nbsp;&nbsp; Y\u0131k\u0131lmaya y\u00fcz tutmu\u015f iktidar partisi tam da bu durumdad\u0131r. &nbsp;Yasalar\u0131 de\u011fi\u015ftirerek, ele ge\u00e7irdi\u011fi devletin b\u00fct\u00fcn kurumlar\u0131n\u0131 yok ederek, y\u0131llar\u0131n birikimiyle olu\u015fan gelenekleri ve team\u00fclleri ihlal ederek y\u0131kt\u0131klar\u0131 Cumhuriyetin temelleri \u00fczerinde in\u015fa ettikleri derme \u00e7atma ka\u00e7ak yap\u0131, onlar\u0131n yeg\u00e2ne varl\u0131klar\u0131, sahip olduklar\u0131 tek \u015fey, kendi varolu\u015flar\u0131n\u0131n sebebi ve temelidir.<\/p>\n\n\n\n<p>&nbsp;&nbsp;&nbsp;&nbsp;&nbsp;&nbsp;&nbsp; Onlar\u0131 bir arada tutan, menfaatlerinin yaratt\u0131\u011f\u0131 ortak&nbsp; kader duygusudur.&nbsp; \u0130ktidar\u0131n hal\u0131s\u0131 altlar\u0131ndan \u00e7ekildi\u011fi anda her biri ger\u00e7ek boyutuyla ortaya \u00e7\u0131kacakt\u0131r: \u201cbakan\u201d tabir edilen birka\u00e7 zengin i\u015fadam\u0131; &nbsp;a\u015f\u0131r\u0131 \u015f\u0131mart\u0131lm\u0131\u015f z\u0131r cahil tarikat \u015fefleri, f\u0131trat\u0131ndan gelen politik i\u00e7g\u00fcd\u00fcleri sayesinde yukar\u0131lara t\u0131rmanm\u0131\u015f, liyakati, hatta diplomas\u0131 bile \u015f\u00fcpheli bir&nbsp; belediye i\u015f\u00e7isi. &nbsp;&nbsp;<\/p>\n\n\n\n<p>&nbsp;&nbsp;&nbsp;&nbsp;&nbsp;&nbsp;&nbsp; \u015eevket S\u00fcreyya Aydemir, \u201cMenderes\u2019in Dram\u0131\u201dnda (Remzi 2000), iktidardaki Menderes\u2019in kendisini putla\u015ft\u0131ran kalabal\u0131klar\u0131 g\u00f6r\u00fcnce tek adam oldu\u011funu zanneden k\u00fc\u00e7\u00fck \u015fahsiyetlerin gafletine kap\u0131ld\u0131\u011f\u0131n\u0131; duru\u015fmalar s\u0131ras\u0131nda Devlet\u2019in kar\u015f\u0131s\u0131nda ger\u00e7ek boyutlar\u0131na, \u00c7ak\u0131rbeyli \u00c7iftli\u011fi\u2019nin k\u00fc\u00e7\u00fck ve ezik toprak sahibine d\u00f6n\u00fc\u015ft\u00fc\u011f\u00fcn\u00fc anlat\u0131r. Kald\u0131 ki Menderes son tahlilde Cumhuriyet ilkelerine ba\u011fl\u0131yd\u0131 ve yolsuzluklar\u0131 devede kulak mertebesindeydi.<\/p>\n\n\n\n<p>&nbsp;&nbsp;&nbsp;&nbsp;&nbsp;&nbsp;&nbsp; \u0130ktidar\u0131n ka\u00e7ak yap\u0131s\u0131 y\u0131k\u0131ld\u0131\u011f\u0131nda, muktedirlerin \u00f6n\u00fcnde y\u0131llarca taklalar atan zengin i\u015f adamlar\u0131 ans\u0131z\u0131n saf de\u011fi\u015ftirecekler; tayinden korkan, terfi bekleyen savc\u0131lar ya\u011fmur gibi ya\u011fan yolsuzluk dosyalar\u0131n\u0131n \u00fczerine \u00e7\u0131k\u0131p aslan gibi k\u00fckreyecekler; Ba\u015fkan\u2019\u0131n \u015fimdilerde sadece muhalif birka\u00e7 televizyon kanal\u0131nda g\u00f6r\u00fclen \u201c\u0130mar bar\u0131\u015f\u0131yla&nbsp; 144 556 Mara\u015fl\u0131 vatanda\u015f\u0131m\u0131z\u0131n sorununu \u00e7\u00f6zd\u00fck\u201d gibi s\u00f6zleri, sab\u0131k iktidar\u0131n&nbsp; medya havuzundan \u00e7\u0131kmak i\u00e7in debelenen televizyon ekranlar\u0131nda s\u00fcrekli yay\u0131mlanacakt\u0131r. \u015eimdi g\u00f6rmezden gelinen b\u00fct\u00fcn hesaplar g\u00f6r\u00fclecek, tutulan defterler a\u00e7\u0131lacakt\u0131r.<\/p>\n\n\n\n<p>&nbsp;&nbsp;&nbsp;&nbsp;&nbsp;&nbsp;&nbsp; Devlet olarak yap\u0131lanan siyas\u00ee parti b\u00fct\u00fcn bunlar\u0131 gayet iyi bildi\u011fi i\u00e7in \u00e7evresini peki\u015ftirerek birli\u011fini koruyacak; iktidar\u0131n\u0131 ka\u00e7ak gecekondusunu koruyan ahali gibi son ana kadar \u00e7aresizce savunacakt\u0131r.&nbsp; Umutsuzlu\u011fa kap\u0131lmas\u0131 h\u00e2linde b\u00fct\u00fcn mahalleyi ate\u015fe vermekten \u00e7ekinmeyecektir, \u00e7\u00fcnk\u00fc varolu\u015fsal bir sorun ya\u015famaktad\u0131r. Devlet\u2019in her yan\u0131na n\u00fcfuz etmi\u015f bir menfaat ortakl\u0131\u011f\u0131n\u0131 demokrasilerin ola\u011fan yordam\u0131yla bozman\u0131n neredeyse imk\u00e2ns\u0131z oldu\u011fu g\u00f6r\u00fclecektir.<\/p>\n\n\n\n<p>&nbsp;&nbsp;&nbsp;&nbsp;&nbsp;&nbsp;&nbsp; \u0130kinci soruya gelecek olursak, \u00f6ncelikle \u015funu belirtmek gerekir ki mutlak iktidar, sahibini s\u0131n\u0131rs\u0131z ihtiraslara s\u00fcr\u00fckler.<\/p>\n\n\n\n<p>&nbsp;&nbsp;&nbsp;&nbsp;&nbsp;&nbsp;&nbsp; Peki bu ihtiraslar\u0131 dizginleyecek olan nedir?<\/p>\n\n\n\n<p>&nbsp;&nbsp;&nbsp;&nbsp;&nbsp;&nbsp;&nbsp; Vicdan ya da ahlak olamaz, \u00e7\u00fcnk\u00fc \u201cmutlak iktidar mutlaka yozla\u015ft\u0131r\u0131r.\u201d Yozla\u015fma ki\u015fide vicdan kayb\u0131na ve ahlak d\u00fc\u015f\u00fckl\u00fc\u011f\u00fcne yol a\u00e7ar. Rasyonelle\u015ftirme (akla uydurma) i\u015fte burada devreye girer. Ki\u015fi art\u0131k her durumda&nbsp;&nbsp; en uygunsuz fiillerini bile hakl\u0131 \u00e7\u0131karmaya, makul gerek\u00e7eler bulmaya ba\u015flar. \u201cBunu yap\u0131yorum ama sor bakal\u0131m niye yap\u0131yorum,\u201d diye konu\u015fur. Y\u00fcce bir davas\u0131 vard\u0131r, amaca ula\u015ft\u0131ran her ara\u00e7 me\u015frudur. &nbsp;Akla uydurma, pi\u015fkinlikle, duyars\u0131zl\u0131kla at ba\u015f\u0131 gider. Bu d\u00f6rt nala ko\u015fu s\u0131ras\u0131nda, mesela evinden halk\u0131n ve medyan\u0131n g\u00f6z\u00fc \u00f6n\u00fcnde &nbsp;iki kamyonet dolusu para ka\u00e7\u0131r\u0131lm\u0131\u015ft\u0131r ama o hi\u00e7 ald\u0131rmam\u0131\u015ft\u0131r; hatta \u201cadam \u00e7al\u0131yor ama \u00e7al\u0131\u015f\u0131yor\u201d deyi\u015fini el alt\u0131ndan i\u015fleyerek halka benimsetmekten bile \u00e7ekinmemi\u015ftir. &nbsp;<\/p>\n\n\n\n<p>&nbsp;&nbsp;&nbsp;&nbsp;&nbsp;&nbsp;&nbsp; Bu durumda dizginleri ele ge\u00e7irebilecek tek \u015fey \u201ckorku\u201ddur.<\/p>\n\n\n\n<p>&nbsp;&nbsp;&nbsp;&nbsp;&nbsp;&nbsp;&nbsp; S\u0131n\u0131rs\u0131z ihtiras ancak korkuyla durdurulabilir. Ki\u015fi zaten korku i\u00e7indedir. Zirveye \u00e7\u0131kan ve oradan nas\u0131l inece\u011fini (u\u00e7acak m\u0131, d\u00fc\u015fecek mi, bir yol mu bulacak?) bilemeyen muktedirin i\u00e7 korkular\u0131 benzersizdir. Bu y\u00fczden onu \u00e7\u0131kt\u0131\u011f\u0131 yerden fazla korkutmadan, mesela istifa ettirerek, kaybetti\u011fine inand\u0131r\u0131p ikna ederek me\u015fru zeminde indirmek marifettir.<\/p>\n\n\n\n<p>Fakat i\u00e7sel korkular yetmez. Mutlaka d\u0131\u015fsal bir korku da gerekir. &nbsp;&nbsp;&nbsp;Bir \u015feyden korkmas\u0131 gerekir; Kitap\u2019tan, Kanun\u2019dan, Anayasa Mahkemesi\u2019nden, Say\u0131\u015ftay denet\u00e7ilerinden, Cumhuriyet savc\u0131lar\u0131ndan\u2026&nbsp; Hepsini ele ge\u00e7irmi\u015fse bunlardan da korkmaz.<\/p>\n\n\n\n<p>&nbsp;&nbsp;&nbsp;&nbsp;&nbsp;&nbsp;&nbsp; Ya da mesela i\u015f\u00e7ilerin grev, \u00f6\u011frencilerin boykot yapmas\u0131ndan, ordunun \u201cmuht\u0131ra\u201d vermesinden korkar. Fakat sendikalar \u201cbir ailenin&nbsp; ayl\u0131k g\u0131da maliyeti\u2026\u201d diye konu\u015fan anket \u015firketlerine d\u00f6n\u00fc\u015fm\u00fc\u015f, \u00f6\u011frenciler militan m\u00fccadele veren politik &nbsp;derneklerini kaybetmi\u015f, askerler siyas\u00ee toplumun tamamen d\u0131\u015f\u0131na s\u00fcr\u00fclm\u00fc\u015flerse, bunlardan da korkmaz. Kendi partisinden ya da yere tebe\u015firle \u00e7izdi\u011fi alan\u0131n i\u00e7inden \u00e7\u0131kamayan, her t\u00fcrl\u00fc manip\u00fclasyona a\u00e7\u0131k muhalefet partilerinden de korkmaz. &nbsp;Yaratt\u0131\u011f\u0131 ideolojik ortamla siyas\u00ee direni\u015f potansiyelini k\u0131rm\u0131\u015f, devletin ve politikan\u0131n se\u00e7kinlerini azg\u0131n kitlesel cehaletin tehdit ve bask\u0131s\u0131na maruz b\u0131rakm\u0131\u015ft\u0131r. \u0130\u00e7 sava\u015f\u0131 g\u00f6ze alm\u0131\u015f, icab\u0131nda \u201cY\u00fczde elliyi evinde zor tutuyorum,\u201d diyebilmi\u015ftir.<\/p>\n\n\n\n<p>Toplumun \u00f6rg\u00fcts\u00fczl\u00fc\u011f\u00fc, sivil kurumlar\u0131n, hatta kamuoyunun yoklu\u011fu, kaos &nbsp;ihtimalini g\u00fc\u00e7lendirir.&nbsp; Siyas\u00ee iktidar bunu da kullan\u0131r. Mutemet adam\u0131n\u0131 ekranlara \u00e7\u0131kar\u0131p, \u201cBize mecbur olmazsan\u0131z kaos \u00e7\u0131kar,\u201d diyerek siyas\u00ee toplumu tehdit eder.<\/p>\n\n\n\n<p>&nbsp;&nbsp;&nbsp;&nbsp;&nbsp;&nbsp;&nbsp; Siyas\u00ee iktidar d\u0131\u015fsal olarak sadece d\u0131\u015f g\u00fc\u00e7lerden korkar. Zira istihbarat \u00f6rg\u00fctleri kendi \u00fclkesinin masum yurtta\u015flar\u0131n\u0131n fark\u0131na bile varmad\u0131klar\u0131 her \u015feyi bilmektedir. Varl\u0131\u011f\u0131 hissettirilen fakat a\u00e7\u0131lmayan dosyalardan korkar. &nbsp;Dosyalar bekler fakat arada bir Sedat Peker karde\u015fimiz gibi birisi \u00e7\u0131k\u0131p perdeyi aralar. Diplomasi ve istihbarat\u0131n ortak faaliyetiyle aralanan perde g\u00fc\u00e7l\u00fckle kapat\u0131l\u0131r fakat herkes sahnedeki iskeleti g\u00f6rm\u00fc\u015f ve irkilmi\u015ftir. &nbsp;&nbsp;\u00dclkenin jeopoliti\u011fini pazarlayarak, bat\u0131ya giden g\u00f6\u00e7 yollar\u0131na baraj olarak d\u0131\u015f g\u00fc\u00e7lerin&nbsp;&nbsp; \u015fantaj\u0131n\u0131 zamana yaymaya \u00e7al\u0131\u015f\u0131r. \u0130\u00e7eride kefenini giymi\u015f halk\u0131n yar\u0131s\u0131yla sava\u015fmaya haz\u0131rd\u0131r, b\u00fct\u00fcn d\u00fcnyaya posta koyar fakat yabanc\u0131 mahfillere girdi\u011finde \u201cNe vereyim abime\u201d d\u00fczeyinde politika yapar. &nbsp;A\u00e7\u0131\u011fa \u00e7\u0131km\u0131\u015f b\u00fct\u00fcn zaaflar\u0131n\u0131 iktidarda kalmak i\u00e7in d\u0131\u015f g\u00fc\u00e7lere sonuna kadar kulland\u0131racakt\u0131r.<\/p>\n\n\n\n<p>&nbsp;&nbsp;&nbsp;&nbsp;&nbsp;&nbsp;&nbsp; Neyse, uzatmayal\u0131m\u2026<\/p>\n\n\n\n<p>Kaynaklar\u0131 daraltan bir ekonomik buhran\u0131n \u00fczerine \u00e7\u00f6ken b\u00fcy\u00fck deprem felaketi siyas\u00ee iktidara&nbsp;&nbsp; kusursuz bir diktat\u00f6rl\u00fc\u011fe ge\u00e7mek i\u00e7in elinde bulunan b\u00fct\u00fcn imk\u00e2n ve kabiliyetleri test etme f\u0131rsat\u0131 vermi\u015ftir.&nbsp; Siyas\u00ee iktidar bu f\u0131rsat\u0131 kesinlikle kullanacak ve ba\u015far\u0131s\u0131zl\u0131\u011fa u\u011frayacakt\u0131r.<\/p>\n\n\n\n<p>&nbsp;&nbsp;&nbsp;&nbsp;&nbsp;&nbsp;&nbsp; Toplamda mevcut durum, kaybetti\u011fimiz irtifa ve i\u00e7ine d\u00fc\u015ft\u00fc\u011f\u00fcm\u00fcz sefil ortam Devlet kurumlar\u0131n\u0131n, siyas\u00ee toplumun ve asker sivil b\u00fcrokrasinin Cumhuriyet\u2019i savunma ve direnme kapasitesinin zay\u0131fl\u0131\u011f\u0131n\u0131 ortaya koymu\u015ftur. &nbsp;Son yirmi y\u0131l bu zay\u0131fl\u0131\u011f\u0131n ac\u0131 g\u00f6stergeleriyle doludur. Fakat krizin derinle\u015fti\u011fi, siyas\u00ee iktidar\u0131n s\u00f6n\u00fcmlendi\u011fi s\u00fcre\u00e7te b\u00fct\u00fcn toplumsal dinamiklerin harekete ge\u00e7mesi ka\u00e7\u0131n\u0131lmazd\u0131r. &nbsp;B\u00fct\u00fcn bak\u0131\u015f a\u00e7\u0131lar\u0131 de\u011fi\u015fecektir.&nbsp; <em>Veryans\u0131n<\/em>, 19. 02. 2023<\/p>\n","protected":false},"excerpt":{"rendered":"<p>\u00a0\u00a0\u00a0\u00a0\u00a0\u00a0\u00a0\u00a0\u00a0\u00a0\u00a0\u00a0\u00a0\u00a0\u00a0\u00a0\u00a0\u00a0\u00a0\u00a0\u00a0\u00a0\u00a0\u00a0\u00a0\u00a0\u00a0\u00a0\u00a0\u00a0\u00a0\u00a0\u00a0\u00a0 Yavuz Alogan &nbsp;&nbsp;&nbsp;&nbsp;&nbsp;&nbsp;&nbsp; &nbsp;Mevcut ko\u015fullarda iki soru \u00f6ne \u00e7\u0131k\u0131yor: Kendisini devlet olarak yap\u0131land\u0131ran siyas\u00ee partiyi bir arada tutan nedir? &nbsp;&nbsp;&nbsp;&nbsp;&nbsp;&nbsp;&nbsp; Ve ikincisi; &nbsp;&nbsp;&nbsp;&nbsp;&nbsp;&nbsp;&nbsp; &nbsp;Mutlak iktidar sahibinin s\u0131n\u0131rs\u0131z ihtiras\u0131n\u0131 dizginleyecek olan nedir? &nbsp;&nbsp;&nbsp;&nbsp;&nbsp;&nbsp;&nbsp; Birinci soruyu y\u0131llar \u00f6nce yapt\u0131\u011f\u0131m\u0131z bir sohbet s\u0131ras\u0131nda merhum Tekta\u015f A\u011fao\u011flu yorumlam\u0131\u015ft\u0131. \u201c\u0130ktidarlar\u0131 tehlikeye girdi\u011finde,\u201d demi\u015fti, \u201cbunlar birle\u015firler ve evi dozerle y\u0131k\u0131lmak &hellip; <\/p>\n<p class=\"link-more\"><a href=\"http:\/\/yavuzalogan.com\/?p=1326\" class=\"more-link\">Continue reading<span class=\"screen-reader-text\"> &#8220;\u0130KT\u0130DAR VE KORKU&#8221;<\/span><\/a><\/p>\n","protected":false},"author":1,"featured_media":0,"comment_status":"open","ping_status":"open","sticky":false,"template":"","format":"standard","meta":{"footnotes":""},"categories":[1],"tags":[],"class_list":["post-1326","post","type-post","status-publish","format-standard","hentry","category-uncategorized"],"_links":{"self":[{"href":"http:\/\/yavuzalogan.com\/index.php?rest_route=\/wp\/v2\/posts\/1326","targetHints":{"allow":["GET"]}}],"collection":[{"href":"http:\/\/yavuzalogan.com\/index.php?rest_route=\/wp\/v2\/posts"}],"about":[{"href":"http:\/\/yavuzalogan.com\/index.php?rest_route=\/wp\/v2\/types\/post"}],"author":[{"embeddable":true,"href":"http:\/\/yavuzalogan.com\/index.php?rest_route=\/wp\/v2\/users\/1"}],"replies":[{"embeddable":true,"href":"http:\/\/yavuzalogan.com\/index.php?rest_route=%2Fwp%2Fv2%2Fcomments&post=1326"}],"version-history":[{"count":1,"href":"http:\/\/yavuzalogan.com\/index.php?rest_route=\/wp\/v2\/posts\/1326\/revisions"}],"predecessor-version":[{"id":1328,"href":"http:\/\/yavuzalogan.com\/index.php?rest_route=\/wp\/v2\/posts\/1326\/revisions\/1328"}],"wp:attachment":[{"href":"http:\/\/yavuzalogan.com\/index.php?rest_route=%2Fwp%2Fv2%2Fmedia&parent=1326"}],"wp:term":[{"taxonomy":"category","embeddable":true,"href":"http:\/\/yavuzalogan.com\/index.php?rest_route=%2Fwp%2Fv2%2Fcategories&post=1326"},{"taxonomy":"post_tag","embeddable":true,"href":"http:\/\/yavuzalogan.com\/index.php?rest_route=%2Fwp%2Fv2%2Ftags&post=1326"}],"curies":[{"name":"wp","href":"https:\/\/api.w.org\/{rel}","templated":true}]}}