{"id":1319,"date":"2023-02-12T11:13:38","date_gmt":"2023-02-12T09:13:38","guid":{"rendered":"http:\/\/yavuzalogan.com\/?p=1319"},"modified":"2023-02-12T11:14:17","modified_gmt":"2023-02-12T09:14:17","slug":"kaderin-kesin-plani","status":"publish","type":"post","link":"http:\/\/yavuzalogan.com\/?p=1319","title":{"rendered":"\u00a0\u00a0\u00a0\u00a0\u00a0\u00a0\u00a0\u00a0\u00a0\u00a0\u00a0\u00a0\u00a0\u00a0\u00a0\u00a0KADER\u0130N KES\u0130N PLANI"},"content":{"rendered":"\n<figure class=\"wp-block-image size-full\"><img loading=\"lazy\" decoding=\"async\" width=\"620\" height=\"507\" src=\"http:\/\/yavuzalogan.com\/wp-content\/uploads\/2023\/02\/Kaderin-kesin-plani.webp\" alt=\"\" class=\"wp-image-1320\" srcset=\"http:\/\/yavuzalogan.com\/wp-content\/uploads\/2023\/02\/Kaderin-kesin-plani.webp 620w, http:\/\/yavuzalogan.com\/wp-content\/uploads\/2023\/02\/Kaderin-kesin-plani-367x300.webp 367w\" sizes=\"auto, (max-width: 620px) 100vw, 620px\" \/><\/figure>\n\n\n\n<p>Yavuz Alogan<\/p>\n\n\n\n<p>Kaderin on binlerce insan\u0131n ezilerek, donarak \u00f6lmesi gibi bir plan\u0131 olamaz.<\/p>\n\n\n\n<p>&nbsp;&nbsp;&nbsp;&nbsp;&nbsp;&nbsp;&nbsp; Anas\u0131 babas\u0131 enkaz alt\u0131nda can vermi\u015f on ya\u015f\u0131nda \u00e7ocu\u011fun beton alt\u0131nda ezilmi\u015f kolunun kesilmesini planlayan bir kader varsa, o kadere isyan etmek gerekir.<\/p>\n\n\n\n<p>&nbsp;&nbsp;&nbsp;&nbsp;&nbsp;&nbsp;&nbsp; So\u011fuktan yar\u0131 donmu\u015f, a\u00e7 kalm\u0131\u015f insanlar\u2026 \u201cRefakatsiz\u201d denilen, kaybolmu\u015f \u00e7ocuklar\u2026 &nbsp;Uykusuz sapsar\u0131 y\u00fczleri \u00e7at\u0131k ka\u015flar\u0131yla \u015fefkat g\u00f6r\u00fcnt\u00fcs\u00fc vermek i\u00e7in Cumhurba\u015fkan\u0131\u2019n\u0131n k\u00fcrs\u00fcs\u00fcn\u00fc s\u00fcsleyen \u00e7ocuklar\u2026<\/p>\n\n\n\n<p>&nbsp;&nbsp;&nbsp;&nbsp;&nbsp;&nbsp;&nbsp; Deprem b\u00f6lgesinden gelen \u00e7ocuk manzaralar\u0131, Gustav Mahler\u2019in&nbsp; \u00d6l\u00fc \u00c7ocuklara \u015eark\u0131lar\u2019\u0131 (Kindertotenlieder) e\u015fli\u011finde, Ece Ayhan\u2019\u0131n \u201cMe\u00e7hul \u00d6\u011frenci An\u0131t\u0131\u201d \u015fiirinin \u015fu ilk d\u00f6rtl\u00fc\u011f\u00fcd\u00fcr: \u201cBuraya bak\u0131n, burada, bu kara mermerin alt\u0131nda \/ Bir teneff\u00fcs daha ya\u015fasayd\u0131 \/ Tabiattan tahtaya kalkacak bir \u00e7ocuk g\u00f6m\u00fcl\u00fcd\u00fcr \/ Devlet dersinde \u00f6ld\u00fcr\u00fclm\u00fc\u015ft\u00fcr.\u201d<\/p>\n\n\n\n<p>&nbsp;&nbsp;&nbsp;&nbsp;&nbsp;&nbsp;&nbsp; \u0130ncelik, sayg\u0131 (tazim), dikkat ve \u00f6zen gerekirdi. &nbsp;B\u00fct\u00fcn cenazeler \u00e7\u0131kar\u0131ld\u0131\u011f\u0131nda elbette din\u00ee t\u00f6ren yap\u0131l\u0131rd\u0131. Fakat deprem felaketinin daha ikinci g\u00fcn\u00fcnde b\u00fct\u00fcn \u00fclkede ve beton alt\u0131nda kurtar\u0131lmay\u0131 bekleyen depremzedelerin i\u015fitebilecekleri \u015fekilde cami hoparl\u00f6rlerinden Sela okumak; kurtarma \u00e7al\u0131\u015fmas\u0131 yapan ekiplerin \u00e7evresinde grupla\u015farak g\u00fcn\u00fcm\u00fczde siyas\u00ee \u0130sl\u00e2mc\u0131lar\u0131n slogan\u0131na d\u00f6n\u00fc\u015ft\u00fcr\u00fclen \u201cAllahu Ekber!\u201d nidalar\u0131yla tekbir getirmek; baz\u0131 AKP\u2019li belediyelerin deprem b\u00f6lgesine \u201cseyyar mescit\u201d sevk etmesi; T\u00fcrk konsolosluklar\u0131n\u0131n yard\u0131m paralar\u0131n\u0131 Diyanet\u2019e y\u00f6nlendirme \u00e7abalar\u0131; Hakikat\u2019i aktarmak i\u00e7in \u00e7\u0131rp\u0131nan fedak\u00e2r gazetecilerin tekmelenmesi, itilip kak\u0131lmas\u0131 hi\u00e7 yak\u0131\u015f\u0131k almad\u0131, \u00e7ok ay\u0131p oldu. Depremzede bir kad\u0131n, \u201cBiz ekmek ve battaniye de\u011fil, insan istiyoruz, y\u00f6netici istiyoruz!\u201d diye ba\u011f\u0131r\u0131yordu.<\/p>\n\n\n\n<p>&nbsp;&nbsp;&nbsp;&nbsp;&nbsp;&nbsp;&nbsp; Anayasa\u2019da h\u00e2l\u00e2 yaz\u0131l\u0131 olan \u201claiklik ilkesi\u201d bu halk\u0131n bilincinde ve hayat tarz\u0131nda ya\u015famaktad\u0131r. &nbsp;S\u0131radan yurtta\u015flar\u0131n b\u00fcy\u00fck bir b\u00f6l\u00fcm\u00fcn\u00fcn \u201csiyas\u00ee \u0130sl\u00e2m\u201d\u0131 giderek yolsuzluk, h\u0131rs\u0131zl\u0131k, akraba kay\u0131rmac\u0131l\u0131\u011f\u0131, oy ticareti, hatta \u00e7ocuk istismar\u0131yla \u00f6zde\u015f g\u00f6rmeye ba\u015flad\u0131\u011f\u0131, din\u00ee duygular\u0131 kazan\u00e7 kap\u0131s\u0131 olarak s\u00f6m\u00fcren cemaat ve tarikatlar\u0131n ger\u00e7ek i\u015flevini anlad\u0131\u011f\u0131 a\u00e7\u0131kt\u0131r.<\/p>\n\n\n\n<p>&nbsp;&nbsp;&nbsp;&nbsp;&nbsp;&nbsp;&nbsp; Saray kadrolar\u0131n\u0131n, \u00fczerinde pervas\u0131zca tepindikleri ideolojik buz tabakas\u0131n\u0131n inceldi\u011fi yerlerden \u00e7atlamakta oldu\u011funu fark etmemi\u015f olmalar\u0131 m\u00fcmk\u00fcn m\u00fcd\u00fcr? Kalbi k\u0131r\u0131lan milyonlarca insan\u0131n, insan\u00ee olarak g\u00f6rece geli\u015fmi\u015f, e\u011fitimli yurtta\u015flar\u0131n, iktidar partisinin yeniden kurdu\u011fu devletin 2053, 2073 hedeflerine giderek fena h\u00e2lde yabanc\u0131la\u015ft\u0131\u011f\u0131n\u0131, umudunu kaybederek \u00f6fkelendi\u011fini ne zamana kadar g\u00f6rmezden gelecekler? &nbsp;<\/p>\n\n\n\n<p>&nbsp;&nbsp;&nbsp;&nbsp;&nbsp;&nbsp;&nbsp; Bu k\u00f6\u015fede s\u0131k s\u0131k, \u015fu son yirmi y\u0131l i\u00e7inde \u00fclkeyi y\u00f6netenlerin ideolojik hegemonya kurma \u00e7abas\u0131yla halk aras\u0131nda bilin\u00e7li ve kas\u0131tl\u0131 olarak uzla\u015fmaz \u00e7eli\u015fkiler yaratt\u0131\u011f\u0131n\u0131 yazd\u0131m. Halk aras\u0131ndaki \u201cuzla\u015fmaz\u201d \u00e7eli\u015fkilerin tarihte nas\u0131l \u00e7\u00f6z\u00fcld\u00fc\u011f\u00fcn\u00fc \u015fu ac\u0131l\u0131 g\u00fcnde \u00f6rneklerle anlatmak yak\u0131\u015f\u0131k almaz. Cumhuriyet tarihinde gelmi\u015f ge\u00e7mi\u015f b\u00fct\u00fcn devlet ricali bu t\u00fcrden \u00e7eli\u015fkileri \u00f6nceden fark etme ve patlama noktas\u0131na gelmeden yat\u0131\u015ft\u0131rma basiretini, gerekti\u011finde fedak\u00e2rl\u0131k yaparak geri ad\u0131m atma erdemini g\u00f6stermi\u015ftir.<\/p>\n\n\n\n<p>A\u011f\u0131r kriz zamanlar\u0131nda hikmet-i h\u00fck\u00fbmet, raison d\u2019etat&nbsp; gerekir. &nbsp;Bunu g\u00f6steremeyen iktidar \u00fclkesini felakete s\u00fcr\u00fckler. &nbsp;<\/p>\n\n\n\n<p>&nbsp;&nbsp;&nbsp;&nbsp;&nbsp;&nbsp;&nbsp; Siyaset \u00fcst\u00fc sahici bir devlet akl\u0131na, yeniden kurulu\u015fa ihtiya\u00e7 var.<\/p>\n\n\n\n<p>Say\u0131n Saray\u2019\u0131n, \u00e7evresine toplad\u0131\u011f\u0131 ofis memurlar\u0131 ya da \u201cbakan\u201d tabir edilen unsurlar\u0131 ve b\u00fct\u00fcn dan\u0131\u015fmanlar\u0131yla birlikte l\u00fctfen istifas\u0131n\u0131 memleketin selameti i\u00e7in rica ve talep etmek durumunday\u0131z.&nbsp;<\/p>\n\n\n\n<p>Bunun i\u00e7in art\u0131k C\u0130MER\u2019e dilek\u00e7e mi yaz\u0131l\u0131r, yoksa istifa talebi postayla Saray\u2019a m\u0131 g\u00f6nderilir, imza m\u0131 toplan\u0131r, bilemem. Fakat istifa istemi bir \u015fekilde duyurulmal\u0131 ve \u00fclke sath\u0131nda yayg\u0131nla\u015ft\u0131r\u0131lmal\u0131d\u0131r. B\u00fct\u00fcn muhalefet bu talep etraf\u0131nda toplanmal\u0131d\u0131r.<\/p>\n\n\n\n<p>&nbsp;&nbsp;&nbsp;&nbsp;&nbsp;&nbsp;&nbsp; \u0130stifan\u0131n ard\u0131ndan Y\u00fcce Meclis kendi i\u00e7inden \u00fclkeyi se\u00e7imlere kadar y\u00f6netecek bir h\u00fck\u00fcmet \u00e7\u0131karmal\u0131; Say\u0131n Meclis Ba\u015fkan\u0131 Cumhurba\u015fkan\u0131 vekili olmal\u0131 (kabul ederse!), HSK tarafs\u0131z oldu\u011fu bilinen ki\u015filerden (kald\u0131ysa!) bir YSK se\u00e7meli; mevcut valiler ve emniyet m\u00fcd\u00fcrleri tarafs\u0131z oldu\u011fu bilinen (bulunabilirse!) ki\u015filerle de\u011fi\u015ftirilmelidir.<\/p>\n\n\n\n<p>&nbsp;&nbsp;&nbsp;&nbsp;&nbsp;&nbsp;&nbsp; Y\u00fcce Meclis eski s\u0131k\u0131y\u00f6netim kanununu (1402 say\u0131l\u0131) yeniden yasala\u015ft\u0131rarak s\u0131k\u0131y\u00f6netim ilan etmeli (bunu isteyecek h\u00e2le geldi\u011fime inanam\u0131yorum!); afet y\u00f6netimi tamamen T\u00fcrk Ordusu\u2019na b\u0131rak\u0131lmal\u0131d\u0131r. Asker, utanga\u00e7 tavr\u0131ndan vazge\u00e7erek nizami \u00fcniformas\u0131yla kendini saklamadan b\u00f6lgeye inmeli ve \u00f6ncelikle asker\u00ee kamuflaj elbiseli, spor ayakkab\u0131l\u0131 olup da insanlar\u0131 itip kakarak, d\u00f6verek asayi\u015fi sa\u011flamaya \u00e7al\u0131\u015fan me\u00e7hul unsurlar\u0131 ya\u011fmac\u0131lar, ka\u00e7aklar ve s\u0131\u011f\u0131nmac\u0131larla birlikte b\u00f6lgeden uzakla\u015ft\u0131rmal\u0131 ve b\u00fct\u00fcn faaliyetlere kendi merkezinden e\u015fg\u00fcd\u00fcm sa\u011flamal\u0131d\u0131r.<\/p>\n\n\n\n<p>&nbsp;&nbsp;&nbsp;&nbsp;&nbsp;&nbsp;&nbsp; Bu \u201cl\u00fctfen istifa\u201d \u00f6nerisinin biraz u\u00e7uk ka\u00e7\u0131k oldu\u011funu; en az\u0131ndan makul politik analiz y\u00f6ntemi ve mevcut g\u00fc\u00e7ler dengesi a\u00e7\u0131s\u0131ndan sa\u00e7mal\u0131k gibi durdu\u011funu hi\u00e7 ku\u015fkusuz ben de fark ediyorum. Fakat akl\u0131ma ba\u015fka bir \u015fey gelmiyor.<\/p>\n\n\n\n<p>&nbsp;&nbsp;&nbsp;&nbsp;&nbsp;&nbsp;&nbsp; Ge\u00e7mi\u015fte 12 Mart, 12 Eyl\u00fcl gibi d\u00f6nemlerde, i\u00e7inde ya da k\u0131y\u0131s\u0131nda yer ald\u0131\u011f\u0131m vahim durumlar ve toplumsal \u00e7at\u0131\u015fmalar s\u0131ras\u0131nda mant\u0131kl\u0131, tutarl\u0131, en az\u0131ndan sa\u00e7ma olmayan analizler yapt\u0131\u011f\u0131m\u0131 gayet iyi hat\u0131rl\u0131yorum. Fakat bu kez ger\u00e7ekten de mevcut y\u00f6netimin l\u00fctfen istifaya davet edilmesi, bu konuda ricac\u0131 olunmas\u0131 d\u0131\u015f\u0131nda akl\u0131ma makul bir \u015fey gelmiyor.<\/p>\n\n\n\n<p>D\u00fcnyan\u0131n, b\u00f6lgenin ve \u00fclkenin i\u00e7inde bulundu\u011fu durum&nbsp; me\u015fruiyet zeminine fazla uzak d\u00fc\u015fmeyen yumu\u015fak &nbsp;bir acil \u00e7\u00f6z\u00fcm plan\u0131n\u0131, bir ge\u00e7i\u015f d\u00f6nemini gerektiriyor.<\/p>\n\n\n\n<p>&nbsp;&nbsp;&nbsp;&nbsp;&nbsp;&nbsp;&nbsp; Akl\u0131ma ba\u015fka bir \u015fey gelmiyor fakat bug\u00fcn\u00fcn d\u00fcnyas\u0131nda insan\u0131n akl\u0131na gelmeyen her \u015fey ba\u015f\u0131na geliyor. Bizzat yaratt\u0131\u011f\u0131n\u0131z, s\u00fcreklilik kazand\u0131rarak netice almaya \u00e7al\u0131\u015ft\u0131\u011f\u0131n\u0131z kaosu y\u00f6netemezseniz, onu kesinlikle d\u0131\u015far\u0131dan y\u00f6neteceklerdir. Saray\u2019\u0131n g\u00fcvenli\u011fi, ekonomiyi, e\u011fitim ve sa\u011fl\u0131\u011f\u0131, en \u00f6nemlisi afetin yarataca\u011f\u0131 etkileri y\u00f6netme ve b\u00fct\u00fcn halk\u0131 temsil etme kapasitesi \u00e7ok h\u0131zl\u0131 zay\u0131fl\u0131yor.<\/p>\n\n\n\n<p>Se\u00e7imlere kadar s\u00fcrecek bir \u201cara d\u00f6nem\u201de yumu\u015fak ge\u00e7i\u015f yap\u0131lmad\u0131\u011f\u0131 taktirde, gerek siyas\u00ee toplumun i\u00e7indeki kay\u0131k\u00e7\u0131 kavgas\u0131n\u0131n, gerekse kendini kaybetmi\u015f gibi g\u00f6r\u00fcnen Saray y\u00f6netiminin iktidar tutkusu ve mecburiyetiyle harmanlanm\u0131\u015f a\u015f\u0131r\u0131 kibirli tutumunun ve korkular\u0131n\u0131n halk aras\u0131ndaki uzla\u015fmaz \u00e7eli\u015fkileri ate\u015fe verece\u011fini ve b\u00fct\u00fcn kentlerin meydanlar\u0131ndan \u201cH\u00fck\u00fcmet istifa!\u201d sloganlar\u0131n\u0131n y\u00fckselece\u011fini neredeyse kesinlikle biliyorum, ka\u00e7\u0131n\u0131lmaz g\u00f6r\u00fcyorum.<\/p>\n\n\n\n<p>\u015eu yirmi y\u0131l\u0131n felakete yol a\u00e7madan sona ermesi, ilahi de\u011fil d\u00fcnyevi bir adaletin, eli titremeyen bir adaletin tecelli etmesi gerekir. Kaderin kesin plan\u0131, \u201cg\u00f6klerden gelen karar\u201d budur!<\/p>\n\n\n\n<p>&nbsp;A\u011f\u0131r bir haf\u0131za kayb\u0131na u\u011framad\u0131ysa sevgili vatan\u0131m\u0131z\u0131n bu vahim durumdan \u00e7\u0131kabilecek tarihsel ve k\u00fclt\u00fcrel birikime sahip oldu\u011funu biliyoruz ve bu birikimi ta\u015f\u0131yan insanlar\u0131 g\u00f6r\u00fcyoruz.<\/p>\n\n\n\n<p>Bu duygu ve d\u00fc\u015f\u00fcncelerle, \u015fu karanl\u0131k pazar g\u00fcn\u00fcnde, kurulu\u015f ilkelerine ba\u011fl\u0131 b\u00fct\u00fcn yurtta\u015flar\u0131 \u00e7\u00f6z\u00fcm\u00fcn bir par\u00e7as\u0131 olmaya davet ediyor, halk\u0131m\u0131n b\u00fcy\u00fck ve derin ac\u0131lar\u0131n\u0131 y\u00fcre\u011fimde hissediyorum.&nbsp; <em>Veryans\u0131n<\/em>, 12. 02. 2023<\/p>\n","protected":false},"excerpt":{"rendered":"<p>Yavuz Alogan Kaderin on binlerce insan\u0131n ezilerek, donarak \u00f6lmesi gibi bir plan\u0131 olamaz. &nbsp;&nbsp;&nbsp;&nbsp;&nbsp;&nbsp;&nbsp; Anas\u0131 babas\u0131 enkaz alt\u0131nda can vermi\u015f on ya\u015f\u0131nda \u00e7ocu\u011fun beton alt\u0131nda ezilmi\u015f kolunun kesilmesini planlayan bir kader varsa, o kadere isyan etmek gerekir. &nbsp;&nbsp;&nbsp;&nbsp;&nbsp;&nbsp;&nbsp; So\u011fuktan yar\u0131 donmu\u015f, a\u00e7 kalm\u0131\u015f insanlar\u2026 \u201cRefakatsiz\u201d denilen, kaybolmu\u015f \u00e7ocuklar\u2026 &nbsp;Uykusuz sapsar\u0131 y\u00fczleri \u00e7at\u0131k ka\u015flar\u0131yla \u015fefkat g\u00f6r\u00fcnt\u00fcs\u00fc &hellip; <\/p>\n<p class=\"link-more\"><a href=\"http:\/\/yavuzalogan.com\/?p=1319\" class=\"more-link\">Continue reading<span class=\"screen-reader-text\"> &#8221;\u00a0\u00a0\u00a0\u00a0\u00a0\u00a0\u00a0\u00a0\u00a0\u00a0\u00a0\u00a0\u00a0\u00a0\u00a0\u00a0KADER\u0130N KES\u0130N PLANI&#8221;<\/span><\/a><\/p>\n","protected":false},"author":1,"featured_media":0,"comment_status":"open","ping_status":"open","sticky":false,"template":"","format":"standard","meta":{"footnotes":""},"categories":[1],"tags":[],"class_list":["post-1319","post","type-post","status-publish","format-standard","hentry","category-uncategorized"],"_links":{"self":[{"href":"http:\/\/yavuzalogan.com\/index.php?rest_route=\/wp\/v2\/posts\/1319","targetHints":{"allow":["GET"]}}],"collection":[{"href":"http:\/\/yavuzalogan.com\/index.php?rest_route=\/wp\/v2\/posts"}],"about":[{"href":"http:\/\/yavuzalogan.com\/index.php?rest_route=\/wp\/v2\/types\/post"}],"author":[{"embeddable":true,"href":"http:\/\/yavuzalogan.com\/index.php?rest_route=\/wp\/v2\/users\/1"}],"replies":[{"embeddable":true,"href":"http:\/\/yavuzalogan.com\/index.php?rest_route=%2Fwp%2Fv2%2Fcomments&post=1319"}],"version-history":[{"count":2,"href":"http:\/\/yavuzalogan.com\/index.php?rest_route=\/wp\/v2\/posts\/1319\/revisions"}],"predecessor-version":[{"id":1322,"href":"http:\/\/yavuzalogan.com\/index.php?rest_route=\/wp\/v2\/posts\/1319\/revisions\/1322"}],"wp:attachment":[{"href":"http:\/\/yavuzalogan.com\/index.php?rest_route=%2Fwp%2Fv2%2Fmedia&parent=1319"}],"wp:term":[{"taxonomy":"category","embeddable":true,"href":"http:\/\/yavuzalogan.com\/index.php?rest_route=%2Fwp%2Fv2%2Fcategories&post=1319"},{"taxonomy":"post_tag","embeddable":true,"href":"http:\/\/yavuzalogan.com\/index.php?rest_route=%2Fwp%2Fv2%2Ftags&post=1319"}],"curies":[{"name":"wp","href":"https:\/\/api.w.org\/{rel}","templated":true}]}}