{"id":1315,"date":"2023-02-10T09:07:11","date_gmt":"2023-02-10T07:07:11","guid":{"rendered":"http:\/\/yavuzalogan.com\/?p=1315"},"modified":"2023-02-10T09:07:11","modified_gmt":"2023-02-10T07:07:11","slug":"ara-sonuclar","status":"publish","type":"post","link":"http:\/\/yavuzalogan.com\/?p=1315","title":{"rendered":"ARA SONU\u00c7LAR"},"content":{"rendered":"\n<figure class=\"wp-block-image size-full\"><img loading=\"lazy\" decoding=\"async\" width=\"720\" height=\"951\" src=\"http:\/\/yavuzalogan.com\/wp-content\/uploads\/2023\/02\/ceset.jpg\" alt=\"\" class=\"wp-image-1316\" srcset=\"http:\/\/yavuzalogan.com\/wp-content\/uploads\/2023\/02\/ceset.jpg 720w, http:\/\/yavuzalogan.com\/wp-content\/uploads\/2023\/02\/ceset-227x300.jpg 227w\" sizes=\"auto, (max-width: 720px) 100vw, 720px\" \/><\/figure>\n\n\n\n<p>Yavuz Alogan<\/p>\n\n\n\n<p>&nbsp;&nbsp;&nbsp;&nbsp;&nbsp;&nbsp;&nbsp;&nbsp; Binlerce, belki de on binlerce yurtta\u015f\u0131m\u0131z\u0131 hayattan koparan, \u00fclkenin en kritik b\u00f6lgesini enkaza d\u00f6n\u00fc\u015ft\u00fcren deprem, kendisini devlet olarak \u00f6rg\u00fctleyen iktidar partisinin halk i\u00e7in de\u011fil kendisi i\u00e7in var oldu\u011funu, kendisine \u00e7al\u0131\u015ft\u0131\u011f\u0131n\u0131, iktidar\u0131n\u0131 s\u00fcrd\u00fcrmekten ba\u015fka kayg\u0131 ta\u015f\u0131mad\u0131\u011f\u0131n\u0131 bir kez daha ortaya koydu ve Saray\u2019\u0131n derin korkular\u0131n\u0131 a\u00e7\u0131\u011fa vurdu. Fay\u0131n k\u0131r\u0131lmas\u0131 \u00fclkenin b\u00fct\u00fcn k\u0131r\u0131lganl\u0131klar\u0131n\u0131 art\u0131rd\u0131.<\/p>\n\n\n\n<p>&nbsp;&nbsp;&nbsp;&nbsp;&nbsp;&nbsp;&nbsp; Ortaya \u00e7\u0131kan manzara daha \u015fimdiden Saray rejiminin iktidars\u0131zl\u0131\u011f\u0131n\u0131 kan\u0131tlad\u0131. \u00dclkenin b\u00fct\u00fcn imk\u00e2n ve kabiliyetlerini seferber edemedi; yard\u0131m etmek, ba\u011f\u0131\u015f yapmak i\u00e7in \u00e7\u0131rp\u0131nan kurumlar\u0131n ve yurtta\u015flar\u0131n faaliyetine e\u015fg\u00fcd\u00fcm sa\u011flayamad\u0131; AFAD\u2019\u0131n tek ba\u015f\u0131na felaketin \u00fcstesinden gelemeyece\u011fi anla\u015f\u0131lm\u0131\u015fken, arpal\u0131\u011fa d\u00f6n\u00fc\u015ft\u00fcr\u00fclen K\u0131z\u0131lay ortal\u0131kta g\u00f6r\u00fcnmezken, kendi devletle\u015fmi\u015f partisinin damgas\u0131n\u0131 ve logosunu ta\u015f\u0131mayan her t\u00fcrl\u00fc \u00e7aban\u0131n \u00f6n\u00fcn\u00fc kesmeye \u00e7al\u0131\u015ft\u0131.<\/p>\n\n\n\n<p>Fuat Oktay\u2019\u0131n \u015fu s\u00f6zlerine bak\u0131n\u0131z: \u201cSiz kimsiniz, ne oldu\u011funuzu zannediyorsunuz? Seksen be\u015f milyondan farkl\u0131 biri misiniz? Devlet misiniz siz?\u201d &nbsp;Atanm\u0131\u015f parti memuru devlet ad\u0131na kibir g\u00f6sterisi yaparak karga\u015fay\u0131 g\u00f6zlerden saklamaya \u00e7al\u0131\u015f\u0131yor, taraftarlar\u0131 k\u0131\u015fk\u0131rt\u0131yor.<\/p>\n\n\n\n<p>Yirmi y\u0131ld\u0131r kendisi i\u00e7in tutulan defterleri g\u00f6rmeyen Say\u0131n Saray, \u201cG\u00fcn\u00fc geldi\u011finde tuttu\u011fumuz defteri a\u00e7aca\u011f\u0131z,\u201d diyerek Hakikat\u2019in pe\u015fine d\u00fc\u015fenleri tehdit ediyor. Bu s\u00f6zlerden kendisinin \u00e7ok b\u00fcy\u00fck bir tepki bekledi\u011fini anl\u0131yoruz. Kindarl\u0131kla harmanlanm\u0131\u015f a\u015f\u0131r\u0131 korku ve panik insana b\u00fcy\u00fck hatalar yapt\u0131r\u0131r.<\/p>\n\n\n\n<p>&nbsp;&nbsp;&nbsp;&nbsp;&nbsp;&nbsp;&nbsp; Asker\u00ee vesayeti kald\u0131r\u0131yoruz diye T\u00fcrk Ordusu\u2019nun halka d\u00f6n\u00fck sistemlerinin nas\u0131l bozuldu\u011funu, yok edildi\u011fini yurtta\u015flar hayatlar\u0131 pahas\u0131na \u00f6\u011frendiler. Ordunun imk\u00e2n ve kabiliyetlerinin k\u0131\u015fla i\u00e7inde kuyru\u011fa giren insanlara \u00e7orba pilav da\u011f\u0131tmaya indirgendi\u011fini herkes g\u00f6rd\u00fc.<\/p>\n\n\n\n<p>&nbsp;&nbsp;&nbsp;&nbsp;&nbsp;&nbsp;&nbsp; 1999 depreminden ders al\u0131narak GATA b\u00fcnyesinde kurulan, hekim ve hem\u015firelerden olu\u015fan personeliyle birlikte b\u00fct\u00fcn malzemeleri u\u00e7akla ta\u015f\u0131nabilen DAK\u0130K isimli acil t\u0131bb\u00ee yard\u0131m ekibini da\u011f\u0131tt\u0131lar; Kara Kuvvetleri birliklerinin afet durumunda ne yapacaklar\u0131n\u0131 planlayan, bir saat i\u00e7inde k\u0131\u015fladan \u00e7\u0131kmalar\u0131n\u0131 \u00f6ng\u00f6ren DAFYAR (Do\u011fal Afet Yard\u0131m) g\u00f6revlerine son verdiler. Askeriyenin emir-komuta sistemini kendilerine ba\u011flad\u0131lar. B\u00f6ylece \u201casker\u00ee vesayet\u201di \u00f6nlemi\u015f, \u201cdemokrasi\u201dyi getirmi\u015f oldular. \u00d6yle mi? Ordu\u2019yu halktan kopararak Saray\u2019a ba\u011flama giri\u015fiminin afet durumunda yaratt\u0131\u011f\u0131 ve yarataca\u011f\u0131 sonu\u00e7lar\u0131 \u015fu son felakette hayat\u0131m\u0131z pahas\u0131na g\u00f6rd\u00fck. Sava\u015f ko\u015fullar\u0131nda \u00e7ok daha beterini g\u00f6rebiliriz. &nbsp;<\/p>\n\n\n\n<p>&nbsp;&nbsp;&nbsp;&nbsp;&nbsp;&nbsp;&nbsp; Say\u0131n Saray\u2019\u0131n, sahip oldu\u011fu diktat\u00f6rl\u00fck imk\u00e2n ve kabiliyetlerini test etmeye haz\u0131rland\u0131\u011f\u0131n\u0131, OHAL\u2019in verdi\u011fi Kanun H\u00fckm\u00fcnde Kararname \u00e7\u0131karma yetkisini (md.4) bu ama\u00e7la kullanaca\u011f\u0131n\u0131 anl\u0131yoruz.<\/p>\n\n\n\n<p>E\u011fer do\u011fru anl\u0131yorsak, bu deprem olay\u0131n\u0131 \u201cAllah\u2019\u0131n bir l\u00fctfu\u201d olarak de\u011ferlendirme giri\u015fiminden, AKP i\u00e7indeki akl\u0131 selim unsurlar\u0131n da katk\u0131s\u0131yla derhal vazge\u00e7irilmesi gerekir.<\/p>\n\n\n\n<p>&nbsp;&nbsp;&nbsp;&nbsp;&nbsp;&nbsp;&nbsp; Ana muhalefet partisi CHP kafas\u0131 kar\u0131\u015f\u0131k belediyelerini deprem b\u00f6lgesinde kullan\u0131rken ayr\u0131 bir iktidar oda\u011f\u0131 gibi davranmaktan, \u201cikili iktidar\u201d g\u00f6r\u00fcnt\u00fcs\u00fc vermekten vazge\u00e7melidir. Bu davran\u0131\u015f\u0131n gerektirdi\u011fi g\u00fcce ne belediyelerde ne de kendi parti \u00f6rg\u00fctlerinde sahiptir; bu y\u00f6nde \u0131srar etmesi h\u00e2linde se\u00e7imleri tehlikeye atacak, bir kez daha ka\u015f yapay\u0131m derken g\u00f6z \u00e7\u0131karacakt\u0131r. \u00d6teki muhalefet partilerinin, mesela \u201cHer kap\u0131y\u0131 \u00e7alaca\u011f\u0131z\u201d diyen \u0130Y\u0130P\u2019in tutumu bile, CHP ba\u015fkan\u0131n\u0131n u\u00e7uk ve acul tavr\u0131ndan \u00e7ok daha tutarl\u0131d\u0131r. &nbsp;&nbsp;<\/p>\n\n\n\n<p>&nbsp;&nbsp;&nbsp;&nbsp;&nbsp;&nbsp;&nbsp; Bu depremin \u00fclkemizin kaderini belirleyen etkileri olacak.<\/p>\n\n\n\n<p>&nbsp;&nbsp;&nbsp;&nbsp;&nbsp;&nbsp;&nbsp; Birincisi; halk aras\u0131nda siyas\u00ee iktidar\u0131n bilin\u00e7li olarak yaratt\u0131\u011f\u0131 uzla\u015fmaz \u00e7eli\u015fkiler patlama noktas\u0131na \u00e7\u0131kacak, iktidar partisi ile muhalefet partilerini sonu\u00e7suz bir \u00e7at\u0131\u015fmaya s\u00fcr\u00fckleyecek.<\/p>\n\n\n\n<p>&nbsp;&nbsp;&nbsp;&nbsp;&nbsp;&nbsp;&nbsp; \u0130kincisi; depremin ekonomiye bindirece\u011fi y\u00fck, mevcut buhran\u0131, a\u00e7l\u0131k ve yoklu\u011fu hi\u00e7bir d\u0131\u015f yard\u0131m\u0131n, bor\u00e7lanman\u0131n, para transferinin telafi edemeyece\u011fi \u00f6l\u00e7\u00fcde a\u011f\u0131rla\u015ft\u0131racak.<\/p>\n\n\n\n<p>&nbsp;&nbsp;&nbsp;&nbsp;&nbsp;&nbsp;&nbsp; \u00dc\u00e7\u00fcnc\u00fcs\u00fc; h\u00e2li vakti yerinde olanlardan orta hallilere do\u011fru b\u00f6lge n\u00fcfusunun beklenen h\u0131zl\u0131 g\u00f6\u00e7\u00fc, ard\u0131nda demografik bir bo\u015fluk b\u0131rakacak. \u00d6zellikle n\u00fcfus yap\u0131s\u0131 zaten de\u011fi\u015fmekte olan Hatay-Samanda\u011f ile Gaziantep-Kilis hatt\u0131nda faaliyet g\u00f6steren, ayr\u0131ca Idlib\u2019ten gelebilecek vah\u015fi \u0130slamc\u0131 \u00f6rg\u00fctler ile Amerikan i\u015fbirlik\u00e7isi PKK ter\u00f6r \u00f6rg\u00fct\u00fc b\u00f6lgede g\u00fc\u00e7lenme imk\u00e2n\u0131 edinecek.&nbsp; N\u00fcfusu bo\u015falan ya da seyrekle\u015fen yerlere yerle\u015ferek buralar\u0131 y\u00f6netme tecr\u00fcbesi olan bu gruplar\u0131n faaliyeti \u00e7at\u0131\u015fmalara yol a\u00e7acak ve s\u0131radan yurtta\u015flar\u0131n bat\u0131ya do\u011fru g\u00f6\u00e7\u00fcn\u00fc h\u0131zland\u0131racak.&nbsp; D\u0131\u015fi\u015fleri Bakan\u0131\u2019n\u0131n \u201cDurum siyasi de\u011fil, insanidir\u201d diyerek Suriye s\u0131n\u0131r\u0131nda iki kap\u0131y\u0131 a\u00e7ma giri\u015fimi ve d\u0131\u015far\u0131dan Suriyeli depremzedelere g\u00f6nderilecek yard\u0131ma \u201ckolayla\u015ft\u0131r\u0131c\u0131l\u0131k\u201d teklifi kayg\u0131 vericidir. D\u0131\u015far\u0131dan gelecek yard\u0131m malzemesinin \u0130stanbul ve Ankara \u00fczerinden do\u011fruca \u015eam\u2019daki merkez\u00ee h\u00fck\u00fcmete aktar\u0131lmas\u0131, s\u0131n\u0131r ge\u00e7i\u015flerinin ve s\u0131n\u0131rda her t\u00fcrl\u00fc yabanc\u0131 yo\u011funlu\u011funun \u00f6nlenmesi gerekir.<\/p>\n\n\n\n<p>&nbsp;&nbsp;&nbsp;&nbsp;&nbsp;&nbsp;&nbsp; D\u00f6rd\u00fcnc\u00fcs\u00fc; &nbsp;b\u00f6lgede \u00e7al\u0131\u015fan tarafs\u0131z gazeteciler ya\u011fma, h\u0131rs\u0131zl\u0131k, \u00e7ocuk ka\u00e7\u0131rma ve organ mafyas\u0131 gibi faaliyetleri yerinde saptam\u0131\u015flard\u0131r. Su\u00e7\u00fcst\u00fc yakalananlar i\u00e7in \u201cvur emri\u201d \u00e7\u0131kar\u0131lmal\u0131, b\u00f6lgedeki ba\u015f\u0131bo\u015f g\u00f6\u00e7men ve ka\u00e7aklar toplanarak ya s\u0131n\u0131r d\u0131\u015f\u0131 edilmeli ya da b\u00f6lge d\u0131\u015f\u0131na \u00e7\u0131kar\u0131lmal\u0131, bunlara yurtta\u015fl\u0131k verilerek oy taban\u0131n\u0131 art\u0131rma giri\u015fimleri durdurulmal\u0131d\u0131r. Hatay Cezaevi\u2019nde \u00e7\u0131kan isyan ve kanl\u0131 olaylar b\u00f6lgedeki \u00e7at\u0131\u015fma potansiyelinin bir g\u00f6stergesidir.<\/p>\n\n\n\n<p>&nbsp;&nbsp;&nbsp;&nbsp;&nbsp;&nbsp;&nbsp; Be\u015fincisi; emperyalizmin T\u00fcrkiye i\u00e7in yak\u0131n zamanda haz\u0131rlam\u0131\u015f oldu\u011fu b\u00fct\u00fcn senaryolar ya\u015famakta oldu\u011fumuz felaket nedeniyle \u015fu ya da bu \u00f6l\u00e7\u00fcde y\u00fcr\u00fcrl\u00fc\u011fe konulacakt\u0131r.&nbsp; D\u0131\u015f medyada T\u00fcrkiye\u2019nin \u201cyeniden formatlanma\u201d vaktinin geldi\u011fine dair yaz\u0131lar yer almaktad\u0131r. Herkes bizi seviyor, yard\u0131m etmek istiyor \u015feklindeki duygusal ahmakl\u0131\u011f\u0131 b\u0131rak\u0131p dikkat kesilmek, b\u00f6l\u00fcnm\u00fc\u015f \u201ci\u00e7 cephe\u201dyi birle\u015ftirerek g\u00fc\u00e7lendirmek gerekir.<\/p>\n\n\n\n<p>&nbsp;&nbsp;&nbsp;&nbsp;&nbsp;&nbsp;&nbsp; Soru \u015fudur: Mevcut h\u00e2liyle Saray y\u00f6netimi yukar\u0131da belirtilen sorunlar\u0131 ve benzerlerini \u00e7\u00f6zme niyetine ve \u00e7\u00f6zecek kapasiteye sahip midir? Bu sorunun cevab\u0131 bir iki ay i\u00e7inde belli olur. <em>Veryans\u0131n<\/em>, 10. 02. 2023<\/p>\n","protected":false},"excerpt":{"rendered":"<p>Yavuz Alogan &nbsp;&nbsp;&nbsp;&nbsp;&nbsp;&nbsp;&nbsp;&nbsp; Binlerce, belki de on binlerce yurtta\u015f\u0131m\u0131z\u0131 hayattan koparan, \u00fclkenin en kritik b\u00f6lgesini enkaza d\u00f6n\u00fc\u015ft\u00fcren deprem, kendisini devlet olarak \u00f6rg\u00fctleyen iktidar partisinin halk i\u00e7in de\u011fil kendisi i\u00e7in var oldu\u011funu, kendisine \u00e7al\u0131\u015ft\u0131\u011f\u0131n\u0131, iktidar\u0131n\u0131 s\u00fcrd\u00fcrmekten ba\u015fka kayg\u0131 ta\u015f\u0131mad\u0131\u011f\u0131n\u0131 bir kez daha ortaya koydu ve Saray\u2019\u0131n derin korkular\u0131n\u0131 a\u00e7\u0131\u011fa vurdu. Fay\u0131n k\u0131r\u0131lmas\u0131 \u00fclkenin b\u00fct\u00fcn k\u0131r\u0131lganl\u0131klar\u0131n\u0131 art\u0131rd\u0131. &hellip; <\/p>\n<p class=\"link-more\"><a href=\"http:\/\/yavuzalogan.com\/?p=1315\" class=\"more-link\">Continue reading<span class=\"screen-reader-text\"> &#8220;ARA SONU\u00c7LAR&#8221;<\/span><\/a><\/p>\n","protected":false},"author":1,"featured_media":0,"comment_status":"open","ping_status":"open","sticky":false,"template":"","format":"standard","meta":{"footnotes":""},"categories":[1],"tags":[],"class_list":["post-1315","post","type-post","status-publish","format-standard","hentry","category-uncategorized"],"_links":{"self":[{"href":"http:\/\/yavuzalogan.com\/index.php?rest_route=\/wp\/v2\/posts\/1315","targetHints":{"allow":["GET"]}}],"collection":[{"href":"http:\/\/yavuzalogan.com\/index.php?rest_route=\/wp\/v2\/posts"}],"about":[{"href":"http:\/\/yavuzalogan.com\/index.php?rest_route=\/wp\/v2\/types\/post"}],"author":[{"embeddable":true,"href":"http:\/\/yavuzalogan.com\/index.php?rest_route=\/wp\/v2\/users\/1"}],"replies":[{"embeddable":true,"href":"http:\/\/yavuzalogan.com\/index.php?rest_route=%2Fwp%2Fv2%2Fcomments&post=1315"}],"version-history":[{"count":1,"href":"http:\/\/yavuzalogan.com\/index.php?rest_route=\/wp\/v2\/posts\/1315\/revisions"}],"predecessor-version":[{"id":1317,"href":"http:\/\/yavuzalogan.com\/index.php?rest_route=\/wp\/v2\/posts\/1315\/revisions\/1317"}],"wp:attachment":[{"href":"http:\/\/yavuzalogan.com\/index.php?rest_route=%2Fwp%2Fv2%2Fmedia&parent=1315"}],"wp:term":[{"taxonomy":"category","embeddable":true,"href":"http:\/\/yavuzalogan.com\/index.php?rest_route=%2Fwp%2Fv2%2Fcategories&post=1315"},{"taxonomy":"post_tag","embeddable":true,"href":"http:\/\/yavuzalogan.com\/index.php?rest_route=%2Fwp%2Fv2%2Ftags&post=1315"}],"curies":[{"name":"wp","href":"https:\/\/api.w.org\/{rel}","templated":true}]}}