{"id":1304,"date":"2023-01-27T10:24:50","date_gmt":"2023-01-27T08:24:50","guid":{"rendered":"http:\/\/yavuzalogan.com\/?p=1304"},"modified":"2023-01-27T10:24:50","modified_gmt":"2023-01-27T08:24:50","slug":"natodan-ne-zaman-cikilir","status":"publish","type":"post","link":"http:\/\/yavuzalogan.com\/?p=1304","title":{"rendered":"NATO\u2019DAN NE ZAMAN \u00c7IKILIR?"},"content":{"rendered":"\n<p>\u00a0\u00a0\u00a0\u00a0\u00a0\u00a0\u00a0    \u00a0\u00a0\u00a0\u00a0\u00a0 \u00a0\u00a0\u00a0\u00a0\u00a0\u00a0\u00a0\u00a0<\/p>\n\n\n\n<figure class=\"wp-block-image size-full\"><img loading=\"lazy\" decoding=\"async\" width=\"770\" height=\"540\" src=\"http:\/\/yavuzalogan.com\/wp-content\/uploads\/2023\/01\/natoll.jpg\" alt=\"\" class=\"wp-image-1305\" srcset=\"http:\/\/yavuzalogan.com\/wp-content\/uploads\/2023\/01\/natoll.jpg 770w, http:\/\/yavuzalogan.com\/wp-content\/uploads\/2023\/01\/natoll-428x300.jpg 428w, http:\/\/yavuzalogan.com\/wp-content\/uploads\/2023\/01\/natoll-768x539.jpg 768w\" sizes=\"auto, (max-width: 767px) 89vw, (max-width: 1000px) 54vw, (max-width: 1071px) 543px, 580px\" \/><\/figure>\n\n\n\n<p>Yavuz Alogan<\/p>\n\n\n\n<p>&nbsp;&nbsp;&nbsp;&nbsp;&nbsp;&nbsp;&nbsp; Asl\u0131nda bu olay a\u00e7\u0131ktan meydan okurken gizliden yaltaklanan bir h\u00fck\u00fcmetin \u00e7aresiz b\u0131rak\u0131larak dayat\u0131lan \u015fartlar\u0131 kabul etmesini sa\u011flamaya y\u00f6nelik, a\u011f\u0131r hakaret i\u00e7eren bir k\u0131\u015fk\u0131rtma eyleminden ibarettir. \u201cSen bize mecbursun, \u015fu h\u00e2linle bize meydan okuyamazs\u0131n,\u201d diyorlar. Verilen mesaj budur.<\/p>\n\n\n\n<p>&nbsp;&nbsp;&nbsp;&nbsp;&nbsp;&nbsp;&nbsp; \u0130kinci olarak olay, k\u0131ta Avrupas\u0131na h\u00fckmeden devletlerin kafay\u0131 iyice s\u0131y\u0131rarak g\u00f6zlerini karartt\u0131klar\u0131n\u0131 g\u00f6stermektedir. Bunun belirtileri zaten vard\u0131. Ukrayna Sava\u015f\u0131\u2019yla birlikte orkestra \u015fefi Valery Gergiev, Soprano Anna Netrebko ve piyanist Boris Berezovskiy\u2019den Dostoyevski, \u00c7aykovski, hatta mavi Rus kedisine kadar sergilenen d\u00fc\u015fmanl\u0131k ve nefret, Avrupa\u2019n\u0131n geneti\u011finde var olan \u0131rk\u00e7\u0131l\u0131k ve fa\u015fizm vir\u00fcs\u00fcn\u00fcn kriz durumlar\u0131nda nas\u0131l canland\u0131\u011f\u0131n\u0131 g\u00f6sterdi.<\/p>\n\n\n\n<p>&nbsp;&nbsp;&nbsp;&nbsp;&nbsp;&nbsp;&nbsp; Fakat Kuran yakma olay\u0131 hepsinin \u00fczerine t\u00fcy dikti. Neofa\u015fist unsur iki milyara yak\u0131n d\u00fcnya M\u00fcsl\u00fcman\u0131n\u0131n kutsal addetti\u011fi kitab\u0131, \u00f6zellikle T\u00fcrkiye B\u00fcy\u00fckel\u00e7ili\u011fi\u2019nin \u00f6n\u00fcnde yakmak i\u00e7in izin istiyor. NATO\u2019ya girmek i\u00e7in T\u00fcrkiye\u2019nin onay\u0131n\u0131 bekleyen \u0130sve\u00e7 h\u00fck\u00fcmeti izin vermekle kalm\u0131yor, eyleme polis korumas\u0131 da sa\u011fl\u0131yor. &nbsp;<\/p>\n\n\n\n<p>&nbsp;&nbsp;&nbsp;&nbsp;&nbsp;&nbsp;&nbsp; NATO Genel Sekreteri Stoltenberg, \u201c\u0130fade \u00f6zg\u00fcrl\u00fc\u011f\u00fc, fikir \u00f6zg\u00fcrl\u00fc\u011f\u00fc \u0130sve\u00e7&#8217;te ve di\u011fer t\u00fcm NATO \u00fclkelerinde de\u011ferli bir ilkedir,\u201d diyor ve eylemi \u201cuygunsuz\u201d bulmakla birlikte yasad\u0131\u015f\u0131 saymad\u0131\u011f\u0131n\u0131 s\u00f6yl\u00fcyor.<\/p>\n\n\n\n<p>&nbsp;&nbsp;&nbsp;&nbsp;&nbsp;&nbsp;&nbsp; Kitap yakmak, ba\u015fkas\u0131n\u0131n inanc\u0131n\u0131 a\u015fa\u011f\u0131lamak nas\u0131l bir ifade \u00f6zg\u00fcrl\u00fc\u011f\u00fcd\u00fcr?<\/p>\n\n\n\n<p>Bu hakaretin May\u0131s 1933\u2019te Nazilerin, \u201cAlman olmayan\u201d (y\u0131k\u0131c\u0131) ya da Yahudi yazarlara ait 25 000 kitab\u0131 t\u00f6renle yakmalar\u0131ndan ne fark\u0131 var?<\/p>\n\n\n\n<p>&nbsp;&nbsp;&nbsp;&nbsp;&nbsp;&nbsp;&nbsp; \u0130sve\u00e7 D\u0131\u015fi\u015fleri Bakan\u0131 Billstr\u00f6m\u2019e, eylemin \u0130sve\u00e7\u2019in NATO adayl\u0131\u011f\u0131n\u0131 nas\u0131l etkileyece\u011fi soruluyor. \u201cS\u00fcreci gereksiz yere uzatan her \u015fey elbette \u00e7ok ciddiye ald\u0131\u011f\u0131m\u0131z bir \u015feydir,\u201d diye cevap veriyor bakan. &nbsp;Bl\u00f6f\u00fcn\u00fcz\u00fc g\u00f6rd\u00fcm, meydan okuyorum, size hakaret ediyorum, s\u0131k\u0131ysa bizi NATO\u2019ya almay\u0131n diyor mealen.<\/p>\n\n\n\n<p>&nbsp;&nbsp;&nbsp;&nbsp;&nbsp;&nbsp;&nbsp; \u015eimdi tekrar bu yaz\u0131n\u0131n ilk paragraf\u0131na d\u00f6nelim.<\/p>\n\n\n\n<p>D\u0131\u015f politikada bir Devlet, g\u00fcc\u00fc kadar meydan okuyabilir. Bir taraftan orant\u0131s\u0131z g\u00fc\u00e7 g\u00f6sterileri yapar, \u00f6te taraftan yaltaklan\u0131r, \u00e7ok y\u00f6nl\u00fc diplomasi diye kendisinden daha g\u00fc\u00e7l\u00fc olanlar\u0131 birbirine kar\u015f\u0131 oynamak i\u00e7in at pazarl\u0131\u011f\u0131 yaparsa, g\u00fcvenilirli\u011fini ve itibar\u0131n\u0131 kaybeder, hatta g\u00fcl\u00fcn\u00e7 olur. \u00dcstelik \u00fclkenin b\u00fct\u00fcn kuvvetleri ve kurumlar\u0131 her \u015feyden sorumlu tutulan, halk\u0131n yar\u0131dan fazlas\u0131n\u0131 kendisine d\u00fc\u015fman eden tek bir ki\u015fide toplanm\u0131\u015fsa, siyas\u00ee iktidar her t\u00fcrl\u00fc tehdit, bask\u0131, hakaret ve operasyona a\u00e7\u0131k h\u00e2le gelir. &nbsp;&nbsp;&nbsp;&nbsp;&nbsp;&nbsp;&nbsp;<\/p>\n\n\n\n<p>&nbsp;&nbsp;&nbsp;&nbsp;&nbsp;&nbsp;&nbsp; Siyas\u00ee \u0130slam\u2019\u0131n devletin resm\u00ee ideolojisine d\u00f6n\u00fc\u015ft\u00fc\u011f\u00fc ko\u015fullarda T\u00fcrkiye\u2019nin Bat\u0131\u2019dan kopmas\u0131, bu arada NATO\u2019dan \u00e7\u0131kmas\u0131 tam bir felakete yol a\u00e7acakt\u0131r. T\u00fcrkiye b\u00f6yle bir \u00e7\u0131k\u0131\u015fa hi\u00e7bir bak\u0131mdan haz\u0131r de\u011fildir. Saray rejiminin b\u00f6yle bir \u00e7\u0131k\u0131\u015f\u0131 planlama ve \u00f6rg\u00fctleme kapasitesi, Say\u0131n Reis\u2019in ise uzun boylu olmak d\u0131\u015f\u0131nda Charles de Gaulle\u2019le benzerli\u011fi yoktur.<\/p>\n\n\n\n<p>Rusya\u2019ya ba\u011fl\u0131 sorumsuz unsurlar hi\u00e7bir diplomatik ve asker\u00ee haz\u0131rl\u0131k olmadan T\u00fcrkiye\u2019nin alt\u0131 ay i\u00e7inde NATO\u2019dan \u00e7\u0131kaca\u011f\u0131n\u0131 iddia ettiler. Kuran yakma&nbsp; olay\u0131n\u0131 gerek\u00e7e g\u00f6sterdiler. B\u00f6ylece provokasyonun hedefine (T\u00fcrkiye\u2019yi tecrit etmek ve bask\u0131 alt\u0131na almak) katk\u0131da bulundular. Halk\u0131m\u0131z ABD\u2019ye kar\u015f\u0131ym\u0131\u015f da son zamanlarda Rusya\u2019ya ve Putin\u2019e b\u00fcy\u00fck sempati duyuyormu\u015f. &nbsp;Reis ve adamlar\u0131 karar verecekler ve T\u00fcrkiye \u0130stanbul S\u00f6zle\u015fmesi\u2019nden \u00e7\u0131kar gibi NATO\u2019dan \u00e7\u0131kacak. Sonra Rusya\u2019n\u0131n deste\u011fiyle \u015feriat ve hilafet mi il\u00e2n edeceksiniz?<\/p>\n\n\n\n<p>&nbsp;&nbsp;&nbsp;&nbsp;&nbsp;&nbsp;&nbsp; Bug\u00fcnk\u00fc \u015fartlarda orduda yap\u0131sal reform, diplomatik haz\u0131rl\u0131k ve her alanda planlama yap\u0131lmadan, asker\u00ee doktrini de i\u00e7eren bir mill\u00ee strateji belgesi \u00fczerinde siyas\u00ee toplumun mutabakat\u0131 sa\u011flanmadan ve \u201ci\u00e7 cephe\u201d tahkim edilmeden, bize hakaret ediyorlar, h\u00fck\u00fcmeti devirmeye \u00e7al\u0131\u015f\u0131yorlar diye NATO\u2019dan \u00e7\u0131kmak, mevcut Saray y\u00f6netiminin bile kalk\u0131\u015fmayaca\u011f\u0131 kadar tedbirsiz, \u00e7ocuk\u00e7a ve fevri bir hareket olur. Devletler bu \u015fekilde \u00e7al\u0131\u015fmazlar.<\/p>\n\n\n\n<p>&nbsp;&nbsp;&nbsp;&nbsp;&nbsp;&nbsp;&nbsp; T\u00fcrkiye\u2019nin NATO\u2019dan d\u0131\u015flanmas\u0131 ya da (m\u00fcmk\u00fcnse) at\u0131lmas\u0131 ya da kendi inisiyatifiyle \u00e7\u0131kmas\u0131 ilk planda, e\u015fzamanl\u0131 olarak iki bu\u00e7uk cephede (Ege\u2019de, G\u00fcneydo\u011fu\u2019da ve \u00fclke i\u00e7inde) sava\u015fmam\u0131z, her y\u00f6nden sald\u0131r\u0131ya u\u011framam\u0131z ve nihayet Ukrayna-Rusya sava\u015f\u0131n\u0131n giderek topraklar\u0131m\u0131za ta\u015f\u0131nmas\u0131 anlam\u0131na gelir. \u015eanghay \u0130\u015fbirli\u011fi \u00d6rg\u00fct\u00fc asker\u00ee\/stratejik merkez olarak NATO ya da eski Var\u015fova Pakt\u0131\u2019yla k\u0131yaslanamaz.&nbsp; \u0130ran ve Kuzey Kore\u2019den m\u00fchimmat ithal etmek zorunda kalan Rusya\u2019n\u0131n etkisi ve ilgisi Karadeniz ve Bo\u011fazlar Rejimi\u2019yle s\u0131n\u0131rl\u0131 kal\u0131r. Bat\u0131\u2019n\u0131n sald\u0131r\u0131s\u0131 kar\u015f\u0131s\u0131nda Yugoslavya\u2019n\u0131n 1941\u2019deki durumuna d\u00fc\u015feriz.<\/p>\n\n\n\n<p>&nbsp;&nbsp;&nbsp;&nbsp;&nbsp;&nbsp;&nbsp; &nbsp;NATO, \u00f6zellikle 1960\u2019tan sonra T\u00fcrk Silahl\u0131 Kuvvetleri\u2019nin yap\u0131s\u0131na, e\u011fitim\/doktrin\u2019den tayin terfilere kadar her kademede derinlemesine n\u00fcfuz etti;&nbsp;&nbsp;&nbsp;&nbsp;&nbsp;&nbsp; ABD, envanterden d\u00fc\u015fen asker\u00ee malzemeyle TSK\u2019nin ihtiya\u00e7lar\u0131n\u0131 kar\u015f\u0131lad\u0131, T\u00fcrk subaylar\u0131n\u0131 e\u011fitti, onlara NATO\u2019nun harp doktrin ve stratejilerini a\u015f\u0131lad\u0131. T\u00fcrk Ordusu\u2019nun kulland\u0131\u011f\u0131 b\u00fct\u00fcn Sahra Talimnameleri ve doktrin metinleri \u0130ngilizce\u2019den \u00e7eviridir.<\/p>\n\n\n\n<p>&nbsp;&nbsp;&nbsp;&nbsp;&nbsp;&nbsp;&nbsp; T\u00fcrk Ordusu, NATO eliyle \u00fc\u00e7 kez tasfiyeye u\u011frad\u0131. 12 Mart 1972\u2019de, 12 Eyl\u00fcl 1980\u2019de belirgin siyas\u00ee g\u00f6r\u00fc\u015f\u00fc olan her r\u00fctbeden asker ve nihayet 2010\u2019dan itibaren ulusal \u00e7\u0131karlar\u0131 savunan y\u00fcksek r\u00fctbeli Kemalist subaylar evreler h\u00e2linde tasfiye edildi.&nbsp; Son tasfiyeler Saray\u2019\u0131n yol verdi\u011fi, emniyete ve yarg\u0131ya yerle\u015ftirdi\u011fi dinci casus \u00f6rg\u00fct\u00fc FET\u00d6\u2019n\u00fcn marifetiyle ger\u00e7ekle\u015fti.<\/p>\n\n\n\n<p>&nbsp;&nbsp;&nbsp;&nbsp;&nbsp;&nbsp;&nbsp; NATO\u2019nun ne oldu\u011funu en iyi askerler ve diplomatlar bilir. K\u0131br\u0131s Harek\u00e2t\u0131 (1974) \u00f6ncesinde, s\u0131ras\u0131nda ve sonras\u0131nda; 1992\u2019de yap\u0131lan m\u00fc\u015fterek tatbikatta Muavenet z\u0131rhl\u0131s\u0131 vuruldu\u011funda NATO\u2019nun ne oldu\u011funu \u00f6\u011frendiler. T\u00fcrkiye ABD\u2019nin PKK\u2019yi destekledi\u011fini, eski Genel Kurmay Ba\u015fkan\u0131 Do\u011fan G\u00fcre\u015f\u2019in &nbsp;2007\u2019de bir televizyon program\u0131na \u00e7\u0131karak Amerikan asker\u00ee helikopterinin 1992\u2019de&nbsp; PKK\u2019ye yard\u0131m malzemesi att\u0131\u011f\u0131na bizzat tan\u0131k oldu\u011funu ve helikopterin vurulmas\u0131 i\u00e7in emir verdi\u011fini anlatt\u0131\u011f\u0131 zaman \u00f6\u011frendi.<\/p>\n\n\n\n<p>&nbsp;&nbsp;&nbsp;&nbsp;&nbsp;&nbsp;&nbsp; &nbsp;Buna ra\u011fmen T\u00fcrk diplomatlar ve askerler b\u00fct\u00fcn NATO platformlar\u0131nda T\u00fcrkiye\u2019nin ulusal ve stratejik \u00e7\u0131karlar\u0131n\u0131 savunabildiler. &nbsp;Bu savunma, geleneksel diplomatlar \u201cmon\u015fer\u201d diye alaya al\u0131n\u0131ncaya kadar, yurtsever askerler \u201cvesayet\u00e7i-darbeci\u201d diye su\u00e7lan\u0131p tasfiye edilinceye kadar; \u00f6zetle, AKP kendi kadrolar\u0131n\u0131 Devlet olarak yeniden \u00f6rg\u00fctleyinceye kadar s\u00fcrd\u00fc ve yerini pragmatist\/pazarl\u0131k\u00e7\u0131 bir \u201ckazan\/kazan\u201d anlay\u0131\u015f\u0131na b\u0131rakt\u0131. Saray Rejimi uluslararas\u0131 alanda itibar\u0131n\u0131 kaybettik\u00e7e NATO\u2019nun pervas\u0131zl\u0131\u011f\u0131 artt\u0131.<\/p>\n\n\n\n<p>&nbsp;&nbsp;&nbsp;&nbsp;&nbsp;&nbsp;&nbsp; Bu siyas\u00ee iktidar ne NATO\u2019dan \u00e7\u0131kmaya cesaret edebilir, ne de T\u00fcrkiye\u2019nin tezlerini NATO ve uluslararas\u0131 kurulu\u015flarda savunabilir. Bu y\u0131pranma, itibars\u0131zla\u015fma, her t\u00fcrl\u00fc hakaret, bask\u0131, komplo ve provokasyon devam eder. Ne zaman ki Devlet siyas\u00ee \u0130slam\u2019\u0131n bask\u0131s\u0131ndan kurtulup yeni bir Toplum S\u00f6zle\u015fmesi\u2019yle yeniden laik ve sosyal bir hukuk devleti olarak yeniden \u00f6rg\u00fctlenir, i\u015fte o zaman NATO ve genelde d\u0131\u015f politika konusunda karar vermek m\u00fcmk\u00fcn ve mant\u0131kl\u0131 olur.<\/p>\n\n\n\n<p><a href=\"mailto:yalogan@gmail.com\">yalogan@gmail.com<\/a> &nbsp;&nbsp;<\/p>\n","protected":false},"excerpt":{"rendered":"<p>\u00a0\u00a0\u00a0\u00a0\u00a0\u00a0\u00a0 \u00a0\u00a0\u00a0\u00a0\u00a0 \u00a0\u00a0\u00a0\u00a0\u00a0\u00a0\u00a0\u00a0 Yavuz Alogan &nbsp;&nbsp;&nbsp;&nbsp;&nbsp;&nbsp;&nbsp; Asl\u0131nda bu olay a\u00e7\u0131ktan meydan okurken gizliden yaltaklanan bir h\u00fck\u00fcmetin \u00e7aresiz b\u0131rak\u0131larak dayat\u0131lan \u015fartlar\u0131 kabul etmesini sa\u011flamaya y\u00f6nelik, a\u011f\u0131r hakaret i\u00e7eren bir k\u0131\u015fk\u0131rtma eyleminden ibarettir. \u201cSen bize mecbursun, \u015fu h\u00e2linle bize meydan okuyamazs\u0131n,\u201d diyorlar. Verilen mesaj budur. &nbsp;&nbsp;&nbsp;&nbsp;&nbsp;&nbsp;&nbsp; \u0130kinci olarak olay, k\u0131ta Avrupas\u0131na h\u00fckmeden devletlerin kafay\u0131 iyice s\u0131y\u0131rarak g\u00f6zlerini &hellip; <\/p>\n<p class=\"link-more\"><a href=\"http:\/\/yavuzalogan.com\/?p=1304\" class=\"more-link\">Continue reading<span class=\"screen-reader-text\"> &#8220;NATO\u2019DAN NE ZAMAN \u00c7IKILIR?&#8221;<\/span><\/a><\/p>\n","protected":false},"author":1,"featured_media":0,"comment_status":"open","ping_status":"open","sticky":false,"template":"","format":"standard","meta":{"footnotes":""},"categories":[1],"tags":[],"class_list":["post-1304","post","type-post","status-publish","format-standard","hentry","category-uncategorized"],"_links":{"self":[{"href":"http:\/\/yavuzalogan.com\/index.php?rest_route=\/wp\/v2\/posts\/1304","targetHints":{"allow":["GET"]}}],"collection":[{"href":"http:\/\/yavuzalogan.com\/index.php?rest_route=\/wp\/v2\/posts"}],"about":[{"href":"http:\/\/yavuzalogan.com\/index.php?rest_route=\/wp\/v2\/types\/post"}],"author":[{"embeddable":true,"href":"http:\/\/yavuzalogan.com\/index.php?rest_route=\/wp\/v2\/users\/1"}],"replies":[{"embeddable":true,"href":"http:\/\/yavuzalogan.com\/index.php?rest_route=%2Fwp%2Fv2%2Fcomments&post=1304"}],"version-history":[{"count":1,"href":"http:\/\/yavuzalogan.com\/index.php?rest_route=\/wp\/v2\/posts\/1304\/revisions"}],"predecessor-version":[{"id":1306,"href":"http:\/\/yavuzalogan.com\/index.php?rest_route=\/wp\/v2\/posts\/1304\/revisions\/1306"}],"wp:attachment":[{"href":"http:\/\/yavuzalogan.com\/index.php?rest_route=%2Fwp%2Fv2%2Fmedia&parent=1304"}],"wp:term":[{"taxonomy":"category","embeddable":true,"href":"http:\/\/yavuzalogan.com\/index.php?rest_route=%2Fwp%2Fv2%2Fcategories&post=1304"},{"taxonomy":"post_tag","embeddable":true,"href":"http:\/\/yavuzalogan.com\/index.php?rest_route=%2Fwp%2Fv2%2Ftags&post=1304"}],"curies":[{"name":"wp","href":"https:\/\/api.w.org\/{rel}","templated":true}]}}