{"id":1218,"date":"2022-10-21T09:42:04","date_gmt":"2022-10-21T07:42:04","guid":{"rendered":"http:\/\/yavuzalogan.com\/?p=1218"},"modified":"2022-10-21T09:42:04","modified_gmt":"2022-10-21T07:42:04","slug":"ters-dip-dalgasi","status":"publish","type":"post","link":"http:\/\/yavuzalogan.com\/?p=1218","title":{"rendered":"TERS D\u0130P DALGASI"},"content":{"rendered":"\n<figure class=\"wp-block-image size-large\"><img loading=\"lazy\" decoding=\"async\" width=\"1024\" height=\"682\" src=\"http:\/\/yavuzalogan.com\/wp-content\/uploads\/2022\/10\/Seriat-1024x682.jpg\" alt=\"\" class=\"wp-image-1219\" srcset=\"http:\/\/yavuzalogan.com\/wp-content\/uploads\/2022\/10\/Seriat-1024x682.jpg 1024w, http:\/\/yavuzalogan.com\/wp-content\/uploads\/2022\/10\/Seriat-450x300.jpg 450w, http:\/\/yavuzalogan.com\/wp-content\/uploads\/2022\/10\/Seriat-768x512.jpg 768w, http:\/\/yavuzalogan.com\/wp-content\/uploads\/2022\/10\/Seriat.jpg 1366w\" sizes=\"auto, (max-width: 767px) 89vw, (max-width: 1000px) 54vw, (max-width: 1071px) 543px, 580px\" \/><\/figure>\n\n\n\n<p>Yavuz Alogan<\/p>\n\n\n\n<p>Depreme yol a\u00e7an yer kabu\u011fu levhalar\u0131n\u0131n birbirini s\u0131k\u0131\u015ft\u0131rmas\u0131 gibi siyas\u00ee partiler de se\u00e7men tabanlar\u0131n\u0131 geni\u015fletmek, potansiyel oy oranlar\u0131n\u0131 art\u0131rmak i\u00e7in Cumhuriyet\u2019in ba\u015fta laiklik olmak \u00fczere b\u00fct\u00fcn temel ilkelerini \u00e7ok uzun y\u0131llard\u0131r s\u0131k\u0131\u015ft\u0131r\u0131yor, a\u015f\u0131nd\u0131r\u0131yor ve bozuyorlar. Levha hareketlerinin b\u00fcy\u00fck deprem felaketlerine yol a\u00e7mas\u0131 gibi, bu sosyal ve siyasal s\u0131k\u0131\u015fman\u0131n da muazzam alt\u00fcst olu\u015flara, i\u00e7 \u00e7at\u0131\u015fmalara neden olmas\u0131 beklenmelidir.<\/p>\n\n\n\n<p>&nbsp;&nbsp;&nbsp;&nbsp;&nbsp;&nbsp;&nbsp; Bu s\u00fcreci her ne pahas\u0131na olursa olsun durdurmak gerekir.&nbsp; Aksi h\u00e2lde alt katmanlar\u0131ndan itibaren topluma \u00e7al\u0131nan gericilik mayas\u0131 sonunda n\u00fcfusun Ayd\u0131nlanma k\u00fclt\u00fcr\u00fcyle yo\u011frulmu\u015f, sek\u00fcler hayat tarz\u0131na al\u0131\u015fm\u0131\u015f kesimlerinin iradesini k\u0131racak; kadere ve kazaya inanan, ekonomiyi nasslarla y\u00f6neten, kindar ve dindar bir nesil yeti\u015ftirerek ve her t\u00fcrl\u00fc gerici ve b\u00f6l\u00fcc\u00fc d\u00fc\u015f\u00fcncenin \u00f6n\u00fcn\u00fc a\u00e7arak &nbsp;hegemonyas\u0131n\u0131 s\u00fcrekli k\u0131lmak isteyen siyas\u00ee iktidar &nbsp;yeni bir anayasayla nihai hedefine ula\u015facakt\u0131r.<\/p>\n\n\n\n<p>B\u00fct\u00fcn muhalefet partileri ve siyas\u00ee toplumun \u00f6nemli bir kesimi Saray rejiminin yaratt\u0131\u011f\u0131 ideolojik hegemonya alan\u0131n\u0131n i\u00e7inde her t\u00fcrl\u00fc gericili\u011fe ve b\u00f6l\u00fcc\u00fcl\u00fc\u011fe me\u015fruiyet kazand\u0131rarak Cumhuriyet ideolojisini, Devrim Kanunlar\u0131\u2019n\u0131 ve Ayd\u0131nlanma d\u00fc\u015f\u00fcncesini y\u0131pratmaktad\u0131r. Ad\u0131na \u201cdemokrasi\u201d dedikleri parlamenter sistem her se\u00e7im ve referandumda biraz daha kapanan bir tuza\u011fa d\u00f6n\u00fc\u015fm\u00fc\u015ft\u00fcr.<\/p>\n\n\n\n<p>&nbsp;&nbsp;&nbsp;&nbsp;&nbsp;&nbsp;&nbsp; Ana muhalefet partisinin gericilik ve b\u00f6l\u00fcc\u00fcl\u00fckle helalle\u015firken Mustafa Kemal\u2019in kurdu\u011fu partinin b\u00fct\u00fcn devrimci ge\u00e7mi\u015fini \u201cbizim de hatalar\u0131m\u0131z oldu\u201d diyerek derin bir \u00f6zele\u015ftiri konusu yapmas\u0131, ink\u00e2rc\u0131l\u0131\u011f\u0131n daniskas\u0131 olman\u0131n yan\u0131 s\u0131ra, bu partinin Saray\u2019\u0131n ideolojik hegemonya alan\u0131 i\u00e7inde yeniden yap\u0131land\u0131r\u0131ld\u0131\u011f\u0131n\u0131 g\u00f6stermektedir. &nbsp;Bu yolla oy taban\u0131n\u0131 geni\u015fletece\u011fini san\u0131yor. Oysa kendi taban\u0131n\u0131 yabanc\u0131la\u015ft\u0131racak ve kar\u015f\u0131 taraftan tek bir oy bile alamayacak. &nbsp;<\/p>\n\n\n\n<p>Her helalle\u015fme hamlesinin, her pi\u015fmanl\u0131k a\u011f\u0131t\u0131n\u0131n Saray\u2019\u0131n elini g\u00fc\u00e7lendirdi\u011fini g\u00f6rd\u00fck. T\u00fcrban\u0131 devlet nezdinde yasal g\u00fcvenceye ba\u011flama giri\u015fiminin Saray taraf\u0131ndan Anayasa\u2019ya yeni maddeler sokma te\u015febb\u00fcs\u00fcne nas\u0131l yol a\u00e7t\u0131\u011f\u0131n\u0131, s\u0131f\u0131rdan anayasa yapma giri\u015fimini nas\u0131l canland\u0131rd\u0131\u011f\u0131n\u0131 g\u00f6rd\u00fck. &nbsp;Say\u0131n Saray, K\u0131l\u0131\u00e7daro\u011flu\u2019nun aday olmas\u0131n\u0131 samimiyetle istiyor. Aday olmad\u0131\u011f\u0131n\u0131 a\u00e7\u0131klasa, AKP\u2019liler 100 000 imza toplayarak K\u0131l\u0131\u00e7daro\u011flu\u2019nu zorla aday yapmak i\u00e7in seferber olacaklar!<\/p>\n\n\n\n<p>&nbsp;&nbsp;&nbsp;&nbsp;&nbsp;&nbsp;&nbsp; Meden\u00ee toplumlarda b\u00fct\u00fcn yurtta\u015flar kanun \u00f6n\u00fcnde e\u015fittir. N\u00fcfusun bir kesimini bask\u0131 alt\u0131na almak, bir ba\u015fka kesimini kay\u0131rmak i\u00e7in kanun \u00e7\u0131kar\u0131lamaz. \u0130ktidar partisi, meclis \u00e7o\u011funlu\u011funa dayanarak kendi ideolojisine ve toplum tahayy\u00fcl\u00fcne uygun Anayasa yapamaz. Yaparsa toplumun ma\u015feri \u015fuurunda, yani toplum vicdan\u0131nda &nbsp;me\u015fruiyetini kaybeder ve direnme hakk\u0131 do\u011far; \u00e7at\u0131\u015fma olur ve k\u0131l\u0131c\u0131 keskin olan galip gelerek kendi program\u0131n\u0131 dayat\u0131r. T\u00fcrkiye\u2019nin durumu budur. Levhalar\u0131n hareketi, birbirini s\u0131k\u0131\u015ft\u0131rmas\u0131, sonunda mutlaka depreme yol a\u00e7acakt\u0131r.<\/p>\n\n\n\n<p>&nbsp;&nbsp;&nbsp;&nbsp;&nbsp;&nbsp;&nbsp; Maden facias\u0131nda tek bir sorumlu g\u00f6revden al\u0131nmazken, anayasal hakk\u0131n\u0131 kullanarak ihmali protesto edenler d\u00f6v\u00fclerek g\u00f6zetim alt\u0131na al\u0131nd\u0131lar; Tele 1 ekranlar\u0131 karart\u0131ld\u0131; \u0130leti\u015fim Bakanl\u0131\u011f\u0131\u2019n\u0131n keskin g\u00f6z\u00fc &nbsp;sosyal medyay\u0131 tarayarak dezenformasyon aramaya ba\u015flad\u0131. \u00c7\u0131kard\u0131klar\u0131 kanunu uygulayacaklar.<\/p>\n\n\n\n<p>&nbsp;&nbsp;&nbsp;&nbsp;&nbsp;&nbsp;&nbsp; Peki 15-16 Ekim tarihlerinde &nbsp;Diyarbak\u0131r\u2019da&nbsp; yap\u0131lan \u201c\u00e2limler bulu\u015fmas\u0131\u201dn\u0131 &nbsp;hangi yasal zemine oturtaca\u011f\u0131z; Anayasa\u2019n\u0131n hangi maddesine g\u00f6re bu toplant\u0131da al\u0131nan \u201ckararlar\u201d\u0131, hatta b\u00f6yle bir toplant\u0131n\u0131n yap\u0131labilmesini &nbsp;me\u015fru ve yasal kabul edece\u011fiz?<\/p>\n\n\n\n<p>&nbsp;&nbsp;&nbsp;&nbsp;&nbsp;&nbsp;&nbsp; Hizbullah ile onun yasal partisi H\u00fcda Par\u2019\u0131n uzant\u0131s\u0131 \u201c\u00c2limler ve Medreseler Birli\u011fi\u201dnin d\u00fczenledi\u011fi, Taliban h\u00fck\u00fcmet s\u00f6zc\u00fcs\u00fcn\u00fcn ve baz\u0131 \u00f6\u011fretim \u00fcyelerinin kat\u0131ld\u0131\u011f\u0131 bu toplant\u0131n\u0131n sonu\u00e7 bildirgesi, sadece Cumhuriyet\u2019in b\u00fct\u00fcn kazan\u0131mlar\u0131n\u0131n ink\u00e2r\u0131 de\u011fil, mevcut anayasal d\u00fczenin de ihlalidir; gericili\u011fin ve b\u00f6l\u00fcc\u00fcl\u00fc\u011f\u00fcn tam te\u015febb\u00fcs h\u00e2line d\u00f6n\u00fc\u015fm\u00fc\u015f \u015fahikas\u0131d\u0131r!<\/p>\n\n\n\n<p>&nbsp;&nbsp;&nbsp;&nbsp;&nbsp;&nbsp;&nbsp; Anayasa\u2019da yer alan laiklik ilkesi ve devletin b\u00f6l\u00fcnmez b\u00fct\u00fcnl\u00fc\u011f\u00fc hakk\u0131nda s\u00f6ylenenlere bakal\u0131m:<\/p>\n\n\n\n<p>\u201cHa\u00e7l\u0131lar\u0131n, Siyonizmin, \u00e7a\u011fda\u015f Kisral\u0131\u011f\u0131n (h\u00fck\u00fcmdarl\u0131k) &nbsp;var etti\u011fi en zararl\u0131 \u015feylerden bir tanesi de laikliktir. Laikli\u011fin, Sek\u00fclerizmin K\u00fcrt halk\u0131 i\u00e7erisinde yay\u0131lmas\u0131n\u0131n temel sebeplerinden biri yanl\u0131\u015f e\u011fitim metotlar\u0131 ve m\u00fcfredatt\u0131r. Bu yanl\u0131\u015f yollara kar\u015f\u0131 mescitler, medreseler, hutbeler yoluyla m\u00fccadele edilebilir. Hutbelerimiz, hocalar\u0131m\u0131z\u0131n konu\u015fmalar\u0131 yeterli de\u011fildir. \u00c7\u00fcnk\u00fc fitne fesat daha b\u00fcy\u00fckt\u00fcr.&nbsp;&nbsp; Bat\u0131l kitaplar bir \u015fekilde gen\u00e7lerden uzak tutulmal\u0131d\u0131r.\u201d (<em>S\u00f6zc\u00fc<\/em>, 16. 10.22)<\/p>\n\n\n\n<p>&nbsp;&nbsp;&nbsp;&nbsp;&nbsp;&nbsp;&nbsp; \u201cK\u00fcrdistan konusu \u0130slam devletlerinin sorunlar\u0131ndan bir tanesidir. \u0130n\u015fallah bu soruna da bir \u00e7\u00f6z\u00fcm yolu bulunur. Ama en \u00f6nemlisi M\u00fcsl\u00fcmanlar\u0131n birli\u011fidir ki \u0130slam \u00e2limleri \u00fczerinden bu konuda ilerleme sa\u011flan\u0131yor.\u201d (<em>Veryans\u0131nTv<\/em>, 18.10.22)<\/p>\n\n\n\n<p>&nbsp;&nbsp;&nbsp;&nbsp;&nbsp;&nbsp;&nbsp; \u201cHi\u00e7bir engel, ulemay\u0131 K\u00fcrt meselesine m\u00fcdahil olup bu hususta sorumluluk almaktan al\u0131koymamal\u0131d\u0131r. (<em>Rudaw<\/em>, 16. 10. 22)<\/p>\n\n\n\n<p>&nbsp;&nbsp;&nbsp;&nbsp;&nbsp;&nbsp;&nbsp; Anayasas\u0131nda h\u00e2l\u00e2 laiklik ilkesi yer alan \u00fcniter bir devlette b\u00f6yle bir toplant\u0131 nas\u0131l yap\u0131labilir, b\u00f6yle mesajlar nas\u0131l verilebilir? Her konu\u015fma ve kanaat kanunun su\u00e7 sayd\u0131\u011f\u0131 fiilere \u00f6vg\u00fcler d\u00fcz\u00fcyor, Cumhuriyet\u2019in b\u00fct\u00fcn kazan\u0131mlar\u0131n\u0131 lanetliyor ve halk\u0131n iki kesimini uzla\u015fmaz \u00e7eli\u015fkiler temelinde birbirine kar\u015f\u0131 &nbsp;k\u0131\u015fk\u0131rt\u0131yor. &nbsp;\u00d6te yanda muhalefet partileri gericinin her t\u00fcrl\u00fc faaliyetine, \u00f6rg\u00fctlenmesine ve haz\u0131rl\u0131\u011f\u0131na tamamen k\u00f6rd\u00fcr. B\u00f6yle \u015feyleri g\u00f6rm\u00fcyorlar ve ilgilenmiyorlar.<\/p>\n\n\n\n<p>&nbsp;&nbsp;&nbsp;&nbsp;&nbsp;&nbsp;&nbsp; Fakat son tahlilde \u00e2limlerin&nbsp; yakla\u015f\u0131m\u0131 Saray\u2019\u0131n&nbsp; 36 etnik grubu \u201canas\u0131r-\u0131 \u0130slam\u201d sayan anlay\u0131\u015f\u0131yla ve HDP\u2019yle ba\u015far\u0131s\u0131zl\u0131\u011fa u\u011frayan \u201c\u00e7\u00f6z\u00fcm s\u00fcreci\u201dni &nbsp;H\u00fcda Par gibi olu\u015fumlarla tekrarlama niyetiyle uyum i\u00e7indedir.<\/p>\n\n\n\n<p>Asl\u0131nda PKK\/HDP de kendisini bu \u00e7izgiye uydurmaya \u00e7al\u0131\u015fm\u0131\u015f, 10-11 May\u0131s 2014\u2019te melleleri harekete ge\u00e7irerek &nbsp;&nbsp;\u201c\u015eeyh Sait gibi tarihi ki\u015filikler\u201de ve&nbsp; Hz. Muhammed\u2019in Medine \u015e\u00fbras\u0131\u2019na g\u00f6nderme yaparak, Demokratik (tik!) \u0130slam Kongresi toplam\u0131\u015ft\u0131. Fakat Saray kendi etki alan\u0131 i\u00e7inde kendisine ba\u011fl\u0131 g\u00fc\u00e7lerle i\u015f tutmak varken, bu projeye niye y\u00fcz versindi? Nitekim vermedi.<\/p>\n\n\n\n<p>&nbsp;&nbsp;&nbsp;&nbsp;&nbsp;&nbsp;&nbsp; Rahmetli Attila \u0130lhan hayat\u0131n\u0131n son d\u00f6neminde ADD\u2019lilerin, \u00e7e\u015fitli solcu yurtseverlerin, i\u015f\u00e7i sendikalar\u0131ndan \u201cemekda\u015flar\u201d\u0131n eylemli \u201cdip dalgas\u0131\u201dn\u0131 beklemi\u015fti. Bo\u015f bir umut de\u011fildi. 2007\u2019deki Cumhuriyet Mitingleri ve 2013\u2019teki Haziran Ayaklanmas\u0131 dalgan\u0131n hareketlendi\u011fini g\u00f6stermi\u015fti. Ancak her iki dip dalgas\u0131 da kald\u0131rac\u0131n\u0131\/\u00f6nderli\u011fini bulamad\u0131\u011f\u0131 i\u00e7in k\u0131y\u0131ya vuran ba\u015f\u0131bo\u015f&nbsp; dalgalar gibi da\u011f\u0131larak muazzam bir enerjiyi t\u00fcketti.<\/p>\n\n\n\n<p>&nbsp;&nbsp;&nbsp;&nbsp;&nbsp;&nbsp;&nbsp; \u015eimdi yine dipten fakat bu kez&nbsp; gerici bir &nbsp;dalgan\u0131n y\u00fckselmekte oldu\u011fu a\u00e7\u0131k\u00e7a g\u00f6r\u00fcl\u00fcyor. Saray\u2019\u0131n \u201cmuhafazak\u00e2r devrim\u201dini tamamlamak i\u00e7in bu ters dalgan\u0131n s\u0131rt\u0131na binerek mutlak iktidar kat\u0131na y\u00fckselmeye niyetlendi\u011fi de a\u00e7\u0131k\u00e7a g\u00f6r\u00fcl\u00fcyor.&nbsp; Ancak bu dalga Saray taraf\u0131ndan denetlenemez ya da beklendi\u011finden daha g\u00fc\u00e7l\u00fc patlarsa, mevcut rejimi de a\u015farak \u00e7ok daha vahim sonu\u00e7lar yarat\u0131r. \u0130\u015fte o zaman &nbsp;mevcut Saray rejimini, hatta &nbsp;\u015fimdiki Cumhurba\u015fkan\u0131\u2019n\u0131 bile mumla arars\u0131n\u0131z. Cumhuriyet b\u00fct\u00fcn kazan\u0131mlar\u0131yla birlikte tehlikededir. \u201cMuhafazak\u00e2r devrimci\u201dnin kar\u015f\u0131s\u0131nda bir cumhuriyet devrimcisi yoktur! <em>Veryans\u0131n<\/em>, 21. 10. 2022<\/p>\n","protected":false},"excerpt":{"rendered":"<p>Yavuz Alogan Depreme yol a\u00e7an yer kabu\u011fu levhalar\u0131n\u0131n birbirini s\u0131k\u0131\u015ft\u0131rmas\u0131 gibi siyas\u00ee partiler de se\u00e7men tabanlar\u0131n\u0131 geni\u015fletmek, potansiyel oy oranlar\u0131n\u0131 art\u0131rmak i\u00e7in Cumhuriyet\u2019in ba\u015fta laiklik olmak \u00fczere b\u00fct\u00fcn temel ilkelerini \u00e7ok uzun y\u0131llard\u0131r s\u0131k\u0131\u015ft\u0131r\u0131yor, a\u015f\u0131nd\u0131r\u0131yor ve bozuyorlar. Levha hareketlerinin b\u00fcy\u00fck deprem felaketlerine yol a\u00e7mas\u0131 gibi, bu sosyal ve siyasal s\u0131k\u0131\u015fman\u0131n da muazzam alt\u00fcst olu\u015flara, i\u00e7 &hellip; <\/p>\n<p class=\"link-more\"><a href=\"http:\/\/yavuzalogan.com\/?p=1218\" class=\"more-link\">Continue reading<span class=\"screen-reader-text\"> &#8220;TERS D\u0130P DALGASI&#8221;<\/span><\/a><\/p>\n","protected":false},"author":1,"featured_media":0,"comment_status":"open","ping_status":"open","sticky":false,"template":"","format":"standard","meta":{"footnotes":""},"categories":[1],"tags":[],"class_list":["post-1218","post","type-post","status-publish","format-standard","hentry","category-uncategorized"],"_links":{"self":[{"href":"http:\/\/yavuzalogan.com\/index.php?rest_route=\/wp\/v2\/posts\/1218","targetHints":{"allow":["GET"]}}],"collection":[{"href":"http:\/\/yavuzalogan.com\/index.php?rest_route=\/wp\/v2\/posts"}],"about":[{"href":"http:\/\/yavuzalogan.com\/index.php?rest_route=\/wp\/v2\/types\/post"}],"author":[{"embeddable":true,"href":"http:\/\/yavuzalogan.com\/index.php?rest_route=\/wp\/v2\/users\/1"}],"replies":[{"embeddable":true,"href":"http:\/\/yavuzalogan.com\/index.php?rest_route=%2Fwp%2Fv2%2Fcomments&post=1218"}],"version-history":[{"count":1,"href":"http:\/\/yavuzalogan.com\/index.php?rest_route=\/wp\/v2\/posts\/1218\/revisions"}],"predecessor-version":[{"id":1220,"href":"http:\/\/yavuzalogan.com\/index.php?rest_route=\/wp\/v2\/posts\/1218\/revisions\/1220"}],"wp:attachment":[{"href":"http:\/\/yavuzalogan.com\/index.php?rest_route=%2Fwp%2Fv2%2Fmedia&parent=1218"}],"wp:term":[{"taxonomy":"category","embeddable":true,"href":"http:\/\/yavuzalogan.com\/index.php?rest_route=%2Fwp%2Fv2%2Fcategories&post=1218"},{"taxonomy":"post_tag","embeddable":true,"href":"http:\/\/yavuzalogan.com\/index.php?rest_route=%2Fwp%2Fv2%2Ftags&post=1218"}],"curies":[{"name":"wp","href":"https:\/\/api.w.org\/{rel}","templated":true}]}}