{"id":1215,"date":"2022-10-16T09:16:05","date_gmt":"2022-10-16T07:16:05","guid":{"rendered":"http:\/\/yavuzalogan.com\/?p=1215"},"modified":"2022-10-16T09:16:05","modified_gmt":"2022-10-16T07:16:05","slug":"birlikte-mumkun-degil-turkiye","status":"publish","type":"post","link":"http:\/\/yavuzalogan.com\/?p=1215","title":{"rendered":"B\u0130RL\u0130KTE M\u00dcMK\u00dcN DE\u011e\u0130L T\u00dcRK\u0130YE!"},"content":{"rendered":"\n<figure class=\"wp-block-image size-full\"><img loading=\"lazy\" decoding=\"async\" width=\"832\" height=\"468\" src=\"http:\/\/yavuzalogan.com\/wp-content\/uploads\/2022\/10\/Maden.jpg\" alt=\"\" class=\"wp-image-1216\" srcset=\"http:\/\/yavuzalogan.com\/wp-content\/uploads\/2022\/10\/Maden.jpg 832w, http:\/\/yavuzalogan.com\/wp-content\/uploads\/2022\/10\/Maden-500x281.jpg 500w, http:\/\/yavuzalogan.com\/wp-content\/uploads\/2022\/10\/Maden-768x432.jpg 768w\" sizes=\"auto, (max-width: 767px) 89vw, (max-width: 1000px) 54vw, (max-width: 1071px) 543px, 580px\" \/><\/figure>\n\n\n\n<p>Yavuz Alogan<\/p>\n\n\n\n<p>T\u00fcrkiye\u2019nin \u00fczerinde kal\u0131n bir cil\u00e2 tabakas\u0131 var. Orta\u00e7a\u011f karanl\u0131\u011f\u0131n\u0131 gizliyor. Medyan\u0131n y\u00fczde doksan sekizine h\u00e2kim olan siyas\u00ee iktidar ve sahte umutlar yayan muhalefet partileri, eylemleri ve s\u00f6ylemleriyle her \u015fey normalmi\u015f gibi bir hava yaratarak bu cil\u00e2 tabakas\u0131n\u0131 s\u00fcrekli yeniliyorlar.<\/p>\n\n\n\n<p>&nbsp;&nbsp;&nbsp;&nbsp;&nbsp;&nbsp;&nbsp; \u00dcst\u00fc \u00f6rt\u00fclemeyecek kadar b\u00fcy\u00fck yolsuzluk rezaletleri, kad\u0131n cinayetleri, \u00e7ocuk istismarlar\u0131, deprem felaketleri ve grizu patlamalar\u0131 gibi olaylar, k\u0131sa s\u00fcreli\u011fine cil\u00e2n\u0131n alt\u0131ndaki orta\u00e7a\u011f karanl\u0131\u011f\u0131n\u0131 y\u00fczeye \u00e7\u0131kar\u0131yor ve Parti Devleti f\u0131r\u00e7ay\u0131 kapt\u0131\u011f\u0131 gibi ko\u015fuyor; vaatlerde bulunarak, din\u00ee t\u00f6renler d\u00fczenleyerek fakat ayn\u0131 zamanda g\u00f6zda\u011f\u0131 vererek ya\u015fanan olay\u0131 unutturmaya, ortal\u0131\u011f\u0131 yat\u0131\u015ft\u0131r\u0131p daha kal\u0131n bir cila tabakas\u0131yla ger\u00e7ekleri \u00f6rtmeye \u00e7al\u0131\u015f\u0131yor.<\/p>\n\n\n\n<p>&nbsp;&nbsp;&nbsp;&nbsp;&nbsp;&nbsp;&nbsp; Daha ge\u00e7enlerde T\u00fcrkiye \u0130\u015fveren Sendikalar\u0131 Konfederasyonu (T\u0130SK) d\u00f6rd\u00fcnc\u00fc Ortak Payla\u015f\u0131m Platformu\u2019nda (OPF) i\u015f\u00e7i ve i\u015fveren&nbsp; temsilcilerini bir araya getirdi. T\u0130SK kendi internet sitesinde platformun \u201cikiz (ye\u015fil ve dijital) d\u00f6n\u00fc\u015f\u00fcm,\u201d \u00e7al\u0131\u015fma hayat\u0131nda s\u00fcrd\u00fcr\u00fclebilirlik, i\u015fg\u00fcc\u00fcn\u00fcn s\u00fcreklili\u011fi gibi m\u00fchim sorunlar\u0131 oda\u011fa yerle\u015ftirdi\u011fini, \u201ctaraflar aras\u0131nda sosyal diyalogla \u00e7al\u0131\u015fma hayat\u0131na dair kararlar\u201d al\u0131nd\u0131\u011f\u0131n\u0131 duyurdu. &nbsp;\u0130\u015f\u00e7i ile i\u015fverenin ortak Davos toplant\u0131s\u0131ym\u0131\u015f! Slogan\u0131 da \u00e7ok romantik, insana pozitif duygular veriyor: \u201cBirlikte m\u00fcmk\u00fcn T\u00fcrkiye!\u201d &nbsp;<\/p>\n\n\n\n<p>&nbsp;&nbsp;&nbsp;&nbsp;&nbsp;&nbsp;&nbsp; Bu arada i\u015f sa\u011fl\u0131\u011f\u0131 ve g\u00fcvenli\u011fi alan\u0131nda hayata ge\u00e7irilen (hayata ge\u00e7irilen!!!) \u201cG\u00fcvenlik K\u00fclt\u00fcr\u00fcn\u00fc Ya\u015fam Bi\u00e7imine D\u00f6n\u00fc\u015ft\u00fcr\u00fcyoruz\u201d ba\u015fl\u0131kl\u0131 projenin protokol\u00fc Bakan Bilgin ve T\u0130SK Ba\u015fkan\u0131 Akkol taraf\u0131ndan imzalanm\u0131\u015f.<\/p>\n\n\n\n<p>&nbsp;&nbsp;&nbsp;&nbsp;&nbsp;&nbsp;&nbsp; Cil\u00e2n\u0131n kal\u0131nl\u0131\u011f\u0131na ve parlakl\u0131\u011f\u0131na bakar m\u0131s\u0131n\u0131z?<\/p>\n\n\n\n<p>&nbsp;&nbsp;&nbsp;&nbsp;&nbsp;&nbsp;&nbsp; D\u00fcn ak\u015fam yerin 350 metre alt\u0131nda onlarca i\u015f\u00e7inin ezilerek, yanarak, bo\u011fularak can vermesi cil\u00e2n\u0131n d\u00f6k\u00fcld\u00fc\u011f\u00fc, HAK\u0130KAT\u2019in&nbsp; ortaya \u00e7\u0131kt\u0131\u011f\u0131 and\u0131r. Emile Zola\u2019n\u0131n 1877\u2019de yazd\u0131\u011f\u0131 <em>Germinal<\/em> roman\u0131n\u0131 and\u0131ran \u00e7al\u0131\u015fma ko\u015fullar\u0131n\u0131n, 19. y\u00fczy\u0131la \u00f6zg\u00fc i\u015f\u00e7i ak\u0131betinin, 21. y\u00fczy\u0131lda T\u00fcrk i\u015f\u00e7isine reva g\u00f6r\u00fcld\u00fc\u011f\u00fc bir kez daha kan\u0131tlam\u0131\u015ft\u0131r.<\/p>\n\n\n\n<p>&nbsp;&nbsp;&nbsp;&nbsp;&nbsp;&nbsp;&nbsp; \u015eimdi devlet erk\u00e2n\u0131 ve siyas\u00ee parti heyetleri hemen oraya ko\u015facaklar; birincisi \u201cyaralar\u0131 saraca\u011f\u0131z,\u201d ikincisi \u201cbiz gelirsek dertler bitecek\u201d diyerek elbirli\u011fiyle cil\u00e2y\u0131 yenileyecekler.<\/p>\n\n\n\n<p>&nbsp;&nbsp;&nbsp;&nbsp;&nbsp;&nbsp;&nbsp; Bu kazalar biter mi? Bitmez!<\/p>\n\n\n\n<p>&nbsp;&nbsp;&nbsp;&nbsp;&nbsp;&nbsp;&nbsp; Devlet ve i\u015fveren, i\u015f\u00e7inin can g\u00fcvenli\u011fi i\u00e7in al\u0131nmas\u0131 gereken \u00f6nlemleri \u201cmaliyet fakt\u00f6r\u00fc\u201d olarak, yani \u00fcretimin maliyetini art\u0131ran herhangi bir \u015fey olarak g\u00f6rd\u00fc\u011f\u00fc s\u00fcrece, daha \u00e7ok i\u015f\u00e7i \u00f6l\u00fcr. Zonguldak \u00e7evresinde toplamda 5000 i\u015f\u00e7i kuyularda, t\u00fcnellerde, domuz damlar\u0131nda yanarak, ezilerek, bo\u011fularak \u00f6ld\u00fc.<\/p>\n\n\n\n<p>&nbsp;&nbsp;&nbsp;&nbsp;&nbsp;&nbsp;&nbsp; Bu \u201cmaliyet fakt\u00f6r\u00fc\u201dn\u00fc Devlet\u2019in denetlemesi gerekir. Nitekim denetlemi\u015f. Can \u00e7eki\u015fmekle birlikte baz\u0131 refleksleri h\u00e2l\u00e2 &nbsp;canl\u0131 kalan Say\u0131\u015ftay, &nbsp;Bart\u0131n Amasra maden oca\u011f\u0131nda \u201cani gaz degaj\u0131 ve grizu patlama riski\u201dnin oldu\u011funu bildirmi\u015f. Patlaman\u0131n olaca\u011f\u0131 yeri bile s\u00f6ylemi\u015f.&nbsp; Belli ki ald\u0131ran olmam\u0131\u015f.<\/p>\n\n\n\n<p>&nbsp;&nbsp;&nbsp;&nbsp;&nbsp;&nbsp;&nbsp; Bu \u00f6l\u00fcmler normal kar\u015f\u0131lan\u0131yor. Unutmay\u0131n\u0131z ki bu \u00fclkenin Ba\u015fbakan\u0131 13 May\u0131s 2014\u2019te Soma\u2019da &nbsp;301 madencinin \u00f6ld\u00fc\u011f\u00fc facian\u0131n hemen ard\u0131ndan, bu t\u00fcr&nbsp; olaylar\u0131n 1800\u2019lerden beri ya\u015fand\u0131\u011f\u0131n\u0131 belirttikten sonra, \u201cBunlar s\u00fcrekli olan \u015feyler, bu i\u015fin f\u0131trat\u0131nda bu var\u201d diyebildi ve hi\u00e7bir \u015fey olmad\u0131.<\/p>\n\n\n\n<p>&nbsp;&nbsp;&nbsp;&nbsp;&nbsp;&nbsp;&nbsp; Kaderin i\u015f\u00e7i \u00f6ld\u00fcrmek gibi bir plan\u0131 olamaz. \u0130\u015f g\u00fcvenli\u011fini sa\u011flamak ve denetlemek Devlet\u2019in g\u00f6revidir.<\/p>\n\n\n\n<p>&nbsp;&nbsp;&nbsp;&nbsp;&nbsp;&nbsp;&nbsp; Soma olay\u0131 bende zihinsel bir de\u011fi\u015fim yaratm\u0131\u015ft\u0131. Olay\u0131n kendisi de\u011fil, olaydan hemen sonra sendikalar\u0131n \u00e7a\u011fr\u0131s\u0131yla Zonguldak maden i\u015f\u00e7ilerinin &nbsp;&nbsp;sayg\u0131 duru\u015fu s\u0131ras\u0131nda \u00e7ekilen g\u00f6r\u00fcnt\u00fcler!<\/p>\n\n\n\n<p>\u0130\u015f\u00e7iler ba\u015flar\u0131nda kasklar\u0131, y\u00fczlerinde k\u00f6m\u00fcr karas\u0131 ele ele tutu\u015fmu\u015f a\u011fl\u0131yorlard\u0131. \u00dclkenin b\u00fct\u00fcn televizyon kanallar\u0131 a\u011flayan i\u015f\u00e7i g\u00f6r\u00fcnt\u00fclerini defalarca, d\u00f6ne d\u00f6ne g\u00f6sterdi. &nbsp;Benim kalbim o g\u00fcn&nbsp; k\u0131r\u0131ld\u0131, bir daha d\u00fczelmedi! T\u0130SK Ba\u015fkan\u0131 Halit Narin\u2019in 12 Eyl\u00fcl darbesinden sonra s\u00f6yledi\u011fi s\u00f6z\u00fc hat\u0131rlad\u0131m: \u201cBug\u00fcne kadar i\u015f\u00e7iler g\u00fcld\u00fc, biz a\u011flad\u0131k; art\u0131k onlar a\u011flayacak, biz g\u00fclece\u011fiz.\u201d<\/p>\n\n\n\n<p>&nbsp;&nbsp;&nbsp;&nbsp;&nbsp;&nbsp;&nbsp; Soma\u2019da yaralanan i\u015f\u00e7inin sedyeye yat\u0131r\u0131l\u0131rken, \u201c\u00c7izmelerimi \u00e7\u0131karay\u0131m a\u011fabey, kirlenmesin,\u201d deyi\u015fi; daha sonra otob\u00fcs\u00fcn koltuklar\u0131 kirlenmesin diye ayakta seyahat eden maden i\u015f\u00e7ilerinin g\u00f6r\u00fcnt\u00fcs\u00fc merkez medyada defalarca g\u00f6z\u00fcm\u00fcze sokuldu. &nbsp;Bu olaylar sonras\u0131nda, on y\u0131ld\u0131r yeralt\u0131nda kazma sallayan 38 ya\u015f\u0131nda bir maden i\u015f\u00e7isi, kendisiyle yap\u0131lan m\u00fclakatta, \u201cSevindim,\u201d dedi, \u201cinsanlar bizi sahiplendi. Hakk\u0131m\u0131zda g\u00fczel yorumlar da geldi.&nbsp; Maden i\u015f\u00e7isi her zaman yapt\u0131\u011f\u0131 i\u015flerle \u00f6rnek davran\u0131\u015fta bulunuyor. Herkes bizi arayarak tebrik ediyor\u201d (<em>NTV T\u00fcrkiye<\/em>, 24.09.17). \u0130\u015f\u00e7iler &nbsp;o s\u0131rada -belki \u015fimdi de- ATV ekranlar\u0131nda yay\u0131mlanan M\u00fcge Anl\u0131\u2019n\u0131n \u201cTatl\u0131 Sert\u201d adl\u0131 magazin program\u0131na konuk oldular. \u201cKoltuklar kirlenmesin\u2026\u201d diye ba\u015flayan c\u00fcmlelerle bir kez de orada \u00f6v\u00fcld\u00fcler. Herkes ac\u0131d\u0131, duyguland\u0131.<\/p>\n\n\n\n<p>&nbsp;&nbsp;&nbsp;&nbsp;&nbsp;&nbsp;&nbsp; 2015\u2019te otomotiv grevi s\u0131ras\u0131nda Reno, Mako ve di\u011fer fabrikalardaki grevci i\u015f\u00e7iler&nbsp; fabrika avlular\u0131nda topluca cuma namaz\u0131 k\u0131larak grevi bitirdiler; bu kez namaz foto\u011fraflar\u0131 medyan\u0131n \u201cideal i\u015f\u00e7i\u201d g\u00f6r\u00fcnt\u00fcs\u00fcn\u00fc olu\u015fturdu. Namaz\u0131 k\u0131ld\u0131ran imam \u00f6nemli bir uyar\u0131da&nbsp; bulundu: \u201cK\u0131ymetli karde\u015flerim, h\u00e2l\u00e2 zaman zaman akl\u0131n\u0131z\u0131 \u00e7elenler&nbsp; olabiliyor. Burada birli\u011fimizi beraberli\u011fimizi bozmad\u0131\u011f\u0131m\u0131z s\u00fcrece in\u015fallah zafer nasip olacak. Mevlam utand\u0131rmas\u0131n\u201d (<em>Bursa\u2019da Bug\u00fcn<\/em>, 22.05.15).&nbsp;<\/p>\n\n\n\n<p>&nbsp;&nbsp;&nbsp;&nbsp;&nbsp;&nbsp;&nbsp; 60\u2019l\u0131 70\u2019li y\u0131llar\u0131n b\u00fcy\u00fck i\u015f\u00e7i ve sendikal m\u00fccadelelerine, 1991\u2019de Zonguldak madencilerinin grev ve &nbsp;B\u00fcy\u00fck Y\u00fcr\u00fcy\u00fc\u015f\u2019\u00fcne tan\u0131k olmu\u015f, sahici sendikac\u0131lar tan\u0131m\u0131\u015f biri olarak bu olaylar beni hasta etti. &nbsp;\u201c\u0130\u015f\u00e7inin balyoz gibi patlayan nas\u0131rl\u0131 yumru\u011fu\u201dndan gelip \u00e7ak\u0131ld\u0131\u011f\u0131m\u0131z bu batakl\u0131k, sendikas\u0131zla\u015fma ve i\u015f kazalar\u0131n\u0131n d\u00fczeyi deh\u015fet vericidir. \u0130\u015f\u00e7i s\u0131n\u0131f\u0131n\u0131 etnik, din\u00ee, cinsel vs ayr\u0131mlar temelinde b\u00f6l\u00fcp ufalayan kapitalist sistemi ve bu b\u00f6l\u00fcnmeleri \u201chaklar, \u00f6zg\u00fcrl\u00fckler\u201d olarak anlayan b\u00fct\u00fcn geri zek\u00e2l\u0131 solcular\u0131 daha iyi tan\u0131d\u0131m.<\/p>\n\n\n\n<p>&nbsp;&nbsp;&nbsp; G\u00fcn\u00fcm\u00fczde \u201cD\u00f6rt ki\u015filik bir ailenin ayl\u0131k mutfak masraf\u0131\u2026\u201d diye ba\u015flayan anketler yay\u0131mlayan, 1 May\u0131s\u2019larda Kazanc\u0131 Yoku\u015fu\u2019nun ba\u015f\u0131na gidip \u00e7i\u00e7ek b\u0131rakan sendika &nbsp;y\u00f6neticileri; yak\u0131n durduklar\u0131 partiden milletvekili olmak i\u00e7in ak\u0131ll\u0131 uslu konu\u015fan, d\u00fc\u015f\u00fck profil veren a\u011fz\u0131 kalabal\u0131k, kravatl\u0131 l\u00fcks otomobilli, i\u015fverenle omuz omuza bir milyon fidan diken, T\u0130SK\u2019in d\u00fczenledi\u011fi&nbsp; \u015f\u0131k toplant\u0131larda \u201cye\u015fil ve dijital d\u00f6n\u00fc\u015f\u00fcm\u201d \u00e7al\u0131\u015ftay\u0131 yapan &nbsp;sendika a\u011falar\u0131 g\u00f6z\u00fcme bamba\u015fka \u00e7i\u011f bir \u0131\u015f\u0131kta g\u00f6r\u00fcnd\u00fc.<\/p>\n\n\n\n<p>&nbsp;&nbsp;&nbsp;&nbsp;&nbsp;&nbsp;&nbsp; Neyse uzatmayal\u0131m\u2026<\/p>\n\n\n\n<p>&nbsp;&nbsp;&nbsp;&nbsp;&nbsp;&nbsp;&nbsp; Bug\u00fcn matem g\u00fcn\u00fc. Amasra\u2019daki maden oca\u011f\u0131n\u0131n \u00e7evresi polis ku\u015fatmas\u0131 alt\u0131nda. Ac\u0131l\u0131 aileler \u015fehit tabutlar\u0131n\u0131 omuzlarken, devlet adamlar\u0131 ve siyas\u00eeler \u201cyaralar\u0131 saracaklar,\u201d yorum yapacaklar.<\/p>\n\n\n\n<p>&nbsp;&nbsp;&nbsp;&nbsp;&nbsp;&nbsp;&nbsp; \u015eu kasvetli pazar g\u00fcn\u00fcnde ba\u015fsa\u011fl\u0131\u011f\u0131 ve sab\u0131r dileyen \u00e7ok olur. D\u00fcnyay\u0131 de\u011fi\u015ftirme azmi ve m\u00fccadele g\u00fcc\u00fc dilemek gerekir. Parlak kal\u0131n cil\u00e2 tabakas\u0131n\u0131n alt\u0131ndaki HAK\u0130KAT\u2019ten g\u00f6z\u00fcm\u00fcz\u00fc ay\u0131rmayal\u0131m. Birlikte kesinlikle m\u00fcmk\u00fcn de\u011fil! Halk\u0131n her kesiminin \u00f6rg\u00fctl\u00fc olmas\u0131, hakk\u0131n\u0131 aramas\u0131 gerekir. Demokrasi dedi\u011finiz \u015fey bundan ba\u015fka ne olabilir? &nbsp;<em>Veryans\u0131n<\/em>, 16.10.2022<\/p>\n","protected":false},"excerpt":{"rendered":"<p>Yavuz Alogan T\u00fcrkiye\u2019nin \u00fczerinde kal\u0131n bir cil\u00e2 tabakas\u0131 var. Orta\u00e7a\u011f karanl\u0131\u011f\u0131n\u0131 gizliyor. Medyan\u0131n y\u00fczde doksan sekizine h\u00e2kim olan siyas\u00ee iktidar ve sahte umutlar yayan muhalefet partileri, eylemleri ve s\u00f6ylemleriyle her \u015fey normalmi\u015f gibi bir hava yaratarak bu cil\u00e2 tabakas\u0131n\u0131 s\u00fcrekli yeniliyorlar. &nbsp;&nbsp;&nbsp;&nbsp;&nbsp;&nbsp;&nbsp; \u00dcst\u00fc \u00f6rt\u00fclemeyecek kadar b\u00fcy\u00fck yolsuzluk rezaletleri, kad\u0131n cinayetleri, \u00e7ocuk istismarlar\u0131, deprem felaketleri ve &hellip; <\/p>\n<p class=\"link-more\"><a href=\"http:\/\/yavuzalogan.com\/?p=1215\" class=\"more-link\">Continue reading<span class=\"screen-reader-text\"> &#8220;B\u0130RL\u0130KTE M\u00dcMK\u00dcN DE\u011e\u0130L T\u00dcRK\u0130YE!&#8221;<\/span><\/a><\/p>\n","protected":false},"author":1,"featured_media":0,"comment_status":"open","ping_status":"open","sticky":false,"template":"","format":"standard","meta":{"footnotes":""},"categories":[1],"tags":[],"class_list":["post-1215","post","type-post","status-publish","format-standard","hentry","category-uncategorized"],"_links":{"self":[{"href":"http:\/\/yavuzalogan.com\/index.php?rest_route=\/wp\/v2\/posts\/1215","targetHints":{"allow":["GET"]}}],"collection":[{"href":"http:\/\/yavuzalogan.com\/index.php?rest_route=\/wp\/v2\/posts"}],"about":[{"href":"http:\/\/yavuzalogan.com\/index.php?rest_route=\/wp\/v2\/types\/post"}],"author":[{"embeddable":true,"href":"http:\/\/yavuzalogan.com\/index.php?rest_route=\/wp\/v2\/users\/1"}],"replies":[{"embeddable":true,"href":"http:\/\/yavuzalogan.com\/index.php?rest_route=%2Fwp%2Fv2%2Fcomments&post=1215"}],"version-history":[{"count":1,"href":"http:\/\/yavuzalogan.com\/index.php?rest_route=\/wp\/v2\/posts\/1215\/revisions"}],"predecessor-version":[{"id":1217,"href":"http:\/\/yavuzalogan.com\/index.php?rest_route=\/wp\/v2\/posts\/1215\/revisions\/1217"}],"wp:attachment":[{"href":"http:\/\/yavuzalogan.com\/index.php?rest_route=%2Fwp%2Fv2%2Fmedia&parent=1215"}],"wp:term":[{"taxonomy":"category","embeddable":true,"href":"http:\/\/yavuzalogan.com\/index.php?rest_route=%2Fwp%2Fv2%2Fcategories&post=1215"},{"taxonomy":"post_tag","embeddable":true,"href":"http:\/\/yavuzalogan.com\/index.php?rest_route=%2Fwp%2Fv2%2Ftags&post=1215"}],"curies":[{"name":"wp","href":"https:\/\/api.w.org\/{rel}","templated":true}]}}